{"id":380886,"date":"2022-09-04T14:52:39","date_gmt":"2022-09-04T14:52:39","guid":{"rendered":"https:\/\/dimensionturistica.com\/es\/?p=380886"},"modified":"2022-09-04T14:52:39","modified_gmt":"2022-09-04T14:52:39","slug":"el-caribe-mexicano-refuerza-la-promocion-por-canada","status":"publish","type":"post","link":"https:\/\/dimensionturistica.com\/es\/el-caribe-mexicano-refuerza-la-promocion-por-canada\/","title":{"rendered":"El Caribe Mexicano refuerza la promoci\u00f3n por Canad\u00e1"},"content":{"rendered":"<p>Para continuar reforzando la presencia del mercado canadiense en el Caribe Mexicano, el Consejo de<img decoding=\"async\" class=\"size-medium wp-image-380890 alignright\" src=\"https:\/\/dimensionturistica.com\/es\/wp-content\/uploads\/2022\/09\/CARIBE3-300x225.jpg\" alt=\"\" width=\"300\" height=\"225\" srcset=\"https:\/\/dimensionturistica.com\/es\/wp-content\/uploads\/2022\/09\/CARIBE3-300x225.jpg 300w, https:\/\/dimensionturistica.com\/es\/wp-content\/uploads\/2022\/09\/CARIBE3-1024x768.jpg 1024w, https:\/\/dimensionturistica.com\/es\/wp-content\/uploads\/2022\/09\/CARIBE3-768x576.jpg 768w, https:\/\/dimensionturistica.com\/es\/wp-content\/uploads\/2022\/09\/CARIBE3-1536x1152.jpg 1536w, https:\/\/dimensionturistica.com\/es\/wp-content\/uploads\/2022\/09\/CARIBE3-750x563.jpg 750w, https:\/\/dimensionturistica.com\/es\/wp-content\/uploads\/2022\/09\/CARIBE3-1140x855.jpg 1140w, https:\/\/dimensionturistica.com\/es\/wp-content\/uploads\/2022\/09\/CARIBE3.jpg 1600w\" sizes=\"(max-width: 300px) 100vw, 300px\" \/> Promoci\u00f3n Tur\u00edstica de Quintana Roo, que dirije Dar\u00edo Flota Ocampo, organiz\u00f3 una caravana de promoci\u00f3n en Canad\u00e1 que incluy\u00f3 las principales ciudades emisoras de visitantes hacia nuestros destinos desde ese pa\u00eds: Toronto, Ottawa y Montreal.<br \/>\n\u201cDe cara al cierre de a\u00f1o y nuestra temporada m\u00e1s fuerte, invierno, intensificamos la promoci\u00f3n del Caribe Mexicano para compartir las novedades de los destinos tur\u00edsticos a los agentes de viaje canadienses y sobre la conectividad a\u00e9rea; actualmente llegan a Quintana Roo vuelos directos desde: Calgary, Kitchener, Montreal, Quebec, Toronto y Vancouver, y para los meses de octubre y hasta abril, ya est\u00e1n disponibles m\u00e1s vuelos desde los aeropuertos de: Edmonton, Hamilton, London Ontario, Moncton, Ottawa y Regina; adem\u00e1s del aumento en frecuencias desde Toronto\u201d, coment\u00f3 Dar\u00edo Flota Ocampo, director general del CPTQ.<br \/>\nEl Roadshow Canada, se realiz\u00f3 del 22 al 26 de agosto e incluy\u00f3 reuniones uno a uno con tour operadores y<img decoding=\"async\" class=\"size-medium wp-image-380888 alignright\" src=\"https:\/\/dimensionturistica.com\/es\/wp-content\/uploads\/2022\/09\/CARIBE2-300x225.jpg\" alt=\"\" width=\"300\" height=\"225\" srcset=\"https:\/\/dimensionturistica.com\/es\/wp-content\/uploads\/2022\/09\/CARIBE2-300x225.jpg 300w, https:\/\/dimensionturistica.com\/es\/wp-content\/uploads\/2022\/09\/CARIBE2-1024x768.jpg 1024w, https:\/\/dimensionturistica.com\/es\/wp-content\/uploads\/2022\/09\/CARIBE2-768x576.jpg 768w, https:\/\/dimensionturistica.com\/es\/wp-content\/uploads\/2022\/09\/CARIBE2-1536x1152.jpg 1536w, https:\/\/dimensionturistica.com\/es\/wp-content\/uploads\/2022\/09\/CARIBE2-750x563.jpg 750w, https:\/\/dimensionturistica.com\/es\/wp-content\/uploads\/2022\/09\/CARIBE2-1140x855.jpg 1140w, https:\/\/dimensionturistica.com\/es\/wp-content\/uploads\/2022\/09\/CARIBE2.jpg 1600w\" sizes=\"(max-width: 300px) 100vw, 300px\" \/> aeroli\u00b4neas, eventos y presentaciones ante la industria turistica y prensa, adem\u00e1s de seminarios impartidos ante un total de 300 agentes de viajes, en las tres ciudades.<br \/>\nAlgunos participantes fueron: Air Canada Vacations, Westjet, Air Transat, Sunwing, Travel Leaders, entre otros. Mientras que por parte de la delegaci\u00f3n de Quintana Roo asistieron a esta caravana de promoci\u00f3n: la Asociaci\u00f3n de Hoteles de la Riviera Maya, Asociaci\u00f3n de Hoteles de Cozumel, Courtyard Canc\u00fan Aeropuerto, Fiesta Americana Condesa Canc\u00fan All Inclusive, BlueBay Resorts, Flamingo Canc\u00fan, El Cozumele\u00f1o Beach Resort, The Westin Cozumel, Shuttle Central, Grupo Lomas, The Reef Resorts, Palace Resort &amp; Le Blanc Spa Resorts, Grupo Presidente By IHG, Crown Paradise Club Canc\u00fan &amp; Sensira Resort &amp; Spa Riviera Maya, Iberostar Hotels &amp; Resorts y RIU.<\/p>\n","protected":false},"excerpt":{"rendered":"<p>Para continuar reforzando la presencia del mercado canadiense en el Caribe Mexicano, el Consejo de Promoci\u00f3n Tur\u00edstica de Quintana Roo, que dirije Dar\u00edo Flota Ocampo, organiz\u00f3 una caravana de promoci\u00f3n en Canad\u00e1 que incluy\u00f3 las principales ciudades emisoras de visitantes hacia nuestros destinos desde ese pa\u00eds: Toronto, Ottawa y Montreal. \u201cDe cara al cierre de [&hellip;]<\/p>\n","protected":false},"author":1,"featured_media":380887,"comment_status":"open","ping_status":"closed","sticky":false,"template":"","format":"standard","meta":{"om_disable_all_campaigns":false,"jnews-multi-image_gallery":[],"jnews_single_post":{"source_name":"","source_url":"","via_name":"","via_url":"","override_template":"0","override":[{"template":"1","single_blog_custom":"","parallax":"1","fullscreen":"1","layout":"right-sidebar","sidebar":"default-sidebar","second_sidebar":"default-sidebar","sticky_sidebar":"1","share_position":"top","share_float_style":"share-monocrhome","show_share_counter":"1","show_view_counter":"1","show_featured":"1","show_post_meta":"1","show_post_author":"1","show_post_author_image":"1","show_post_date":"1","post_date_format":"default","post_date_format_custom":"Y\/m\/d","show_post_category":"1","show_post_reading_time":"0","post_reading_time_wpm":"300","show_zoom_button":"0","zoom_button_out_step":"2","zoom_button_in_step":"3","show_post_tag":"1","show_prev_next_post":"1","show_popup_post":"1","number_popup_post":"1","show_author_box":"0","show_post_related":"0","show_inline_post_related":"0"}],"override_image_size":"0","image_override":[{"single_post_thumbnail_size":"crop-500","single_post_gallery_size":"crop-500"}],"trending_post":"0","trending_post_position":"meta","trending_post_label":"Trending","sponsored_post":"0","sponsored_post_label":"Sponsored by","sponsored_post_name":"","sponsored_post_url":"","sponsored_post_logo_enable":"0","sponsored_post_logo":"","sponsored_post_desc":"","disable_ad":"0"},"jnews_primary_category":{"id":""},"jnews_social_meta":{"fb_title":"","fb_description":"","fb_image":"","twitter_title":"","twitter_description":"","twitter_image":""},"footnotes":""},"categories":[39],"tags":[],"class_list":["post-380886","post","type-post","status-publish","format-standard","has-post-thumbnail","hentry","category-viajes"],"_links":{"self":[{"href":"https:\/\/dimensionturistica.com\/es\/wp-json\/wp\/v2\/posts\/380886","targetHints":{"allow":["GET"]}}],"collection":[{"href":"https:\/\/dimensionturistica.com\/es\/wp-json\/wp\/v2\/posts"}],"about":[{"href":"https:\/\/dimensionturistica.com\/es\/wp-json\/wp\/v2\/types\/post"}],"author":[{"embeddable":true,"href":"https:\/\/dimensionturistica.com\/es\/wp-json\/wp\/v2\/users\/1"}],"replies":[{"embeddable":true,"href":"https:\/\/dimensionturistica.com\/es\/wp-json\/wp\/v2\/comments?post=380886"}],"version-history":[{"count":0,"href":"https:\/\/dimensionturistica.com\/es\/wp-json\/wp\/v2\/posts\/380886\/revisions"}],"wp:featuredmedia":[{"embeddable":true,"href":"https:\/\/dimensionturistica.com\/es\/wp-json\/wp\/v2\/media\/380887"}],"wp:attachment":[{"href":"https:\/\/dimensionturistica.com\/es\/wp-json\/wp\/v2\/media?parent=380886"}],"wp:term":[{"taxonomy":"category","embeddable":true,"href":"https:\/\/dimensionturistica.com\/es\/wp-json\/wp\/v2\/categories?post=380886"},{"taxonomy":"post_tag","embeddable":true,"href":"https:\/\/dimensionturistica.com\/es\/wp-json\/wp\/v2\/tags?post=380886"}],"curies":[{"name":"wp","href":"https:\/\/api.w.org\/{rel}","templated":true}]}}