{"id":380836,"date":"2022-09-04T13:14:08","date_gmt":"2022-09-04T13:14:08","guid":{"rendered":"https:\/\/dimensionturistica.com\/es\/?p=380836"},"modified":"2022-09-04T13:14:08","modified_gmt":"2022-09-04T13:14:08","slug":"el-caribe-mexicano-cerro-con-exito-su-participacion-en-la-feria-de-reuniones","status":"publish","type":"post","link":"https:\/\/dimensionturistica.com\/es\/el-caribe-mexicano-cerro-con-exito-su-participacion-en-la-feria-de-reuniones\/","title":{"rendered":"El Caribe Mexicano cerro con \u00e9xito su participaci\u00f3n en La Feria de Reuniones"},"content":{"rendered":"<p><img decoding=\"async\" class=\"size-medium wp-image-380842 alignleft\" src=\"https:\/\/dimensionturistica.com\/es\/wp-content\/uploads\/2022\/09\/ROCIOGONZZALEZ-300x300.jpg\" alt=\"\" width=\"300\" height=\"300\" srcset=\"https:\/\/dimensionturistica.com\/es\/wp-content\/uploads\/2022\/09\/ROCIOGONZZALEZ-300x300.jpg 300w, https:\/\/dimensionturistica.com\/es\/wp-content\/uploads\/2022\/09\/ROCIOGONZZALEZ-150x150.jpg 150w, https:\/\/dimensionturistica.com\/es\/wp-content\/uploads\/2022\/09\/ROCIOGONZZALEZ-768x768.jpg 768w, https:\/\/dimensionturistica.com\/es\/wp-content\/uploads\/2022\/09\/ROCIOGONZZALEZ-75x75.jpg 75w, https:\/\/dimensionturistica.com\/es\/wp-content\/uploads\/2022\/09\/ROCIOGONZZALEZ-350x350.jpg 350w, https:\/\/dimensionturistica.com\/es\/wp-content\/uploads\/2022\/09\/ROCIOGONZZALEZ-750x750.jpg 750w, https:\/\/dimensionturistica.com\/es\/wp-content\/uploads\/2022\/09\/ROCIOGONZZALEZ.jpg 800w\" sizes=\"(max-width: 300px) 100vw, 300px\" \/>En el marco de IBTM Americas 2022, que se llev\u00f3 a cabo los d\u00edas 24 y 25 de agosto en la Ciudad de M\u00e9xico, se realiz\u00f3 una presentaci\u00f3n de destino ante m\u00e1s de 60 organizadores de este segmento de M\u00e9xico y Latinoam\u00e9rica impartida por Roc\u00edo Gonz\u00e1lez Jonguitud, directora de Turismo de Reuniones del Consejo de Promoci\u00f3n Tur\u00edstica de Quintana Roo, quien comparti\u00f3 las bondades que tiene el Caribe Mexicano para la captaci\u00f3n de eventos y grupos.<br \/>\nEn la presentaci\u00f3n se destacaron las principales ventajas del Caribe Mexicano para este sector como la amplia conectividad a\u00e9rea; ya que actualmente cuenta con tres aeropuertos internacionales, y un ascendente n\u00famero de operaciones, por ejemplo el aeropuerto de Canc\u00fan tan solo el 13 de agosto tuvo una programaci\u00f3n de 202 llegadas internacionales y 107 nacionales, siendo un total de 309; adem\u00e1s de los 106 vuelos directos con<img decoding=\"async\" class=\"size-medium wp-image-380840 alignright\" src=\"https:\/\/dimensionturistica.com\/es\/wp-content\/uploads\/2022\/09\/MEXICANO2-300x225.jpg\" alt=\"\" width=\"300\" height=\"225\" srcset=\"https:\/\/dimensionturistica.com\/es\/wp-content\/uploads\/2022\/09\/MEXICANO2-300x225.jpg 300w, https:\/\/dimensionturistica.com\/es\/wp-content\/uploads\/2022\/09\/MEXICANO2-1024x768.jpg 1024w, https:\/\/dimensionturistica.com\/es\/wp-content\/uploads\/2022\/09\/MEXICANO2-768x576.jpg 768w, https:\/\/dimensionturistica.com\/es\/wp-content\/uploads\/2022\/09\/MEXICANO2-750x563.jpg 750w, https:\/\/dimensionturistica.com\/es\/wp-content\/uploads\/2022\/09\/MEXICANO2-1140x855.jpg 1140w, https:\/\/dimensionturistica.com\/es\/wp-content\/uploads\/2022\/09\/MEXICANO2.jpg 1280w\" sizes=\"(max-width: 300px) 100vw, 300px\" \/> ciudades de todo el mundo.<br \/>\n\u201cQuintana Roo no solo ofrece su calidez en el servicio y locaciones ideales para eventos, tambi\u00e9n tiene una gran variedad de actividades culturales, opciones de lugares para compras, parques tem\u00e1ticos, restaurantes y atracciones acu\u00e1ticas, adem\u00e1s contamos con infraestructura hotelera que puede albergar a los asistentes y sus familiares. El Caribe Mexicano tiene 3 centros de convenciones: en Canc\u00fan, Isla Cozumel y Chetumal con capacidades de 700 hasta 6 mil personas\u201d, coment\u00f3 Dar\u00edo Flota Ocampo, director del CPTQ.<br \/>\nAdem\u00e1s, el Caribe Mexicano cuenta con diversos destinos que se adaptan a las modalidades de cualquier evento, lo que hace que la regi\u00f3n sea una de las principales para el Turismo de Reuniones; se pueden encontrar las mejores compa\u00f1\u00edas de proveedur\u00eda para la producci\u00f3n de eventos (mobiliario y decoraci\u00f3n), audio y video,<img decoding=\"async\" class=\"size-medium wp-image-380841 alignright\" src=\"https:\/\/dimensionturistica.com\/es\/wp-content\/uploads\/2022\/09\/MEXICANO3-300x180.jpg\" alt=\"\" width=\"300\" height=\"180\" srcset=\"https:\/\/dimensionturistica.com\/es\/wp-content\/uploads\/2022\/09\/MEXICANO3-300x180.jpg 300w, https:\/\/dimensionturistica.com\/es\/wp-content\/uploads\/2022\/09\/MEXICANO3.jpg 474w\" sizes=\"(max-width: 300px) 100vw, 300px\" \/> servicios aduanales, servicio de banquetes, traducci\u00f3n simult\u00e1nea, entre otros.<br \/>\nDe acuerdo con informaci\u00f3n de los organizadores este a\u00f1o IBTM Americas, reuni\u00f3 alrededor de 4,000 expertos de la Industria de Reuniones, que representaron poco ma\u00b4s de 500 compradores y 2,600 visitantes; asi\u00b4 como 450 empresas expositoras, quienes tuvieron cerca de 10,000 citas, alcanzando oportunidades de negocio de aproximadamente 1,000 millones de do\u00b4lares. Asimismo, se presentaron 17 programas acade\u00b4micos y eventos simulta\u00b4neos, ma\u00b4s de 60 conferencistas de talla internacional y se concretaron 22 alianzas con asociaciones nacionales e internacionales.<\/p>\n","protected":false},"excerpt":{"rendered":"<p>En el marco de IBTM Americas 2022, que se llev\u00f3 a cabo los d\u00edas 24 y 25 de agosto en la Ciudad de M\u00e9xico, se realiz\u00f3 una presentaci\u00f3n de destino ante m\u00e1s de 60 organizadores de este segmento de M\u00e9xico y Latinoam\u00e9rica impartida por Roc\u00edo Gonz\u00e1lez Jonguitud, directora de Turismo de Reuniones del Consejo de [&hellip;]<\/p>\n","protected":false},"author":1,"featured_media":380839,"comment_status":"open","ping_status":"closed","sticky":false,"template":"","format":"standard","meta":{"om_disable_all_campaigns":false,"jnews-multi-image_gallery":[],"jnews_single_post":{"source_name":"","source_url":"","via_name":"","via_url":"","override_template":"0","override":[{"template":"1","single_blog_custom":"","parallax":"1","fullscreen":"1","layout":"right-sidebar","sidebar":"default-sidebar","second_sidebar":"default-sidebar","sticky_sidebar":"1","share_position":"top","share_float_style":"share-monocrhome","show_share_counter":"1","show_view_counter":"1","show_featured":"1","show_post_meta":"1","show_post_author":"1","show_post_author_image":"1","show_post_date":"1","post_date_format":"default","post_date_format_custom":"Y\/m\/d","show_post_category":"1","show_post_reading_time":"0","post_reading_time_wpm":"300","show_zoom_button":"0","zoom_button_out_step":"2","zoom_button_in_step":"3","show_post_tag":"1","show_prev_next_post":"1","show_popup_post":"1","number_popup_post":"1","show_author_box":"0","show_post_related":"0","show_inline_post_related":"0"}],"override_image_size":"0","image_override":[{"single_post_thumbnail_size":"crop-500","single_post_gallery_size":"crop-500"}],"trending_post":"0","trending_post_position":"meta","trending_post_label":"Trending","sponsored_post":"0","sponsored_post_label":"Sponsored by","sponsored_post_name":"","sponsored_post_url":"","sponsored_post_logo_enable":"0","sponsored_post_logo":"","sponsored_post_desc":"","disable_ad":"0"},"jnews_primary_category":{"id":""},"jnews_social_meta":{"fb_title":"","fb_description":"","fb_image":"","twitter_title":"","twitter_description":"","twitter_image":""},"footnotes":""},"categories":[39],"tags":[],"class_list":["post-380836","post","type-post","status-publish","format-standard","has-post-thumbnail","hentry","category-viajes"],"_links":{"self":[{"href":"https:\/\/dimensionturistica.com\/es\/wp-json\/wp\/v2\/posts\/380836","targetHints":{"allow":["GET"]}}],"collection":[{"href":"https:\/\/dimensionturistica.com\/es\/wp-json\/wp\/v2\/posts"}],"about":[{"href":"https:\/\/dimensionturistica.com\/es\/wp-json\/wp\/v2\/types\/post"}],"author":[{"embeddable":true,"href":"https:\/\/dimensionturistica.com\/es\/wp-json\/wp\/v2\/users\/1"}],"replies":[{"embeddable":true,"href":"https:\/\/dimensionturistica.com\/es\/wp-json\/wp\/v2\/comments?post=380836"}],"version-history":[{"count":0,"href":"https:\/\/dimensionturistica.com\/es\/wp-json\/wp\/v2\/posts\/380836\/revisions"}],"wp:featuredmedia":[{"embeddable":true,"href":"https:\/\/dimensionturistica.com\/es\/wp-json\/wp\/v2\/media\/380839"}],"wp:attachment":[{"href":"https:\/\/dimensionturistica.com\/es\/wp-json\/wp\/v2\/media?parent=380836"}],"wp:term":[{"taxonomy":"category","embeddable":true,"href":"https:\/\/dimensionturistica.com\/es\/wp-json\/wp\/v2\/categories?post=380836"},{"taxonomy":"post_tag","embeddable":true,"href":"https:\/\/dimensionturistica.com\/es\/wp-json\/wp\/v2\/tags?post=380836"}],"curies":[{"name":"wp","href":"https:\/\/api.w.org\/{rel}","templated":true}]}}