{"id":380824,"date":"2022-09-04T12:35:57","date_gmt":"2022-09-04T12:35:57","guid":{"rendered":"https:\/\/dimensionturistica.com\/es\/?p=380824"},"modified":"2022-09-04T12:35:57","modified_gmt":"2022-09-04T12:35:57","slug":"un-viaje-entre-pueblos-lagunas-y-cumbres-casi-secretas","status":"publish","type":"post","link":"https:\/\/dimensionturistica.com\/es\/un-viaje-entre-pueblos-lagunas-y-cumbres-casi-secretas\/","title":{"rendered":"un viaje entre pueblos, lagunas y cumbres casi secretas"},"content":{"rendered":"<p> <br \/>\n<\/p>\n<div>\n<p class=\"date\"> <time itemprop=\"dateModified\" datetime=\"2022-09-04T13:02:00+02:00\" data-timestamp=\"1662296520\">&#13;04 de septiembre de 2022 \u00b7 13:02&#13;<\/time>&#13;<\/p>\n<\/div>\n<div id=\"article-sumary\">\n<div class=\"article-txt ad-mobile-top\">\n<p>El techo que la sierra de Urbi\u00f3n le pone a la tierra se alza sobre los 2000 m. A esa altura el aire es di\u00e1fano, como los montes que en ella emergen: Mu\u00f1alba, Zorraqu\u00edn, Tres Provincias o el propio Urbi\u00f3n.<\/p>\n<p>Los Picos de Urbi\u00f3n se reparten entre tres municipios, tres provincias y dos comunidades aut\u00f3nomas. Las cotas m\u00e1s altas est\u00e1n dominadas por un paisaje rocoso, hollado de lagunas excavadas por glaciares. Durante siglos la creencia in style situ\u00f3 en este paraje el origen de las tormentas y recre\u00f3 en sus lagunas de aguas oscuras seres mitol\u00f3gicos, peligros acechantes o misterios \u2013literalmente\u2013 insondables. La m\u00e1s emblem\u00e1tica es la Laguna Negra, escenario del machadiano romance <em>Las tierras de Alvargonz\u00e1lez<\/em> y centro del Parque Pure Laguna Negra y Circos Glaciares de Urbi\u00f3n.<\/p>\n<\/div>\n<\/div>\n\n<p><em> &#8221; Fuentes viajes.nationalgeographic.com.es &#8221; <\/em><\/p>\n","protected":false},"excerpt":{"rendered":"<p>&#13;04 de septiembre de 2022 \u00b7 13:02&#13;&#13; El techo que la sierra de Urbi\u00f3n le pone a la tierra se alza sobre los 2000 m. A esa altura el aire es di\u00e1fano, como los montes que en ella emergen: Mu\u00f1alba, Zorraqu\u00edn, Tres Provincias o el propio Urbi\u00f3n. Los Picos de Urbi\u00f3n se reparten entre tres [&hellip;]<\/p>\n","protected":false},"author":4,"featured_media":380825,"comment_status":"open","ping_status":"closed","sticky":false,"template":"","format":"standard","meta":{"om_disable_all_campaigns":false,"jnews-multi-image_gallery":[],"jnews_single_post":[],"jnews_primary_category":[],"jnews_social_meta":[],"footnotes":""},"categories":[39],"tags":[47258,47257],"class_list":["post-380824","post","type-post","status-publish","format-standard","has-post-thumbnail","hentry","category-viajes","tag-cargado-desde-el-fichero-de-recursos","tag-keywords-por-defecto"],"_links":{"self":[{"href":"https:\/\/dimensionturistica.com\/es\/wp-json\/wp\/v2\/posts\/380824","targetHints":{"allow":["GET"]}}],"collection":[{"href":"https:\/\/dimensionturistica.com\/es\/wp-json\/wp\/v2\/posts"}],"about":[{"href":"https:\/\/dimensionturistica.com\/es\/wp-json\/wp\/v2\/types\/post"}],"author":[{"embeddable":true,"href":"https:\/\/dimensionturistica.com\/es\/wp-json\/wp\/v2\/users\/4"}],"replies":[{"embeddable":true,"href":"https:\/\/dimensionturistica.com\/es\/wp-json\/wp\/v2\/comments?post=380824"}],"version-history":[{"count":0,"href":"https:\/\/dimensionturistica.com\/es\/wp-json\/wp\/v2\/posts\/380824\/revisions"}],"wp:featuredmedia":[{"embeddable":true,"href":"https:\/\/dimensionturistica.com\/es\/wp-json\/wp\/v2\/media\/380825"}],"wp:attachment":[{"href":"https:\/\/dimensionturistica.com\/es\/wp-json\/wp\/v2\/media?parent=380824"}],"wp:term":[{"taxonomy":"category","embeddable":true,"href":"https:\/\/dimensionturistica.com\/es\/wp-json\/wp\/v2\/categories?post=380824"},{"taxonomy":"post_tag","embeddable":true,"href":"https:\/\/dimensionturistica.com\/es\/wp-json\/wp\/v2\/tags?post=380824"}],"curies":[{"name":"wp","href":"https:\/\/api.w.org\/{rel}","templated":true}]}}