{"id":380560,"date":"2022-09-03T19:50:38","date_gmt":"2022-09-03T19:50:38","guid":{"rendered":"https:\/\/dimensionturistica.com\/es\/?p=380560"},"modified":"2022-09-03T19:50:38","modified_gmt":"2022-09-03T19:50:38","slug":"el-caribe-mexicano-presente-en-la-feria-de-turismo-de-reuniones","status":"publish","type":"post","link":"https:\/\/dimensionturistica.com\/es\/el-caribe-mexicano-presente-en-la-feria-de-turismo-de-reuniones\/","title":{"rendered":"El Caribe Mexicano presente en la Feria de Turismo de Reuniones"},"content":{"rendered":"<p><img decoding=\"async\" class=\"size-medium wp-image-380564 alignright\" src=\"https:\/\/dimensionturistica.com\/es\/wp-content\/uploads\/2022\/09\/unnamed-2-5-300x184.jpg\" alt=\"\" width=\"300\" height=\"184\" srcset=\"https:\/\/dimensionturistica.com\/es\/wp-content\/uploads\/2022\/09\/unnamed-2-5-300x184.jpg 300w, https:\/\/dimensionturistica.com\/es\/wp-content\/uploads\/2022\/09\/unnamed-2-5-1024x629.jpg 1024w, https:\/\/dimensionturistica.com\/es\/wp-content\/uploads\/2022\/09\/unnamed-2-5-768x471.jpg 768w, https:\/\/dimensionturistica.com\/es\/wp-content\/uploads\/2022\/09\/unnamed-2-5-750x460.jpg 750w, https:\/\/dimensionturistica.com\/es\/wp-content\/uploads\/2022\/09\/unnamed-2-5-1140x700.jpg 1140w, https:\/\/dimensionturistica.com\/es\/wp-content\/uploads\/2022\/09\/unnamed-2-5.jpg 1264w\" sizes=\"(max-width: 300px) 100vw, 300px\" \/>El Caribe Mexicano participa en IBTM Americas que se lleva a cabo durante los d\u00edas 24 y 25 de agosto en la Ciudad de M\u00e9xico. Con un pabell\u00f3n integrado por empresas tur\u00edsticas enfocadas en grupos y convenciones de Quintana Roo, este d\u00eda se realiz\u00f3 el tradicional corte de list\u00f3n con el que se dio inicio a la agenda que se tiene durante esta feria de turismo dirigida al segmento de Reuniones.<br \/>\nLa ceremonia de inauguraci\u00f3n del pabell\u00f3n del Caribe Mexicano, que tiene una superficie de 54 mts2 y est\u00e1 integrado por: Grupo Xcaret, Hotel Oasis, The top Connection (DMC), Arminas DMC y Fairmont, estuvo encabezada por el director general del Consejo de Promoci\u00f3n Tur\u00edstica de Quintana Roo, Dar\u00edo Flota Ocampo quien estuvo acompa\u00f1ado de algunos expositores as\u00ed como de las integrantes \u00e1rea de Turismo de Reuniones del CPTQ.<br \/>\n\u201cTenemos una agenda de citas programadas con organizadores de eventos que buscan realizarlos este y los siguientes a\u00f1os; venimos a promocionar los destinos tur\u00edsticos de Quintana Roo mostrando todo lo que tiene en infraestructura y conectividad a\u00e9rea. Tenemos los mejores lugares para la realizaci\u00f3n de viajes de incentivo, congresos, convenciones y bodas, y todo lo relacionado a esta importante industria que cada vez se recupera m\u00e1s, prueba de ello es estar hoy aqu\u00ed en IBTM Americas\u201d, coment\u00f3 Dar\u00edo Flota Ocampo, director del CPTQ.<br \/>\nEste mismo d\u00eda, por la ma\u00f1ana, Flota Ocampo particip\u00f3 en el panel: Prioridades y alianzas entre DMO\u2019s y sector p\u00fablico: balanceando oportunidades, donde expuso: \u201cEn el proceso de atraer eventos de la Industria de Reuniones a un destino, hay que considerar que no s\u00f3lo participan el destino y una contraparte, sino que hay otros dos actores que son: la propia organizaci\u00f3n que har\u00e1 la reuni\u00f3n, m\u00e1s el intermediario que se encarga de organizar el evento\u201d.<br \/>\nEn el panel tambi\u00e9n estuvieron Fernando Fondevila, presidente y CEO de Promtur Panam\u00e1 y Carlos de Sebastian, director de las Relaciones de Asociaciones de MCI Group; fue moderado por Ana Mar\u00eda Viscasillas, miembro de las Juntas de las Asociaciones EIC (Events Industry Council) y PCMA (Professional Convention Management<img decoding=\"async\" class=\"size-medium wp-image-380565 alignright\" src=\"https:\/\/dimensionturistica.com\/es\/wp-content\/uploads\/2022\/09\/unnamed-1-6-300x157.jpg\" alt=\"\" width=\"300\" height=\"157\" srcset=\"https:\/\/dimensionturistica.com\/es\/wp-content\/uploads\/2022\/09\/unnamed-1-6-300x157.jpg 300w, https:\/\/dimensionturistica.com\/es\/wp-content\/uploads\/2022\/09\/unnamed-1-6-768x403.jpg 768w, https:\/\/dimensionturistica.com\/es\/wp-content\/uploads\/2022\/09\/unnamed-1-6-750x394.jpg 750w, https:\/\/dimensionturistica.com\/es\/wp-content\/uploads\/2022\/09\/unnamed-1-6.jpg 964w\" sizes=\"(max-width: 300px) 100vw, 300px\" \/> Association, por sus siglas en ingl\u00e9s), adem\u00e1s del presidente del Consejo Mexicano de la Industria de Reuniones (COMIR), Alejandro Ram\u00edrez.<br \/>\n\u201cPara realizar los eventos con \u00e9xito, es necesario trabajar de una manera coordinada para que se logren los objetivos de cada participante; para el destino, lo importante es que dicho evento genere una derrama econ\u00f3mica para la localidad; para la asociaci\u00f3n que lo realice, que su congreso sea exitoso; y para el organizador, es indispensable conciliar los intereses de sus clientes\u201d, a\u00f1adi\u00f3 el director del CPTQ.<br \/>\nSobre IBTM Americas: es el evento para la comunidad de profesionales de la Industria de Reuniones y eventos de las Americas; en donde encuentran m\u00e1s de 400 productos, servicios y soluciones que buscan impulsar a los eventos al siguiente nivel.<\/p>\n","protected":false},"excerpt":{"rendered":"<p>El Caribe Mexicano participa en IBTM Americas que se lleva a cabo durante los d\u00edas 24 y 25 de agosto en la Ciudad de M\u00e9xico. Con un pabell\u00f3n integrado por empresas tur\u00edsticas enfocadas en grupos y convenciones de Quintana Roo, este d\u00eda se realiz\u00f3 el tradicional corte de list\u00f3n con el que se dio inicio [&hellip;]<\/p>\n","protected":false},"author":1,"featured_media":380563,"comment_status":"open","ping_status":"closed","sticky":false,"template":"","format":"standard","meta":{"om_disable_all_campaigns":false,"jnews-multi-image_gallery":[],"jnews_single_post":{"source_name":"","source_url":"","via_name":"","via_url":"","override_template":"0","override":[{"template":"1","single_blog_custom":"","parallax":"1","fullscreen":"1","layout":"right-sidebar","sidebar":"default-sidebar","second_sidebar":"default-sidebar","sticky_sidebar":"1","share_position":"top","share_float_style":"share-monocrhome","show_share_counter":"1","show_view_counter":"1","show_featured":"1","show_post_meta":"1","show_post_author":"1","show_post_author_image":"1","show_post_date":"1","post_date_format":"default","post_date_format_custom":"Y\/m\/d","show_post_category":"1","show_post_reading_time":"0","post_reading_time_wpm":"300","show_zoom_button":"0","zoom_button_out_step":"2","zoom_button_in_step":"3","show_post_tag":"1","show_prev_next_post":"1","show_popup_post":"1","number_popup_post":"1","show_author_box":"0","show_post_related":"0","show_inline_post_related":"0"}],"override_image_size":"0","image_override":[{"single_post_thumbnail_size":"crop-500","single_post_gallery_size":"crop-500"}],"trending_post":"0","trending_post_position":"meta","trending_post_label":"Trending","sponsored_post":"0","sponsored_post_label":"Sponsored by","sponsored_post_name":"","sponsored_post_url":"","sponsored_post_logo_enable":"0","sponsored_post_logo":"","sponsored_post_desc":"","disable_ad":"0"},"jnews_primary_category":{"id":""},"jnews_social_meta":{"fb_title":"","fb_description":"","fb_image":"","twitter_title":"","twitter_description":"","twitter_image":""},"footnotes":""},"categories":[40],"tags":[],"class_list":["post-380560","post","type-post","status-publish","format-standard","has-post-thumbnail","hentry","category-industria"],"_links":{"self":[{"href":"https:\/\/dimensionturistica.com\/es\/wp-json\/wp\/v2\/posts\/380560","targetHints":{"allow":["GET"]}}],"collection":[{"href":"https:\/\/dimensionturistica.com\/es\/wp-json\/wp\/v2\/posts"}],"about":[{"href":"https:\/\/dimensionturistica.com\/es\/wp-json\/wp\/v2\/types\/post"}],"author":[{"embeddable":true,"href":"https:\/\/dimensionturistica.com\/es\/wp-json\/wp\/v2\/users\/1"}],"replies":[{"embeddable":true,"href":"https:\/\/dimensionturistica.com\/es\/wp-json\/wp\/v2\/comments?post=380560"}],"version-history":[{"count":0,"href":"https:\/\/dimensionturistica.com\/es\/wp-json\/wp\/v2\/posts\/380560\/revisions"}],"wp:featuredmedia":[{"embeddable":true,"href":"https:\/\/dimensionturistica.com\/es\/wp-json\/wp\/v2\/media\/380563"}],"wp:attachment":[{"href":"https:\/\/dimensionturistica.com\/es\/wp-json\/wp\/v2\/media?parent=380560"}],"wp:term":[{"taxonomy":"category","embeddable":true,"href":"https:\/\/dimensionturistica.com\/es\/wp-json\/wp\/v2\/categories?post=380560"},{"taxonomy":"post_tag","embeddable":true,"href":"https:\/\/dimensionturistica.com\/es\/wp-json\/wp\/v2\/tags?post=380560"}],"curies":[{"name":"wp","href":"https:\/\/api.w.org\/{rel}","templated":true}]}}