{"id":380356,"date":"2022-09-03T15:42:21","date_gmt":"2022-09-03T15:42:21","guid":{"rendered":"https:\/\/dimensionturistica.com\/es\/?p=380356"},"modified":"2022-09-03T15:42:21","modified_gmt":"2022-09-03T15:42:21","slug":"quintana-roo-sede-del-primer-foro-comir-de-politicas-publicas","status":"publish","type":"post","link":"https:\/\/dimensionturistica.com\/es\/quintana-roo-sede-del-primer-foro-comir-de-politicas-publicas\/","title":{"rendered":"Quintana Roo sede del primer Foro COMIR de pol\u00edticas publicas"},"content":{"rendered":"<p><img decoding=\"async\" class=\"size-medium wp-image-380360 alignright\" src=\"https:\/\/dimensionturistica.com\/es\/wp-content\/uploads\/2022\/09\/unnamed-2-300x169.jpg\" alt=\"\" width=\"300\" height=\"169\" srcset=\"https:\/\/dimensionturistica.com\/es\/wp-content\/uploads\/2022\/09\/unnamed-2-300x169.jpg 300w, https:\/\/dimensionturistica.com\/es\/wp-content\/uploads\/2022\/09\/unnamed-2-1024x576.jpg 1024w, https:\/\/dimensionturistica.com\/es\/wp-content\/uploads\/2022\/09\/unnamed-2-768x432.jpg 768w, https:\/\/dimensionturistica.com\/es\/wp-content\/uploads\/2022\/09\/unnamed-2-1536x864.jpg 1536w, https:\/\/dimensionturistica.com\/es\/wp-content\/uploads\/2022\/09\/unnamed-2-750x422.jpg 750w, https:\/\/dimensionturistica.com\/es\/wp-content\/uploads\/2022\/09\/unnamed-2-1140x641.jpg 1140w, https:\/\/dimensionturistica.com\/es\/wp-content\/uploads\/2022\/09\/unnamed-2.jpg 1600w\" sizes=\"(max-width: 300px) 100vw, 300px\" \/>14 l\u00edderes del sector tur\u00edstico, actores del sector pol\u00edtico, c\u00e1maras, asociaciones y sector privado, analizaron, propusieron y presentaron estrategias para incentivar el sector de la Industria de Reuniones<br \/>\nCanc\u00fan Quintana Roo 12 de agosto de 2022. \u2013 En el marco de la XXVIII edici\u00f3n del Congreso Nacional de la Industria de Reuniones (CNIR), que se celebra del 10 al 12 de agosto en Canc\u00fan, se realiz\u00f3 el Primer Foro de Pol\u00edticas P\u00fablicas del Consejo Mexicano de la Industria de Reuniones (COMIR), que tuvo como tema central la manera en que se puede posicionar a M\u00e9xico dentro de los principales 10 pa\u00edses del mundo en Turismo de Reuniones.<br \/>\nEl foro reuni\u00f3 a 14 l\u00edderes pol\u00edticos, acad\u00e9micos, sector privado especializado, c\u00e1maras y asociaciones, con el objeto de discutir y analizar las pol\u00edticas y acciones que se requieren en el segmento de reuniones, interactuando en una din\u00e1mica de dos bloques donde se abordaron temas como el impacto de la Industria de Reuniones en lo tur\u00edstico, econ\u00f3mico, pol\u00edtico y social; y los retos en materia de facilitaci\u00f3n, fiscal, talento, profesionalizci\u00f3n, promoci\u00f3n y manejo de crisis.<br \/>\nEl Caribe Mexicano, adem\u00e1s de ser sede de estos importantes eventos, estuvo presente dentro del Foro representado por el director general del Consejo de Promoci\u00f3n Tur\u00edstica de Quintana Roo, Dar\u00edo Flota Ocampo, quien durante su intervenci\u00f3n mencion\u00f3 algunos de los retos que enfrenta Quintana Roo, como los derivados del acelerado crecimiento de su poblaci\u00f3n, y resalt\u00f3 la importancia de enfocarse en estrategias que permitan impulsar la sustentabilidad de los destinos tur\u00edsticos con el objetivo de preservar su riqueza natural.<br \/>\nCabe destacar que el Caribe Mexicano cuenta con la Gu\u00eda del Viajero Responsable la cual abarca algunas estrategias para cuidar y preservar los tesoros naturales as\u00ed como a las especies que habitan en ellos; los sitios hist\u00f3ricos y la cultura maya, para que futuras generaciones puedan seguir disfrutando de nuestro para\u00edso.<br \/>\nhttps:\/\/www.caribemexicano.travel\/informacion-de-viaje\/viajero-responsable\/<br \/>\nDentro del Foro estuvieron presentes los expertos: Araceli Ramos Rosaldo, Eduardo Chaillo y Gustavo Staufert y<img decoding=\"async\" class=\"size-medium wp-image-380361 alignright\" src=\"https:\/\/dimensionturistica.com\/es\/wp-content\/uploads\/2022\/09\/unnamed-1-300x216.jpg\" alt=\"\" width=\"300\" height=\"216\" srcset=\"https:\/\/dimensionturistica.com\/es\/wp-content\/uploads\/2022\/09\/unnamed-1-300x216.jpg 300w, https:\/\/dimensionturistica.com\/es\/wp-content\/uploads\/2022\/09\/unnamed-1-1024x737.jpg 1024w, https:\/\/dimensionturistica.com\/es\/wp-content\/uploads\/2022\/09\/unnamed-1-768x553.jpg 768w, https:\/\/dimensionturistica.com\/es\/wp-content\/uploads\/2022\/09\/unnamed-1-1536x1106.jpg 1536w, https:\/\/dimensionturistica.com\/es\/wp-content\/uploads\/2022\/09\/unnamed-1-120x86.jpg 120w, https:\/\/dimensionturistica.com\/es\/wp-content\/uploads\/2022\/09\/unnamed-1-750x540.jpg 750w, https:\/\/dimensionturistica.com\/es\/wp-content\/uploads\/2022\/09\/unnamed-1-1140x821.jpg 1140w, https:\/\/dimensionturistica.com\/es\/wp-content\/uploads\/2022\/09\/unnamed-1.jpg 1600w\" sizes=\"(max-width: 300px) 100vw, 300px\" \/> con ellos, los panelistas: Alejandro Guti\u00e9rrez de Velasco, director general Poliforum Le\u00f3n; Braulio Arsuaga, presidente del Consejo Nacional Empresarial Tur\u00edstico (CNET); Enrique Calder\u00f3n, vicepresidente de operaciones Grupo Posadas; Giancarlo Mulinelli, vicepresidente senior de ventas globales Aerom\u00e9xico; Alejandro Ram\u00edrez Tabche, presidente Consejo Mexicano de la Industria de Reuniones (COMIR).<br \/>\nAsimismo se cont\u00f3 con la participaci\u00f3n de Graciela B\u00e1ez, secretaria general de la C\u00e1mara de Diputados, Jos\u00e9 Navarro Meneses, presidente de la Asociaci\u00f3n Mundial de la Industria de Exposiciones, (UFI por sus siglas en ingl\u00e9s) cap\u00edtulo LATAM; Marisol Schulz Manaut, directora general de la Feria Internacional del Libro de Guadalajara; Manuel Herrera Vega, Diputado Federal; Michelle Fridman Hirsch, secretaria de Fomento Tur\u00edstico Estado de Yucat\u00e1n; Michel Wohlmuth, International Board of Directors (IBOD) MPI Global; Teresa Sol\u00eds, directora Tourism and Regional Development Deloitte, entre otras personalidades.<\/p>\n","protected":false},"excerpt":{"rendered":"<p>14 l\u00edderes del sector tur\u00edstico, actores del sector pol\u00edtico, c\u00e1maras, asociaciones y sector privado, analizaron, propusieron y presentaron estrategias para incentivar el sector de la Industria de Reuniones Canc\u00fan Quintana Roo 12 de agosto de 2022. \u2013 En el marco de la XXVIII edici\u00f3n del Congreso Nacional de la Industria de Reuniones (CNIR), que se [&hellip;]<\/p>\n","protected":false},"author":1,"featured_media":380359,"comment_status":"open","ping_status":"closed","sticky":false,"template":"","format":"standard","meta":{"om_disable_all_campaigns":false,"jnews-multi-image_gallery":[],"jnews_single_post":{"source_name":"","source_url":"","via_name":"","via_url":"","override_template":"0","override":[{"template":"1","single_blog_custom":"","parallax":"1","fullscreen":"1","layout":"right-sidebar","sidebar":"default-sidebar","second_sidebar":"default-sidebar","sticky_sidebar":"1","share_position":"top","share_float_style":"share-monocrhome","show_share_counter":"1","show_view_counter":"1","show_featured":"1","show_post_meta":"1","show_post_author":"1","show_post_author_image":"1","show_post_date":"1","post_date_format":"default","post_date_format_custom":"Y\/m\/d","show_post_category":"1","show_post_reading_time":"0","post_reading_time_wpm":"300","show_zoom_button":"0","zoom_button_out_step":"2","zoom_button_in_step":"3","show_post_tag":"1","show_prev_next_post":"1","show_popup_post":"1","number_popup_post":"1","show_author_box":"0","show_post_related":"0","show_inline_post_related":"0"}],"override_image_size":"0","image_override":[{"single_post_thumbnail_size":"crop-500","single_post_gallery_size":"crop-500"}],"trending_post":"0","trending_post_position":"meta","trending_post_label":"Trending","sponsored_post":"0","sponsored_post_label":"Sponsored by","sponsored_post_name":"","sponsored_post_url":"","sponsored_post_logo_enable":"0","sponsored_post_logo":"","sponsored_post_desc":"","disable_ad":"0"},"jnews_primary_category":{"id":""},"jnews_social_meta":{"fb_title":"","fb_description":"","fb_image":"","twitter_title":"","twitter_description":"","twitter_image":""},"footnotes":""},"categories":[40],"tags":[],"class_list":["post-380356","post","type-post","status-publish","format-standard","has-post-thumbnail","hentry","category-industria"],"_links":{"self":[{"href":"https:\/\/dimensionturistica.com\/es\/wp-json\/wp\/v2\/posts\/380356","targetHints":{"allow":["GET"]}}],"collection":[{"href":"https:\/\/dimensionturistica.com\/es\/wp-json\/wp\/v2\/posts"}],"about":[{"href":"https:\/\/dimensionturistica.com\/es\/wp-json\/wp\/v2\/types\/post"}],"author":[{"embeddable":true,"href":"https:\/\/dimensionturistica.com\/es\/wp-json\/wp\/v2\/users\/1"}],"replies":[{"embeddable":true,"href":"https:\/\/dimensionturistica.com\/es\/wp-json\/wp\/v2\/comments?post=380356"}],"version-history":[{"count":0,"href":"https:\/\/dimensionturistica.com\/es\/wp-json\/wp\/v2\/posts\/380356\/revisions"}],"wp:featuredmedia":[{"embeddable":true,"href":"https:\/\/dimensionturistica.com\/es\/wp-json\/wp\/v2\/media\/380359"}],"wp:attachment":[{"href":"https:\/\/dimensionturistica.com\/es\/wp-json\/wp\/v2\/media?parent=380356"}],"wp:term":[{"taxonomy":"category","embeddable":true,"href":"https:\/\/dimensionturistica.com\/es\/wp-json\/wp\/v2\/categories?post=380356"},{"taxonomy":"post_tag","embeddable":true,"href":"https:\/\/dimensionturistica.com\/es\/wp-json\/wp\/v2\/tags?post=380356"}],"curies":[{"name":"wp","href":"https:\/\/api.w.org\/{rel}","templated":true}]}}