{"id":380252,"date":"2022-09-03T10:09:14","date_gmt":"2022-09-03T10:09:14","guid":{"rendered":"https:\/\/dimensionturistica.com\/es\/?p=380252"},"modified":"2022-09-03T10:09:14","modified_gmt":"2022-09-03T10:09:14","slug":"un-viaje-por-la-provincia-esquivada","status":"publish","type":"post","link":"https:\/\/dimensionturistica.com\/es\/un-viaje-por-la-provincia-esquivada\/","title":{"rendered":"un viaje por la provincia esquivada"},"content":{"rendered":"<p> <br \/>\n<\/p>\n<div>\n<p class=\"date\"> <time itemprop=\"dateModified\" datetime=\"2022-09-03T11:48:00+02:00\" data-timestamp=\"1662205680\">&#13;03 de septiembre de 2022 \u00b7 11:48<\/time>&#13;<\/p>\n<\/div>\n<div id=\"article-sumary\">\n<div class=\"article-txt ad-mobile-top\">\n<p>La floraci\u00f3n de la lavanda, que en verano ti\u00f1e la Alcarria de violeta, es un pretexto ultimate para descubrir los parajes naturales de una provincia caracter\u00edstica por sus hoces caprichosas con lagunas shade turquesa. El <strong>altiplano de Guadalajara<\/strong>, visto desde la \u00fanica autov\u00eda que lo atraviesa, muestra una cara \u00e1spera, curtida por los fr\u00edos y calores extremos. Pero basta con desviarse por alguna carretera secundaria para descubrir c\u00f3mo un terreno que parec\u00eda la piel tensa de un tambor se quiebra con apenas tocarlo y, al asomarnos por sus grietas, aparecen bosques frondosos donde impera la ley del agua.<\/p>\n<\/div>\n<\/div>\n\n<p><em> &#8221; Fuentes viajes.nationalgeographic.com.es &#8221; <\/em><\/p>\n","protected":false},"excerpt":{"rendered":"<p>&#13;03 de septiembre de 2022 \u00b7 11:48&#13; La floraci\u00f3n de la lavanda, que en verano ti\u00f1e la Alcarria de violeta, es un pretexto ultimate para descubrir los parajes naturales de una provincia caracter\u00edstica por sus hoces caprichosas con lagunas shade turquesa. El altiplano de Guadalajara, visto desde la \u00fanica autov\u00eda que lo atraviesa, muestra una [&hellip;]<\/p>\n","protected":false},"author":4,"featured_media":380253,"comment_status":"open","ping_status":"closed","sticky":false,"template":"","format":"standard","meta":{"om_disable_all_campaigns":false,"jnews-multi-image_gallery":[],"jnews_single_post":[],"jnews_primary_category":[],"jnews_social_meta":[],"footnotes":""},"categories":[39],"tags":[47258,47257],"class_list":["post-380252","post","type-post","status-publish","format-standard","has-post-thumbnail","hentry","category-viajes","tag-cargado-desde-el-fichero-de-recursos","tag-keywords-por-defecto"],"_links":{"self":[{"href":"https:\/\/dimensionturistica.com\/es\/wp-json\/wp\/v2\/posts\/380252","targetHints":{"allow":["GET"]}}],"collection":[{"href":"https:\/\/dimensionturistica.com\/es\/wp-json\/wp\/v2\/posts"}],"about":[{"href":"https:\/\/dimensionturistica.com\/es\/wp-json\/wp\/v2\/types\/post"}],"author":[{"embeddable":true,"href":"https:\/\/dimensionturistica.com\/es\/wp-json\/wp\/v2\/users\/4"}],"replies":[{"embeddable":true,"href":"https:\/\/dimensionturistica.com\/es\/wp-json\/wp\/v2\/comments?post=380252"}],"version-history":[{"count":0,"href":"https:\/\/dimensionturistica.com\/es\/wp-json\/wp\/v2\/posts\/380252\/revisions"}],"wp:featuredmedia":[{"embeddable":true,"href":"https:\/\/dimensionturistica.com\/es\/wp-json\/wp\/v2\/media\/380253"}],"wp:attachment":[{"href":"https:\/\/dimensionturistica.com\/es\/wp-json\/wp\/v2\/media?parent=380252"}],"wp:term":[{"taxonomy":"category","embeddable":true,"href":"https:\/\/dimensionturistica.com\/es\/wp-json\/wp\/v2\/categories?post=380252"},{"taxonomy":"post_tag","embeddable":true,"href":"https:\/\/dimensionturistica.com\/es\/wp-json\/wp\/v2\/tags?post=380252"}],"curies":[{"name":"wp","href":"https:\/\/api.w.org\/{rel}","templated":true}]}}