{"id":380079,"date":"2022-09-02T23:37:42","date_gmt":"2022-09-02T23:37:42","guid":{"rendered":"https:\/\/dimensionturistica.com\/es\/?p=380079"},"modified":"2022-09-02T23:37:42","modified_gmt":"2022-09-02T23:37:42","slug":"hoteleros-de-la-riviera-maya-estiman-una-exitosa-temporada-de-verano-con-un-85-por-ciento-de-ocupacion","status":"publish","type":"post","link":"https:\/\/dimensionturistica.com\/es\/hoteleros-de-la-riviera-maya-estiman-una-exitosa-temporada-de-verano-con-un-85-por-ciento-de-ocupacion\/","title":{"rendered":"Hoteleros de la Riviera Maya estiman una exitosa temporada de verano con un 85 por ciento de ocupaci\u00f3n"},"content":{"rendered":"<p><img decoding=\"async\" class=\" wp-image-380084 alignright\" src=\"https:\/\/dimensionturistica.com\/es\/wp-content\/uploads\/2022\/09\/MAYA1-300x199.jpg\" alt=\"\" width=\"259\" height=\"172\" srcset=\"https:\/\/dimensionturistica.com\/es\/wp-content\/uploads\/2022\/09\/MAYA1-300x199.jpg 300w, https:\/\/dimensionturistica.com\/es\/wp-content\/uploads\/2022\/09\/MAYA1.jpg 474w\" sizes=\"(max-width: 259px) 100vw, 259px\" \/> <img decoding=\"async\" class=\" wp-image-380083 alignleft\" src=\"https:\/\/dimensionturistica.com\/es\/wp-content\/uploads\/2022\/09\/El-Presidente-de-la-AHRM-Toni-Chave-300x168.jpg\" alt=\"\" width=\"236\" height=\"132\" srcset=\"https:\/\/dimensionturistica.com\/es\/wp-content\/uploads\/2022\/09\/El-Presidente-de-la-AHRM-Toni-Chave-300x168.jpg 300w, https:\/\/dimensionturistica.com\/es\/wp-content\/uploads\/2022\/09\/El-Presidente-de-la-AHRM-Toni-Chave.jpg 474w\" sizes=\"(max-width: 236px) 100vw, 236px\" \/>La Asociaci\u00f3n de Hoteles de la Riviera Maya confi\u00f3 en que el destino registrar\u00e1 la mejor temporada vacacional de verano de los \u00faltimos cinco a\u00f1os con ocupaciones promedio de m\u00e1s de un 85 por ciento en sus m\u00e1s de 40 mil cuartos de operaci\u00f3n.<br \/>\nEl Presidente de la AHRM, Toni Chaves estim\u00f3 que el presente per\u00edodo vacacional que recientemente inici\u00f3 ser\u00e1 un respiro de aire fresco para los m\u00e1s de 140 hoteles que conforman la agrupaci\u00f3n luego de enfrentar por m\u00e1s<img decoding=\"async\" class=\"size-medium wp-image-380085 alignright\" src=\"https:\/\/dimensionturistica.com\/es\/wp-content\/uploads\/2022\/09\/MAYA2-300x168.jpg\" alt=\"\" width=\"300\" height=\"168\" srcset=\"https:\/\/dimensionturistica.com\/es\/wp-content\/uploads\/2022\/09\/MAYA2-300x168.jpg 300w, https:\/\/dimensionturistica.com\/es\/wp-content\/uploads\/2022\/09\/MAYA2.jpg 474w\" sizes=\"(max-width: 300px) 100vw, 300px\" \/> de dos a\u00f1os la contracci\u00f3n de visitantes y su captaci\u00f3n de ingresos con motivo de la pandemia por COVID-19.<br \/>\n\u201cEstamos viendo signos claros de recuperaci\u00f3n con el alza sostenida de la ocupaci\u00f3n hotelera y afluencia de miles de visitantes deseosos de visitar el Caribe Mexicano luego del confinamiento y las restricciones provocadas por la emergencia sanitaria\u201d, sostuvo el dirigente empresarial, quien no dudo que la demanda de cuartos y llegada de turistas pudiera ser superior a lo registrado en el 2019 antes de la pandemia.<img decoding=\"async\" class=\"size-medium wp-image-380086 alignright\" src=\"https:\/\/dimensionturistica.com\/es\/wp-content\/uploads\/2022\/09\/MAYA3-300x185.jpg\" alt=\"\" width=\"300\" height=\"185\" srcset=\"https:\/\/dimensionturistica.com\/es\/wp-content\/uploads\/2022\/09\/MAYA3-300x185.jpg 300w, https:\/\/dimensionturistica.com\/es\/wp-content\/uploads\/2022\/09\/MAYA3.jpg 474w\" sizes=\"(max-width: 300px) 100vw, 300px\" \/><br \/>\nEl organismo hotelero revel\u00f3 que durante el mes de julio la ocupaci\u00f3n alcanz\u00f3 un 80 por ciento como promedio, teniendo su mejor repunte el pasado fin de semana cuando lleg\u00f3 a alcanzar un 84 por ciento. En el 2021, la AHRM record\u00f3 que la ocupaci\u00f3n hotelera en el mes de julio fue de un 66 por ciento.<br \/>\nEl dirigente hotelero reiter\u00f3 que la Riviera Maya tendr\u00e1 una temporada vacacional exitosa a pesar de los retos que se siguen enfrentando como el recale masivo de sargazo durante ciertos d\u00edas en algunas de las principales playas, la escasez de personal hotelero y los problemas de viabilidad que se presentan en el acceso a Playa del Carmen y la carretera federal que comunica con Canc\u00fan.<img decoding=\"async\" class=\"size-medium wp-image-380087 alignright\" src=\"https:\/\/dimensionturistica.com\/es\/wp-content\/uploads\/2022\/09\/MAYA4-300x168.jpg\" alt=\"\" width=\"300\" height=\"168\" srcset=\"https:\/\/dimensionturistica.com\/es\/wp-content\/uploads\/2022\/09\/MAYA4-300x168.jpg 300w, https:\/\/dimensionturistica.com\/es\/wp-content\/uploads\/2022\/09\/MAYA4.jpg 474w\" sizes=\"(max-width: 300px) 100vw, 300px\" \/><br \/>\n\u201cComo gremio seguiremos motivando a las autoridades a mejorar la imagen de las playas y en facilitar la movilidad de los visitantes dentro del destino, pero nuestra prioridad es brindarles a nuestros hu\u00e9spedes la mejor experiencia vacacional dentro de nuestras instalaciones con un trato c\u00e1lido y servicios de calidad de clase mundial\u201d, destac\u00f3 Toni Chaves.<br \/>\n<img decoding=\"async\" class=\"size-medium wp-image-380088 alignleft\" src=\"https:\/\/dimensionturistica.com\/es\/wp-content\/uploads\/2022\/09\/MAYA5-300x165.jpg\" alt=\"\" width=\"300\" height=\"165\" srcset=\"https:\/\/dimensionturistica.com\/es\/wp-content\/uploads\/2022\/09\/MAYA5-300x165.jpg 300w, https:\/\/dimensionturistica.com\/es\/wp-content\/uploads\/2022\/09\/MAYA5.jpg 474w\" sizes=\"(max-width: 300px) 100vw, 300px\" \/>La Asociaci\u00f3n de Hoteles de la Riviera Maya estim\u00f3 que en estas pr\u00f3ximas semanas casi el 60 por ciento de los visitantes ser\u00e1n nacionales, procedentes especialmente de la Pen\u00ednsula de Yucat\u00e1n as\u00ed como otras ciudades como Monterrey, Guadalajara y la Ciudad de M\u00e9xico.<br \/>\n\u201cEl turismo mexicano tiene la reputaci\u00f3n de ser un visitante que genera una importante derrama econ\u00f3mica, que gusta salir de compras, adquirir tours y dejar buenas propinas\u201d, puntualiz\u00f3.<br \/>\nFinalmente, la Secretar\u00eda Estatal de Turismo estim\u00f3 que en la presente temporada vacacional llegar\u00e1n 3.5 millones de visitantes a Quintana Roo, un 13 por ciento m\u00e1s que el a\u00f1o pasado, y destinos como Canc\u00fan y Riviera Maya recibir\u00e1n la mayor cantidad de paseantes, con 1.4 y 1.1 millones respectivamente.<\/p>\n","protected":false},"excerpt":{"rendered":"<p>La Asociaci\u00f3n de Hoteles de la Riviera Maya confi\u00f3 en que el destino registrar\u00e1 la mejor temporada vacacional de verano de los \u00faltimos cinco a\u00f1os con ocupaciones promedio de m\u00e1s de un 85 por ciento en sus m\u00e1s de 40 mil cuartos de operaci\u00f3n. El Presidente de la AHRM, Toni Chaves estim\u00f3 que el presente [&hellip;]<\/p>\n","protected":false},"author":1,"featured_media":380089,"comment_status":"open","ping_status":"closed","sticky":false,"template":"","format":"standard","meta":{"om_disable_all_campaigns":false,"jnews-multi-image_gallery":[],"jnews_single_post":{"source_name":"","source_url":"","via_name":"","via_url":"","override_template":"0","override":[{"template":"1","single_blog_custom":"","parallax":"1","fullscreen":"1","layout":"right-sidebar","sidebar":"default-sidebar","second_sidebar":"default-sidebar","sticky_sidebar":"1","share_position":"top","share_float_style":"share-monocrhome","show_share_counter":"1","show_view_counter":"1","show_featured":"1","show_post_meta":"1","show_post_author":"1","show_post_author_image":"1","show_post_date":"1","post_date_format":"default","post_date_format_custom":"Y\/m\/d","show_post_category":"1","show_post_reading_time":"0","post_reading_time_wpm":"300","show_zoom_button":"0","zoom_button_out_step":"2","zoom_button_in_step":"3","show_post_tag":"1","show_prev_next_post":"1","show_popup_post":"1","number_popup_post":"1","show_author_box":"0","show_post_related":"0","show_inline_post_related":"0"}],"override_image_size":"0","image_override":[{"single_post_thumbnail_size":"crop-500","single_post_gallery_size":"crop-500"}],"trending_post":"0","trending_post_position":"meta","trending_post_label":"Trending","sponsored_post":"0","sponsored_post_label":"Sponsored by","sponsored_post_name":"","sponsored_post_url":"","sponsored_post_logo_enable":"0","sponsored_post_logo":"","sponsored_post_desc":"","disable_ad":"0"},"jnews_primary_category":{"id":""},"jnews_social_meta":{"fb_title":"","fb_description":"","fb_image":"","twitter_title":"","twitter_description":"","twitter_image":""},"footnotes":""},"categories":[39],"tags":[],"class_list":["post-380079","post","type-post","status-publish","format-standard","has-post-thumbnail","hentry","category-viajes"],"_links":{"self":[{"href":"https:\/\/dimensionturistica.com\/es\/wp-json\/wp\/v2\/posts\/380079","targetHints":{"allow":["GET"]}}],"collection":[{"href":"https:\/\/dimensionturistica.com\/es\/wp-json\/wp\/v2\/posts"}],"about":[{"href":"https:\/\/dimensionturistica.com\/es\/wp-json\/wp\/v2\/types\/post"}],"author":[{"embeddable":true,"href":"https:\/\/dimensionturistica.com\/es\/wp-json\/wp\/v2\/users\/1"}],"replies":[{"embeddable":true,"href":"https:\/\/dimensionturistica.com\/es\/wp-json\/wp\/v2\/comments?post=380079"}],"version-history":[{"count":0,"href":"https:\/\/dimensionturistica.com\/es\/wp-json\/wp\/v2\/posts\/380079\/revisions"}],"wp:featuredmedia":[{"embeddable":true,"href":"https:\/\/dimensionturistica.com\/es\/wp-json\/wp\/v2\/media\/380089"}],"wp:attachment":[{"href":"https:\/\/dimensionturistica.com\/es\/wp-json\/wp\/v2\/media?parent=380079"}],"wp:term":[{"taxonomy":"category","embeddable":true,"href":"https:\/\/dimensionturistica.com\/es\/wp-json\/wp\/v2\/categories?post=380079"},{"taxonomy":"post_tag","embeddable":true,"href":"https:\/\/dimensionturistica.com\/es\/wp-json\/wp\/v2\/tags?post=380079"}],"curies":[{"name":"wp","href":"https:\/\/api.w.org\/{rel}","templated":true}]}}