{"id":379982,"date":"2022-09-02T23:15:54","date_gmt":"2022-09-02T23:15:54","guid":{"rendered":"https:\/\/dimensionturistica.com\/es\/?p=379982"},"modified":"2022-09-02T23:15:54","modified_gmt":"2022-09-02T23:15:54","slug":"sectur-e-hidalgo-entregan-ratificacion-del-nombramiento-a-sus-pueblos-magicos","status":"publish","type":"post","link":"https:\/\/dimensionturistica.com\/es\/sectur-e-hidalgo-entregan-ratificacion-del-nombramiento-a-sus-pueblos-magicos\/","title":{"rendered":"Sectur e Hidalgo entregan ratificaci\u00f3n del nombramiento a sus Pueblos M\u00e1gicos"},"content":{"rendered":"<p><img decoding=\"async\" class=\"size-medium wp-image-380068 alignright\" src=\"https:\/\/dimensionturistica.com\/es\/wp-content\/uploads\/2022\/09\/Fotografia-10-300x239.jpg\" alt=\"\" width=\"300\" height=\"239\" srcset=\"https:\/\/dimensionturistica.com\/es\/wp-content\/uploads\/2022\/09\/Fotografia-10-300x239.jpg 300w, https:\/\/dimensionturistica.com\/es\/wp-content\/uploads\/2022\/09\/Fotografia-10.jpg 450w\" sizes=\"(max-width: 300px) 100vw, 300px\" \/>El secretario de Turismo del Gobierno de M\u00e9xico, Miguel Torruco Marqu\u00e9s, y el gobernador de Hidalgo, Omar Fayad Meneses, entregaron la ratificaci\u00f3n del nombramiento de Pueblos M\u00e1gicos a Huasca de Ocampo, Mineral del Chico, Real del Monte, Huichapan, Tecozautla, Zimap\u00e1n y Zempoala.<br \/>\nAcompa\u00f1ado del secretario de Turismo de Hidalgo, Eduardo Javier Ba\u00f1os G\u00f3mez, el titular de la Secretar\u00eda de Turismo (Sectur) realiz\u00f3 una gira de trabajo, en donde pudo verificar que cumplen con los lineamientos para reafirmar este importante<br \/>\nnombramiento.<br \/>\nEn Mineral del Chico, Torruco Marqu\u00e9s indic\u00f3 que este destino, fundado hace m\u00e1s de 400 a\u00f1os como fruto de la<img decoding=\"async\" class=\"size-medium wp-image-380069 alignright\" src=\"https:\/\/dimensionturistica.com\/es\/wp-content\/uploads\/2022\/09\/Fotografia-11-300x200.jpg\" alt=\"\" width=\"300\" height=\"200\" srcset=\"https:\/\/dimensionturistica.com\/es\/wp-content\/uploads\/2022\/09\/Fotografia-11-300x200.jpg 300w, https:\/\/dimensionturistica.com\/es\/wp-content\/uploads\/2022\/09\/Fotografia-11.jpg 450w\" sizes=\"(max-width: 300px) 100vw, 300px\" \/> explotaci\u00f3n minera en la regi\u00f3n, hoy es la meca del turismo de aventura, gracias a importantes atractivos como su majestuoso Parque Nacional El Chico, ideal para practicar actividades deportivas y de ecoturismo como senderismo, rappel, campismo, ciclismo de monta\u00f1a, entre otras. El presidente municipal Alfredo Hern\u00e1ndez Morales recibi\u00f3 la ratificaci\u00f3n del nombramiento.<br \/>\nLa comitiva se dirigi\u00f3 a Real del Monte, en donde las autoridades federales y estatales fueron recibidas por el alcalde Alejandro Sierra, en este Pueblo M\u00e1gico que forma parte de la ruta Corredor de la Monta\u00f1a, y que es uno de los emblemas tur\u00edsticos del estado.<br \/>\nEl titular de Sectur se\u00f1al\u00f3 que en este pintoresco Pueblo M\u00e1gico, que destaca por su colorida arquitectura,<img decoding=\"async\" class=\"size-medium wp-image-380070 alignright\" src=\"https:\/\/dimensionturistica.com\/es\/wp-content\/uploads\/2022\/09\/Fotografia-12-300x200.jpg\" alt=\"\" width=\"300\" height=\"200\" srcset=\"https:\/\/dimensionturistica.com\/es\/wp-content\/uploads\/2022\/09\/Fotografia-12-300x200.jpg 300w, https:\/\/dimensionturistica.com\/es\/wp-content\/uploads\/2022\/09\/Fotografia-12.jpg 450w\" sizes=\"(max-width: 300px) 100vw, 300px\" \/> calles empedradas, parroquias, museos y un antiguo pante\u00f3n ingl\u00e9s, se disput\u00f3 el primer partido de futbol del pa\u00eds.<br \/>\nLa gira de trabajo continu\u00f3 en Huasca de Ocampo, primer municipio de M\u00e9xico en obtener el nombramiento de Pueblo M\u00e1gico, el 5 de octubre de 2001, y que hoy sigue siendo un referente tur\u00edstico a nivel nacional e internacional, gracias a bellos atractivos como los Prismas Bas\u00e1lticos y sus antiguas haciendas con un alto valor hist\u00f3rico y<br \/>\ncultural.<br \/>\nEn presencia del presidente municipal de Huasca de Ocampo, Francisco Mayoral, el gobernador de Hidalgo, Omar Fayad Meneses, hizo entrega de una propiedad en comodato para la instalaci\u00f3n de un M\u00f3dulo de<img decoding=\"async\" class=\"size-medium wp-image-380071 alignright\" src=\"https:\/\/dimensionturistica.com\/es\/wp-content\/uploads\/2022\/09\/Fotografia-15-300x200.jpg\" alt=\"\" width=\"300\" height=\"200\" srcset=\"https:\/\/dimensionturistica.com\/es\/wp-content\/uploads\/2022\/09\/Fotografia-15-300x200.jpg 300w, https:\/\/dimensionturistica.com\/es\/wp-content\/uploads\/2022\/09\/Fotografia-15.jpg 450w\" sizes=\"(max-width: 300px) 100vw, 300px\" \/> Atenci\u00f3n al Turista a cargo de la<br \/>\nDirecci\u00f3n General de Servicios al Turista \u00c1ngeles Verdes, mediante el cual se facilitar\u00e1 la orientaci\u00f3n, asistencia y auxilio tur\u00edstico de los visitantes de esta regi\u00f3n.<br \/>\nAdem\u00e1s, en este evento, se anunci\u00f3 el lanzamiento de la aplicaci\u00f3n de los \u00c1ngeles Verdes para el sistema iOS, por lo que ahora, esta herramienta tecnol\u00f3gica est\u00e1 disponible para m\u00e1s dispositivos electr\u00f3nicos, en beneficio de los turistas que requieran el apoyo de esta instituci\u00f3n.<br \/>\nEn Huichapan, el presidente municipal Emeterio Moreno Magos acompa\u00f1\u00f3 a las autoridades y representantes empresariales por los principales sitios tur\u00edsticos de este Pueblo M\u00e1gico, entre ellos el Chapitel, en donde se celebr\u00f3 la primera representaci\u00f3n del Grito de Independencia, el 16 de septiembre de 1812. Este Pueblo M\u00e1gico tambi\u00e9n se caracteriza por sus balnearios de aguas termales y amplios espacios para la pr\u00e1ctica de<img decoding=\"async\" class=\"size-medium wp-image-380072 alignright\" src=\"https:\/\/dimensionturistica.com\/es\/wp-content\/uploads\/2022\/09\/Fotografia-16-300x209.jpg\" alt=\"\" width=\"300\" height=\"209\" srcset=\"https:\/\/dimensionturistica.com\/es\/wp-content\/uploads\/2022\/09\/Fotografia-16-300x209.jpg 300w, https:\/\/dimensionturistica.com\/es\/wp-content\/uploads\/2022\/09\/Fotografia-16.jpg 450w\" sizes=\"(max-width: 300px) 100vw, 300px\" \/> ecoturismo, subray\u00f3 Torruco Marqu\u00e9s.<br \/>\nEl secretario de Turismo y el gobernador de Hidalgo firmaron un Convenio de Coordinaci\u00f3n en materia de verificaci\u00f3n en el Pueblo M\u00e1gico de Zimap\u00e1n, que permitir\u00e1 a las autoridades de los tres \u00f3rdenes de gobierno mantener los est\u00e1ndares y<br \/>\nla calidad en los servicios tur\u00edsticos que se ofrecen en la entidad.<br \/>\nLas autoridades tambi\u00e9n inauguraron la Plaza del Huapango, que se integra a la lista de sitios de inter\u00e9s de este Pueblo M\u00e1gico, junto con el Primer Parque Nacional de M\u00e9xico \u201cLos Mormoles\u201d y el Ca\u00f1\u00f3n del Infiernillo, con 400 metros de altura.<br \/>\nAl recibir la ratificaci\u00f3n como Pueblo M\u00e1gico, el presidente municipal de Zimap\u00e1n, Alan Rivera Villanueva entreg\u00f3 a Miguel Torruco Marqu\u00e9s, un reconocimiento como visitante distinguido, por el impulso que ha dado a la localidad en materia tur\u00edstica.<br \/>\nLa gira de trabajo por el estado de Hidalgo concluy\u00f3 en el Pueblo M\u00e1gico de Zempoala, el m\u00e1s reciente en<img decoding=\"async\" class=\"size-medium wp-image-380073 alignright\" src=\"https:\/\/dimensionturistica.com\/es\/wp-content\/uploads\/2022\/09\/Fotografia-19-300x199.jpg\" alt=\"\" width=\"300\" height=\"199\" srcset=\"https:\/\/dimensionturistica.com\/es\/wp-content\/uploads\/2022\/09\/Fotografia-19-300x199.jpg 300w, https:\/\/dimensionturistica.com\/es\/wp-content\/uploads\/2022\/09\/Fotografia-19.jpg 450w\" sizes=\"(max-width: 300px) 100vw, 300px\" \/> sumarse al nombramiento, pues se integr\u00f3 en 2020, y en donde destaca la Hacienda San Juan Pueblilla, creada en 1880 en una extensi\u00f3n de 50 hect\u00e1reas, y el ex Convento de Todos los Santos.<br \/>\nAcompa\u00f1ados del presidente municipal Jes\u00fas Hern\u00e1ndez Ju\u00e1rez, Torruco Marqu\u00e9s destac\u00f3 la importancia que representa para los destinos tener el nombramiento de Pueblos M\u00e1gicos, al incrementar entre seis y ocho por ciento su promedio de<br \/>\nocupaci\u00f3n. Agreg\u00f3 que en el caso de Hidalgo, sus siete Pueblos M\u00e1gicos representan en su conjunto el 8% del PIB Tur\u00edstico Estatal.<br \/>\nPor su parte, el gobernador Fayad Meneses agradeci\u00f3 al titular de Sectur por su apoyo y respaldo en favor de los Pueblos M\u00e1gicos de nuestro pa\u00eds. \u201cEstoy seguro que los Pueblos M\u00e1gicos son el nuevo rostro tur\u00edstico de M\u00e9xico. Los diferentes \u00f3rdenes de gobierno sabemos que el impacto y los beneficios para los mexicanos son<img decoding=\"async\" class=\"size-medium wp-image-380074 alignright\" src=\"https:\/\/dimensionturistica.com\/es\/wp-content\/uploads\/2022\/09\/Fotografia-21-300x200.jpg\" alt=\"\" width=\"300\" height=\"200\" srcset=\"https:\/\/dimensionturistica.com\/es\/wp-content\/uploads\/2022\/09\/Fotografia-21-300x200.jpg 300w, https:\/\/dimensionturistica.com\/es\/wp-content\/uploads\/2022\/09\/Fotografia-21.jpg 450w\" sizes=\"(max-width: 300px) 100vw, 300px\" \/> mayores<br \/>\ncuando trabajamos juntos\u201d apunt\u00f3.<br \/>\nPuntualiz\u00f3 que Hidalgo fue la sede del Primer Tianguis de Pueblos M\u00e1gicos, evento que regresar\u00e1 a la entidad de forma bienal, adem\u00e1s destac\u00f3 la iniciativa por la cual el 5 de octubre se estableci\u00f3 como D\u00eda Nacional de los Pueblos M\u00e1gicos.<br \/>\nEn su oportunidad, el s cretario de Turismo de Hidalgo, Eduardo Javier Ba\u00f1os G\u00f3mez, destac\u00f3 que esta gira de trabajo representa un hecho hist\u00f3rico al ser la primera vez que un secretario de Turismo federal ratifica presencialmente el nombramiento a los<br \/>\nPueblos M\u00e1gicos de la entidad.<br \/>\nDurante toda la gira, las autoridades estuvieron acompa\u00f1adas de Eduardo Iturbe M\u00e9ndez, vocal de transici\u00f3n del gobernador electo, Julio Menchaca Salazar.<\/p>\n","protected":false},"excerpt":{"rendered":"<p>El secretario de Turismo del Gobierno de M\u00e9xico, Miguel Torruco Marqu\u00e9s, y el gobernador de Hidalgo, Omar Fayad Meneses, entregaron la ratificaci\u00f3n del nombramiento de Pueblos M\u00e1gicos a Huasca de Ocampo, Mineral del Chico, Real del Monte, Huichapan, Tecozautla, Zimap\u00e1n y Zempoala. Acompa\u00f1ado del secretario de Turismo de Hidalgo, Eduardo Javier Ba\u00f1os G\u00f3mez, el titular [&hellip;]<\/p>\n","protected":false},"author":1,"featured_media":380067,"comment_status":"open","ping_status":"closed","sticky":false,"template":"","format":"standard","meta":{"om_disable_all_campaigns":false,"jnews-multi-image_gallery":[],"jnews_single_post":{"source_name":"","source_url":"","via_name":"","via_url":"","override_template":"0","override":[{"template":"1","single_blog_custom":"","parallax":"1","fullscreen":"1","layout":"right-sidebar","sidebar":"default-sidebar","second_sidebar":"default-sidebar","sticky_sidebar":"1","share_position":"top","share_float_style":"share-monocrhome","show_share_counter":"1","show_view_counter":"1","show_featured":"1","show_post_meta":"1","show_post_author":"1","show_post_author_image":"1","show_post_date":"1","post_date_format":"default","post_date_format_custom":"Y\/m\/d","show_post_category":"1","show_post_reading_time":"0","post_reading_time_wpm":"300","show_zoom_button":"0","zoom_button_out_step":"2","zoom_button_in_step":"3","show_post_tag":"1","show_prev_next_post":"1","show_popup_post":"1","number_popup_post":"1","show_author_box":"0","show_post_related":"0","show_inline_post_related":"0"}],"override_image_size":"0","image_override":[{"single_post_thumbnail_size":"crop-500","single_post_gallery_size":"crop-500"}],"trending_post":"0","trending_post_position":"meta","trending_post_label":"Trending","sponsored_post":"0","sponsored_post_label":"Sponsored by","sponsored_post_name":"","sponsored_post_url":"","sponsored_post_logo_enable":"0","sponsored_post_logo":"","sponsored_post_desc":"","disable_ad":"0"},"jnews_primary_category":{"id":""},"jnews_social_meta":{"fb_title":"","fb_description":"","fb_image":"","twitter_title":"","twitter_description":"","twitter_image":""},"footnotes":""},"categories":[39],"tags":[],"class_list":["post-379982","post","type-post","status-publish","format-standard","has-post-thumbnail","hentry","category-viajes"],"_links":{"self":[{"href":"https:\/\/dimensionturistica.com\/es\/wp-json\/wp\/v2\/posts\/379982","targetHints":{"allow":["GET"]}}],"collection":[{"href":"https:\/\/dimensionturistica.com\/es\/wp-json\/wp\/v2\/posts"}],"about":[{"href":"https:\/\/dimensionturistica.com\/es\/wp-json\/wp\/v2\/types\/post"}],"author":[{"embeddable":true,"href":"https:\/\/dimensionturistica.com\/es\/wp-json\/wp\/v2\/users\/1"}],"replies":[{"embeddable":true,"href":"https:\/\/dimensionturistica.com\/es\/wp-json\/wp\/v2\/comments?post=379982"}],"version-history":[{"count":0,"href":"https:\/\/dimensionturistica.com\/es\/wp-json\/wp\/v2\/posts\/379982\/revisions"}],"wp:featuredmedia":[{"embeddable":true,"href":"https:\/\/dimensionturistica.com\/es\/wp-json\/wp\/v2\/media\/380067"}],"wp:attachment":[{"href":"https:\/\/dimensionturistica.com\/es\/wp-json\/wp\/v2\/media?parent=379982"}],"wp:term":[{"taxonomy":"category","embeddable":true,"href":"https:\/\/dimensionturistica.com\/es\/wp-json\/wp\/v2\/categories?post=379982"},{"taxonomy":"post_tag","embeddable":true,"href":"https:\/\/dimensionturistica.com\/es\/wp-json\/wp\/v2\/tags?post=379982"}],"curies":[{"name":"wp","href":"https:\/\/api.w.org\/{rel}","templated":true}]}}