{"id":379797,"date":"2022-09-02T14:05:26","date_gmt":"2022-09-02T14:05:26","guid":{"rendered":"https:\/\/dimensionturistica.com\/es\/?p=379797"},"modified":"2022-09-02T14:15:15","modified_gmt":"2022-09-02T14:15:15","slug":"adh-atelier-de-hoteles-apoya-al-crit-y-beneficia-a-32-ninos-quintanarroenses","status":"publish","type":"post","link":"https:\/\/dimensionturistica.com\/es\/adh-atelier-de-hoteles-apoya-al-crit-y-beneficia-a-32-ninos-quintanarroenses\/","title":{"rendered":"ADH &#8211; ATELIER de Hoteles apoya al CRIT y beneficia a 32 ni\u00f1os quintanarroenses"},"content":{"rendered":"<p><img decoding=\"async\" class=\"size-medium wp-image-379819 alignleft\" src=\"https:\/\/dimensionturistica.com\/es\/wp-content\/uploads\/2022\/09\/SUBASTA-CRIT-ADH-AGOS-22-300x200.jpg\" alt=\"\" width=\"300\" height=\"200\" srcset=\"https:\/\/dimensionturistica.com\/es\/wp-content\/uploads\/2022\/09\/SUBASTA-CRIT-ADH-AGOS-22-300x200.jpg 300w, https:\/\/dimensionturistica.com\/es\/wp-content\/uploads\/2022\/09\/SUBASTA-CRIT-ADH-AGOS-22-1024x682.jpg 1024w, https:\/\/dimensionturistica.com\/es\/wp-content\/uploads\/2022\/09\/SUBASTA-CRIT-ADH-AGOS-22-768x512.jpg 768w, https:\/\/dimensionturistica.com\/es\/wp-content\/uploads\/2022\/09\/SUBASTA-CRIT-ADH-AGOS-22-750x500.jpg 750w, https:\/\/dimensionturistica.com\/es\/wp-content\/uploads\/2022\/09\/SUBASTA-CRIT-ADH-AGOS-22-1140x760.jpg 1140w, https:\/\/dimensionturistica.com\/es\/wp-content\/uploads\/2022\/09\/SUBASTA-CRIT-ADH-AGOS-22.jpg 1280w\" sizes=\"(max-width: 300px) 100vw, 300px\" \/>ATELIER de Hoteles, la cadena hotelera mexicana reconocida por su innovador concepto de Hospitalidad Hecha a Mano\u00ae, particip\u00f3 como patrocinador principal en la Gala de Arte \u201cMi expresi\u00f3n al mundo, vibraciones de M\u00e9xico\u201d, organizada por el Centro de Rehabilitaci\u00f3n e Inclusi\u00f3n Infantil (CRIT) Quintana Roo.<br \/>\nEl evento altruista se celebr\u00f3 con el objetivo de recaudar fondos en beneficio de la instituci\u00f3n y, en espec\u00edfico, de 32 peque\u00f1os que asisten a las instalaciones del CRIT Quintana Roo a recibir sus terapias.<br \/>\n\u201cTodos los que formamos parte de la familia ATELIER de Hoteles estamos muy emocionados de sumar<img decoding=\"async\" class=\"size-medium wp-image-379820 alignright\" src=\"https:\/\/dimensionturistica.com\/es\/wp-content\/uploads\/2022\/09\/SUBASTA-CRIT-ADH-AGOSTO23-300x200.jpg\" alt=\"\" width=\"300\" height=\"200\" srcset=\"https:\/\/dimensionturistica.com\/es\/wp-content\/uploads\/2022\/09\/SUBASTA-CRIT-ADH-AGOSTO23-300x200.jpg 300w, https:\/\/dimensionturistica.com\/es\/wp-content\/uploads\/2022\/09\/SUBASTA-CRIT-ADH-AGOSTO23-1024x682.jpg 1024w, https:\/\/dimensionturistica.com\/es\/wp-content\/uploads\/2022\/09\/SUBASTA-CRIT-ADH-AGOSTO23-768x512.jpg 768w, https:\/\/dimensionturistica.com\/es\/wp-content\/uploads\/2022\/09\/SUBASTA-CRIT-ADH-AGOSTO23-750x500.jpg 750w, https:\/\/dimensionturistica.com\/es\/wp-content\/uploads\/2022\/09\/SUBASTA-CRIT-ADH-AGOSTO23-1140x760.jpg 1140w, https:\/\/dimensionturistica.com\/es\/wp-content\/uploads\/2022\/09\/SUBASTA-CRIT-ADH-AGOSTO23.jpg 1280w\" sizes=\"(max-width: 300px) 100vw, 300px\" \/> esfuerzos a esta noble causa, abanderada por el CRIT Quintana Roo. Para ADH es importante ser parte activa y promover continuamente la participaci\u00f3n en iniciativas dirigidas a apoyar las necesidades sociales, particularmente en las que se involucra al sector infantil\u201d, mencion\u00f3 Oliver Reinhart CEO de GrupoBD, corporativo al que pertenece ADH &#8211; ATELIER de Hoteles.<br \/>\nEl evento principal de la Gala de Arte fue la subasta de 32 hermosas obras, elaboradas por ni\u00f1os, bajo la direcci\u00f3n del artista pl\u00e1stico Juan Carlos Santoscoy, reconocido por su arte abstracto, inspirado en ra\u00edces mexicanas y quien ha participado en diversas exposiciones alrededor de mundo.<\/p>\n","protected":false},"excerpt":{"rendered":"<p>ATELIER de Hoteles, la cadena hotelera mexicana reconocida por su innovador concepto de Hospitalidad Hecha a Mano\u00ae, particip\u00f3 como patrocinador principal en la Gala de Arte \u201cMi expresi\u00f3n al mundo, vibraciones de M\u00e9xico\u201d, organizada por el Centro de Rehabilitaci\u00f3n e Inclusi\u00f3n Infantil (CRIT) Quintana Roo. El evento altruista se celebr\u00f3 con el objetivo de recaudar [&hellip;]<\/p>\n","protected":false},"author":1,"featured_media":379824,"comment_status":"open","ping_status":"closed","sticky":false,"template":"","format":"standard","meta":{"om_disable_all_campaigns":false,"jnews-multi-image_gallery":[],"jnews_single_post":{"source_name":"","source_url":"","via_name":"","via_url":"","override_template":"0","override":[{"template":"1","single_blog_custom":"","parallax":"1","fullscreen":"1","layout":"right-sidebar","sidebar":"default-sidebar","second_sidebar":"default-sidebar","sticky_sidebar":"1","share_position":"top","share_float_style":"share-monocrhome","show_share_counter":"1","show_view_counter":"1","show_featured":"1","show_post_meta":"1","show_post_author":"1","show_post_author_image":"1","show_post_date":"1","post_date_format":"default","post_date_format_custom":"Y\/m\/d","show_post_category":"1","show_post_reading_time":"0","post_reading_time_wpm":"300","show_zoom_button":"0","zoom_button_out_step":"2","zoom_button_in_step":"3","show_post_tag":"1","show_prev_next_post":"1","show_popup_post":"1","number_popup_post":"1","show_author_box":"0","show_post_related":"0","show_inline_post_related":"0"}],"override_image_size":"0","image_override":[{"single_post_thumbnail_size":"crop-500","single_post_gallery_size":"crop-500"}],"trending_post":"0","trending_post_position":"meta","trending_post_label":"Trending","sponsored_post":"0","sponsored_post_label":"Sponsored by","sponsored_post_name":"","sponsored_post_url":"","sponsored_post_logo_enable":"0","sponsored_post_logo":"","sponsored_post_desc":"","disable_ad":"0"},"jnews_primary_category":{"id":""},"jnews_social_meta":{"fb_title":"","fb_description":"","fb_image":"","twitter_title":"","twitter_description":"","twitter_image":""},"footnotes":""},"categories":[40],"tags":[],"class_list":["post-379797","post","type-post","status-publish","format-standard","has-post-thumbnail","hentry","category-industria"],"_links":{"self":[{"href":"https:\/\/dimensionturistica.com\/es\/wp-json\/wp\/v2\/posts\/379797","targetHints":{"allow":["GET"]}}],"collection":[{"href":"https:\/\/dimensionturistica.com\/es\/wp-json\/wp\/v2\/posts"}],"about":[{"href":"https:\/\/dimensionturistica.com\/es\/wp-json\/wp\/v2\/types\/post"}],"author":[{"embeddable":true,"href":"https:\/\/dimensionturistica.com\/es\/wp-json\/wp\/v2\/users\/1"}],"replies":[{"embeddable":true,"href":"https:\/\/dimensionturistica.com\/es\/wp-json\/wp\/v2\/comments?post=379797"}],"version-history":[{"count":0,"href":"https:\/\/dimensionturistica.com\/es\/wp-json\/wp\/v2\/posts\/379797\/revisions"}],"wp:featuredmedia":[{"embeddable":true,"href":"https:\/\/dimensionturistica.com\/es\/wp-json\/wp\/v2\/media\/379824"}],"wp:attachment":[{"href":"https:\/\/dimensionturistica.com\/es\/wp-json\/wp\/v2\/media?parent=379797"}],"wp:term":[{"taxonomy":"category","embeddable":true,"href":"https:\/\/dimensionturistica.com\/es\/wp-json\/wp\/v2\/categories?post=379797"},{"taxonomy":"post_tag","embeddable":true,"href":"https:\/\/dimensionturistica.com\/es\/wp-json\/wp\/v2\/tags?post=379797"}],"curies":[{"name":"wp","href":"https:\/\/api.w.org\/{rel}","templated":true}]}}