{"id":379760,"date":"2022-09-02T13:23:25","date_gmt":"2022-09-02T13:23:25","guid":{"rendered":"https:\/\/dimensionturistica.com\/es\/?p=379760"},"modified":"2022-09-02T13:27:22","modified_gmt":"2022-09-02T13:27:22","slug":"el-evento-de-salud-mas-grande-de-mexico-llega-a-su-ix-edicion-se-realizara-el-12-y-13-de-noviembre-en-el-salon-candiles-del-hospital-espanol-en-polanco-cdmx","status":"publish","type":"post","link":"https:\/\/dimensionturistica.com\/es\/el-evento-de-salud-mas-grande-de-mexico-llega-a-su-ix-edicion-se-realizara-el-12-y-13-de-noviembre-en-el-salon-candiles-del-hospital-espanol-en-polanco-cdmx\/","title":{"rendered":"El evento de salud m\u00e1s grande de M\u00e9xico llega a su IX edici\u00f3n, se realizar\u00e1 el 12 y 13 de noviembre en el Sal\u00f3n Candiles del Hospital Espa\u00f1ol en Polanco, Cdmx."},"content":{"rendered":"<p><img decoding=\"async\" class=\"size-medium wp-image-379776 alignleft\" src=\"https:\/\/dimensionturistica.com\/es\/wp-content\/uploads\/2022\/09\/INGRID2-300x230.jpg\" alt=\"\" width=\"300\" height=\"230\" srcset=\"https:\/\/dimensionturistica.com\/es\/wp-content\/uploads\/2022\/09\/INGRID2-300x230.jpg 300w, https:\/\/dimensionturistica.com\/es\/wp-content\/uploads\/2022\/09\/INGRID2.jpg 445w\" sizes=\"(max-width: 300px) 100vw, 300px\" \/><\/p>\n<p>Bajo la premisa de que estar bien no es una moda, es un estilo de vida, BienFest 2022, el movimiento de bienestar m\u00e1s importante de M\u00e9xico plantea experimentar una vida saludable a partir de las acciones responsables que se toman y se adoptan d\u00eda con d\u00eda para el cuidado del cuerpo, la mente y el esp\u00edritu, e invita a sus asistentes a Vivir el nuevo universo de la Salud.<\/p>\n<p>Con la presencia de la conductora Ingrid Coronado, Embajadora del evento, dieron a conocer que en esta IX edici\u00f3n, BienFest contar\u00e1 con la informaci\u00f3n respaldada cient\u00edficamente m\u00e1s actual y experiencias inmersivas acerca de la salud desde un enfoque personalizado y como parte de un estilo de vida preventivo. Reforzar\u00e1 las recomendaciones para atender las secuelas de salud que dej\u00f3 la pandemia por Covid19, ya que mientras<img decoding=\"async\" class=\"size-medium wp-image-379782 alignleft\" src=\"https:\/\/dimensionturistica.com\/es\/wp-content\/uploads\/2022\/09\/INGRID5-300x195.jpg\" alt=\"\" width=\"300\" height=\"195\" srcset=\"https:\/\/dimensionturistica.com\/es\/wp-content\/uploads\/2022\/09\/INGRID5-300x195.jpg 300w, https:\/\/dimensionturistica.com\/es\/wp-content\/uploads\/2022\/09\/INGRID5.jpg 450w\" sizes=\"(max-width: 300px) 100vw, 300px\" \/> muchas personas han mejorado sus h\u00e1bitos, tras los periodos de vacunaci\u00f3n un sector de la poblaci\u00f3n empez\u00f3 a bajar la guardia, sin atender las secuelas post COVID, dejando de lado el autocuidado, as\u00ed como las acciones que permiten una salud integral.<br \/>\nEn esta ocasi\u00f3n, el evento estar\u00e1 dividido en siete \u00e1reas, donde se presentar\u00e1n las categor\u00edas de bienestar, que en conjunto completan la salud, cada una tendr\u00e1 un color que har\u00e1 alusi\u00f3n a cada tipo de tem\u00e1tica y contar\u00e1 con experiencias educativas y recursos para una vida integral. El BienFest se realizar\u00e1 los d\u00edas 12 y 13 de noviembre en el sal\u00f3n Candiles del Hospital Espa\u00f1ol, en la colonia Polanco de la Ciudad de M\u00e9xico.<\/p>\n<p><img decoding=\"async\" class=\"size-medium wp-image-379778 alignleft\" src=\"https:\/\/dimensionturistica.com\/es\/wp-content\/uploads\/2022\/09\/INGRID4-300x187.jpg\" alt=\"\" width=\"300\" height=\"187\" srcset=\"https:\/\/dimensionturistica.com\/es\/wp-content\/uploads\/2022\/09\/INGRID4-300x187.jpg 300w, https:\/\/dimensionturistica.com\/es\/wp-content\/uploads\/2022\/09\/INGRID4.jpg 450w\" sizes=\"(max-width: 300px) 100vw, 300px\" \/><\/p>\n<p>Explicaron que el BienFest facilita los recursos, motiva y educa activamente a las personas y organizaciones para que lleven una vida saludable, se sientan en plenitud y sean felices; para ello, promueve una alimentaci\u00f3n saludable, el descanso, actividades y relaciones interpersonales sanas para poder prevenir de mejor manera cualquier enfermedad o incluso contrarrestarla.<br \/>\n\u201cDespu\u00e9s de la pandemia ya tenemos que dar vuelta a la p\u00e1gina, en BienFest te invitamos a hacerte responsable de tus decisiones, empezar por a trav\u00e9s del autoconocimiento, entender tus necesidades espec\u00edficas y vivir el nuevo universo de la salud.\u201d, manifest\u00f3 Ade Alvarado.<\/p>\n<p><img decoding=\"async\" class=\"size-medium wp-image-379775 alignleft\" src=\"https:\/\/dimensionturistica.com\/es\/wp-content\/uploads\/2022\/09\/INGRID1-225x300.jpg\" alt=\"\" width=\"225\" height=\"300\" srcset=\"https:\/\/dimensionturistica.com\/es\/wp-content\/uploads\/2022\/09\/INGRID1-225x300.jpg 225w, https:\/\/dimensionturistica.com\/es\/wp-content\/uploads\/2022\/09\/INGRID1.jpg 450w\" sizes=\"(max-width: 225px) 100vw, 225px\" \/><\/p>\n<p>As\u00ed, el BienFest se ha convertido en la plataforma de BienEstar integral n\u00famero uno en M\u00e9xico y en los pa\u00edses de habla hispana, con la participaci\u00f3n de expertos, la exposici\u00f3n de los mejores productos en el mercado y las herramientas educativas para poner todo en pr\u00e1ctica, a trav\u00e9s de conferencias, expositores, talleres, clases y m\u00fasica.<br \/>\nAlgunas de las marcas que se encontrar\u00e1n participando en BienFest 2022<\/p>\n<p><img decoding=\"async\" class=\"size-medium wp-image-379777 alignright\" src=\"https:\/\/dimensionturistica.com\/es\/wp-content\/uploads\/2022\/09\/INGRID3-300x177.jpg\" alt=\"\" width=\"300\" height=\"177\" srcset=\"https:\/\/dimensionturistica.com\/es\/wp-content\/uploads\/2022\/09\/INGRID3-300x177.jpg 300w, https:\/\/dimensionturistica.com\/es\/wp-content\/uploads\/2022\/09\/INGRID3.jpg 450w\" sizes=\"(max-width: 300px) 100vw, 300px\" \/><\/p>\n<p>son: San Pablo Natural, MicrobiotFit, Simplex, Kangen M\u00e9xico, Flaska, Daclaf, Veryg\u00fcel, Farmacias M\u00e9dicor, Aires de Campo y Centro Qi.<br \/>\nEn este marco, tambi\u00e9n se llevar\u00e1n a cabo los BienPremios, tambi\u00e9n conocidos como: Los Oscares del Mundo del BienEstar, que reconocen a las personas, marcas y organizaciones que han hecho un esfuerzo para impulsar el desarrollo del BienEstar a nivel local o global. Estos reconocimientos, que en esta edici\u00f3n premiar\u00e1n a lo mejor del 2022, se dividen en seis ramas que son productos alimenticios, moda y belleza, estilo de vida y deportes, y dos grupos que son: especialistas y personalidades, as\u00ed como empresas y organizaciones<\/p>\n","protected":false},"excerpt":{"rendered":"<p>Bajo la premisa de que estar bien no es una moda, es un estilo de vida, BienFest 2022, el movimiento de bienestar m\u00e1s importante de M\u00e9xico plantea experimentar una vida saludable a partir de las acciones responsables que se toman y se adoptan d\u00eda con d\u00eda para el cuidado del cuerpo, la mente y el [&hellip;]<\/p>\n","protected":false},"author":1,"featured_media":379783,"comment_status":"open","ping_status":"closed","sticky":false,"template":"","format":"standard","meta":{"om_disable_all_campaigns":false,"jnews-multi-image_gallery":[],"jnews_single_post":{"source_name":"","source_url":"","via_name":"","via_url":"","override_template":"0","override":[{"template":"1","single_blog_custom":"","parallax":"1","fullscreen":"1","layout":"right-sidebar","sidebar":"default-sidebar","second_sidebar":"default-sidebar","sticky_sidebar":"1","share_position":"top","share_float_style":"share-monocrhome","show_share_counter":"1","show_view_counter":"1","show_featured":"1","show_post_meta":"1","show_post_author":"1","show_post_author_image":"1","show_post_date":"1","post_date_format":"default","post_date_format_custom":"Y\/m\/d","show_post_category":"1","show_post_reading_time":"0","post_reading_time_wpm":"300","show_zoom_button":"0","zoom_button_out_step":"2","zoom_button_in_step":"3","show_post_tag":"1","show_prev_next_post":"1","show_popup_post":"1","number_popup_post":"1","show_author_box":"0","show_post_related":"0","show_inline_post_related":"0"}],"override_image_size":"0","image_override":[{"single_post_thumbnail_size":"crop-500","single_post_gallery_size":"crop-500"}],"trending_post":"0","trending_post_position":"meta","trending_post_label":"Trending","sponsored_post":"0","sponsored_post_label":"Sponsored by","sponsored_post_name":"","sponsored_post_url":"","sponsored_post_logo_enable":"0","sponsored_post_logo":"","sponsored_post_desc":"","disable_ad":"0"},"jnews_primary_category":{"id":""},"jnews_social_meta":{"fb_title":"","fb_description":"","fb_image":"","twitter_title":"","twitter_description":"","twitter_image":""},"footnotes":""},"categories":[40],"tags":[],"class_list":["post-379760","post","type-post","status-publish","format-standard","has-post-thumbnail","hentry","category-industria"],"_links":{"self":[{"href":"https:\/\/dimensionturistica.com\/es\/wp-json\/wp\/v2\/posts\/379760","targetHints":{"allow":["GET"]}}],"collection":[{"href":"https:\/\/dimensionturistica.com\/es\/wp-json\/wp\/v2\/posts"}],"about":[{"href":"https:\/\/dimensionturistica.com\/es\/wp-json\/wp\/v2\/types\/post"}],"author":[{"embeddable":true,"href":"https:\/\/dimensionturistica.com\/es\/wp-json\/wp\/v2\/users\/1"}],"replies":[{"embeddable":true,"href":"https:\/\/dimensionturistica.com\/es\/wp-json\/wp\/v2\/comments?post=379760"}],"version-history":[{"count":0,"href":"https:\/\/dimensionturistica.com\/es\/wp-json\/wp\/v2\/posts\/379760\/revisions"}],"wp:featuredmedia":[{"embeddable":true,"href":"https:\/\/dimensionturistica.com\/es\/wp-json\/wp\/v2\/media\/379783"}],"wp:attachment":[{"href":"https:\/\/dimensionturistica.com\/es\/wp-json\/wp\/v2\/media?parent=379760"}],"wp:term":[{"taxonomy":"category","embeddable":true,"href":"https:\/\/dimensionturistica.com\/es\/wp-json\/wp\/v2\/categories?post=379760"},{"taxonomy":"post_tag","embeddable":true,"href":"https:\/\/dimensionturistica.com\/es\/wp-json\/wp\/v2\/tags?post=379760"}],"curies":[{"name":"wp","href":"https:\/\/api.w.org\/{rel}","templated":true}]}}