{"id":379631,"date":"2022-09-02T08:43:03","date_gmt":"2022-09-02T08:43:03","guid":{"rendered":"https:\/\/dimensionturistica.com\/es\/?p=379631"},"modified":"2022-09-02T08:43:03","modified_gmt":"2022-09-02T08:43:03","slug":"la-region-de-murcia-se-vende-en-noruega-y-promociona-las-conexiones-de-corvera-con-oslo-y-bergen","status":"publish","type":"post","link":"https:\/\/dimensionturistica.com\/es\/la-region-de-murcia-se-vende-en-noruega-y-promociona-las-conexiones-de-corvera-con-oslo-y-bergen\/","title":{"rendered":"La Regi\u00f3n de Murcia se vende en Noruega y promociona las conexiones de Corvera con Oslo y Bergen"},"content":{"rendered":"<p> <br \/>\n<\/p>\n<div>\n<p>MURCIA. La <strong>Consejer\u00eda de Turismo<\/strong> refuerza la <strong>promoci\u00f3n tur\u00edstica<\/strong> de la Regi\u00f3n de Murcia en <strong>Noruega\u00a0<\/strong>a trav\u00e9s de su participaci\u00f3n en un evento que re\u00fane a profesionales del sector, organizado por la Asociaci\u00f3n de Oficinas Tur\u00edsticas de Noruega y que se celebra en las ciudades de <strong>Trondheim, Bergen y Oslo<\/strong>, los d\u00edas <strong>29, 30 y 31 de agosto<\/strong>, respectivamente.<\/p>\n<p>La Comunidad Aut\u00f3noma, que cuenta con el respaldo de la Oficina Espa\u00f1ola de Turismo (OET) en Oslo, est\u00e1 aprovechando estas jornadas para presentar la totalidad de la oferta tur\u00edstica regional ante turoperadores, agentes de viajes y medios de comunicaci\u00f3n noruegos, as\u00ed como para destacar la reactivaci\u00f3n de <strong>las conexiones entre el Aeropuerto Internacional de la Regi\u00f3n de Murcia y las ciudades de Bergen y Oslo.<\/strong><\/p>\n<p>El director del Instituto de Turismo, <strong>Juan Francisco Mart\u00ednez<\/strong>, destac\u00f3 que \u201ca trav\u00e9s de estos encuentros, se promocionan algunos productos de la Regi\u00f3n ya consolidados en esta zona, como el golf, as\u00ed como otros con gran potencial de crecimiento como el turismo azul en la Costa C\u00e1lida durante todo el a\u00f1o y el turismo de salud y bienestar\u201d.<\/p>\n<p>Los Pa\u00edses N\u00f3rdicos fueron, durante el primer semestre de 2022, el <strong>cuarto mercado emisor de turismo internacional<\/strong> a la Regi\u00f3n, con 20.997 turistas, lo que representa una cuota sobre el complete de viajeros extranjeros recibidos del 5,9%, seg\u00fan la estad\u00edstica de Frontur del Instituto Nacional de Estad\u00edstica (INE).<\/p>\n<p>Estos turistas son los que mayor gasto han generado en la Regi\u00f3n este a\u00f1o, 51 millones de euros, s\u00f3lo por detr\u00e1s de Reino Unido, 169,1 millones de euros, lo que supone una cuota del complete del gasto internacional del 12,3%, seg\u00fan Egatur.<\/p>\n<\/div>\n<p><script>\n    !function(f,b,e,v,n,t,s)\n    {if(f.fbq)return;n=f.fbq=function(){n.callMethod?\n            n.callMethod.apply(n,arguments):n.queue.push(arguments)};\n        if(!f._fbq)f._fbq=n;n.push=n;n.loaded=!0;n.version='2.0';\n        n.queue=[];t=b.createElement(e);t.async=!0;\n        t.src=v;s=b.getElementsByTagName(e)[0];\n        s.parentNode.insertBefore(t,s)}(window, document,'script',\n            'https:\/\/connect.facebook.net\/en_US\/fbevents.js');\n    fbq('init', '442703999710590');\n    fbq('track', 'PageView');\n<\/script><br \/>\n<br \/><\/p>\n<p><em> &#8221; Fuentes murciaplaza.com &#8221; <\/em><\/p>\n","protected":false},"excerpt":{"rendered":"<p>MURCIA. La Consejer\u00eda de Turismo refuerza la promoci\u00f3n tur\u00edstica de la Regi\u00f3n de Murcia en Noruega\u00a0a trav\u00e9s de su participaci\u00f3n en un evento que re\u00fane a profesionales del sector, organizado por la Asociaci\u00f3n de Oficinas Tur\u00edsticas de Noruega y que se celebra en las ciudades de Trondheim, Bergen y Oslo, los d\u00edas 29, 30 y [&hellip;]<\/p>\n","protected":false},"author":4,"featured_media":379632,"comment_status":"open","ping_status":"closed","sticky":false,"template":"","format":"standard","meta":{"om_disable_all_campaigns":false,"jnews-multi-image_gallery":[],"jnews_single_post":[],"jnews_primary_category":[],"jnews_social_meta":[],"footnotes":""},"categories":[40],"tags":[2758,544],"class_list":["post-379631","post","type-post","status-publish","format-standard","has-post-thumbnail","hentry","category-industria","tag-noruega","tag-turismo"],"_links":{"self":[{"href":"https:\/\/dimensionturistica.com\/es\/wp-json\/wp\/v2\/posts\/379631","targetHints":{"allow":["GET"]}}],"collection":[{"href":"https:\/\/dimensionturistica.com\/es\/wp-json\/wp\/v2\/posts"}],"about":[{"href":"https:\/\/dimensionturistica.com\/es\/wp-json\/wp\/v2\/types\/post"}],"author":[{"embeddable":true,"href":"https:\/\/dimensionturistica.com\/es\/wp-json\/wp\/v2\/users\/4"}],"replies":[{"embeddable":true,"href":"https:\/\/dimensionturistica.com\/es\/wp-json\/wp\/v2\/comments?post=379631"}],"version-history":[{"count":0,"href":"https:\/\/dimensionturistica.com\/es\/wp-json\/wp\/v2\/posts\/379631\/revisions"}],"wp:featuredmedia":[{"embeddable":true,"href":"https:\/\/dimensionturistica.com\/es\/wp-json\/wp\/v2\/media\/379632"}],"wp:attachment":[{"href":"https:\/\/dimensionturistica.com\/es\/wp-json\/wp\/v2\/media?parent=379631"}],"wp:term":[{"taxonomy":"category","embeddable":true,"href":"https:\/\/dimensionturistica.com\/es\/wp-json\/wp\/v2\/categories?post=379631"},{"taxonomy":"post_tag","embeddable":true,"href":"https:\/\/dimensionturistica.com\/es\/wp-json\/wp\/v2\/tags?post=379631"}],"curies":[{"name":"wp","href":"https:\/\/api.w.org\/{rel}","templated":true}]}}