{"id":379625,"date":"2022-09-02T08:26:41","date_gmt":"2022-09-02T08:26:41","guid":{"rendered":"https:\/\/dimensionturistica.com\/es\/?p=379625"},"modified":"2022-09-02T08:26:41","modified_gmt":"2022-09-02T08:26:41","slug":"desarticulan-un-grupo-criminal-en-mont-roig-que-prostituia-a-mujeres-extranjeras","status":"publish","type":"post","link":"https:\/\/dimensionturistica.com\/es\/desarticulan-un-grupo-criminal-en-mont-roig-que-prostituia-a-mujeres-extranjeras\/","title":{"rendered":"Desarticulan un grupo criminal en Mont-roig que prostitu\u00eda a mujeres extranjeras"},"content":{"rendered":"<p> <br \/>\n<\/p>\n<div>\n<p class=\"p_1\">Agentes de Polic\u00eda Nacional procedieron a inspeccionar un native en la localidad de Mont-Roig del Camp, tras detectarse a finales del pasado a\u00f1o numerosos anuncios de prostituci\u00f3n publicados en diversas p\u00e1ginas de Web y en las que se ofertaban servicios sexuales de mujeres en la misma zona.<\/p>\n<p class=\"p_2\">Fruto de las gestiones iniciadas en noviembre de 2021, se pudo identificar a varios miembros de una misma organizaci\u00f3n y que realizaban distintas funciones dentro de \u00e9sta. El m\u00e1ximo responsable de la crimson, de nacionalidad francesa, se dedicaba a recaudar el dinero y contaba con un testaferro de nacionalidad espa\u00f1ola como titular del native. Otros de los miembros de la organizaci\u00f3n eran los encargados de trasladar a las chicas en veh\u00edculos y publicitar la actividad mediante anuncios, as\u00ed como de controlarlas en su actividad laboral y private.<\/p>\n<p class=\"p_3\">En el momento de la inspecci\u00f3n se pudo constatar la presencia de as soon as personas de diversas nacionalidades entre las que se encontraban seis mujeres de origen colombiano, dos de ellas en situaci\u00f3n irregular en Espa\u00f1a.<\/p>\n<p class=\"p_4\">El modus operandi de esta organizaci\u00f3n period captar a mujeres extranjeras y en situaci\u00f3n irregular que se encontraran en condiciones precarias y con elevadas necesidades econ\u00f3micas y aprovech\u00e1ndose de esa situaci\u00f3n, que prestasen servicios sexuales en el establecimiento.<\/p>\n<p class=\"p_5\">Las mujeres con las que se entrevistaron los agentes declararon que eran obligadas a estar disponibles durante las 24 horas al d\u00eda, los siete d\u00edas de la semana para realizar servicios sexuales en caso de que acudiera alg\u00fan cliente, teniendo terminantemente prohibido salir del native a partir de las 16.00 h., que period cuando m\u00e1s afluencia hab\u00eda. Adem\u00e1s, la organizaci\u00f3n les detra\u00eda de sus beneficios los gastos de alimentaci\u00f3n, alojamiento y aseo entre otros, por lo que de esa manera eran coaccionadas a vivir en un anexo al prost\u00edbulo de reducidas dimensiones y en condiciones precarias.<\/p>\n<p class=\"p_6\">La operaci\u00f3n llevada a cabo por la UCRIF de Tarragona (Unidad Contra Redes de Inmigraci\u00f3n y Falsedades Documentales), ha contado con la colaboraci\u00f3n con la Polic\u00eda Native de Mont-Roig del Camp, se desarroll\u00f3 en dos fases y culmin\u00f3 el pasado mes de agosto con la detenci\u00f3n de sus seis integrantes, significando que tres de ellos ya hab\u00edan sido detenidos previamente por actividades similares.<\/p>\n<p class=\"p_7\">Los detenidos fueron puestos a disposici\u00f3n del Juzgado de Instrucci\u00f3n N\u00famero Cuatro de Reus, quedando posteriormente en libertad.<\/p>\n<p class=\"p_8\"><b>\u201cCon la Trata no hay trato: den\u00fancialo\u201d<\/b><\/p>\n<p class=\"p_9\">Cabe recordar que en la prevenci\u00f3n y detecci\u00f3n de este tipo de delitos es elementary la colaboraci\u00f3n ciudadana, toda vez que, en muchos de estos casos, \u00fanicamente se precisa de un native o una vivienda ubicada en cualquier barrio. Por ello, si conoce o sospecha de un posible prost\u00edbulo contacte con la Polic\u00eda Nacional a trav\u00e9s de los canales oficiales.<\/p>\n<p class=\"p_10\">Esta operaci\u00f3n se enmarca dentro del Plan de la Polic\u00eda Nacional contra la Trata de Seres Humanos con Fines de Explotaci\u00f3n Sexual, puesto en marcha en 2013 y que motiv\u00f3 la activaci\u00f3n de la l\u00ednea telef\u00f3nica 900.10.50.90 y el correo trata@policia.es para facilitar la colaboraci\u00f3n ciudadana y la denuncia, an\u00f3nima y confidencial, de este tipo de delitos.<\/p>\n<\/p><\/div>\n\n<p><em> &#8221; Fuentes www.diaridetarragona.com &#8221; <\/em><\/p>\n","protected":false},"excerpt":{"rendered":"<p>Agentes de Polic\u00eda Nacional procedieron a inspeccionar un native en la localidad de Mont-Roig del Camp, tras detectarse a finales del pasado a\u00f1o numerosos anuncios de prostituci\u00f3n publicados en diversas p\u00e1ginas de Web y en las que se ofertaban servicios sexuales de mujeres en la misma zona. Fruto de las gestiones iniciadas en noviembre de [&hellip;]<\/p>\n","protected":false},"author":4,"featured_media":379626,"comment_status":"open","ping_status":"closed","sticky":false,"template":"","format":"standard","meta":{"om_disable_all_campaigns":false,"jnews-multi-image_gallery":[],"jnews_single_post":[],"jnews_primary_category":[],"jnews_social_meta":[],"footnotes":""},"categories":[40],"tags":[40351],"class_list":["post-379625","post","type-post","status-publish","format-standard","has-post-thumbnail","hentry","category-industria","tag-trata"],"_links":{"self":[{"href":"https:\/\/dimensionturistica.com\/es\/wp-json\/wp\/v2\/posts\/379625","targetHints":{"allow":["GET"]}}],"collection":[{"href":"https:\/\/dimensionturistica.com\/es\/wp-json\/wp\/v2\/posts"}],"about":[{"href":"https:\/\/dimensionturistica.com\/es\/wp-json\/wp\/v2\/types\/post"}],"author":[{"embeddable":true,"href":"https:\/\/dimensionturistica.com\/es\/wp-json\/wp\/v2\/users\/4"}],"replies":[{"embeddable":true,"href":"https:\/\/dimensionturistica.com\/es\/wp-json\/wp\/v2\/comments?post=379625"}],"version-history":[{"count":0,"href":"https:\/\/dimensionturistica.com\/es\/wp-json\/wp\/v2\/posts\/379625\/revisions"}],"wp:featuredmedia":[{"embeddable":true,"href":"https:\/\/dimensionturistica.com\/es\/wp-json\/wp\/v2\/media\/379626"}],"wp:attachment":[{"href":"https:\/\/dimensionturistica.com\/es\/wp-json\/wp\/v2\/media?parent=379625"}],"wp:term":[{"taxonomy":"category","embeddable":true,"href":"https:\/\/dimensionturistica.com\/es\/wp-json\/wp\/v2\/categories?post=379625"},{"taxonomy":"post_tag","embeddable":true,"href":"https:\/\/dimensionturistica.com\/es\/wp-json\/wp\/v2\/tags?post=379625"}],"curies":[{"name":"wp","href":"https:\/\/api.w.org\/{rel}","templated":true}]}}