{"id":379617,"date":"2022-09-02T08:04:21","date_gmt":"2022-09-02T08:04:21","guid":{"rendered":"https:\/\/dimensionturistica.com\/es\/?p=379617"},"modified":"2022-09-02T08:04:21","modified_gmt":"2022-09-02T08:04:21","slug":"japon-vuelve-a-permitir-los-viajes-individuales","status":"publish","type":"post","link":"https:\/\/dimensionturistica.com\/es\/japon-vuelve-a-permitir-los-viajes-individuales\/","title":{"rendered":"Jap\u00f3n vuelve a permitir los viajes individuales"},"content":{"rendered":"<p> <br \/>\n<\/p>\n<div>\n<p class=\"date\"> <time itemprop=\"dateModified\" datetime=\"2022-09-02T09:45:00+02:00\" data-timestamp=\"1662111900\">&#13;02 de septiembre de 2022 \u00b7 09:45<\/time>&#13;<\/p>\n<\/div>\n<div id=\"article-sumary\">\n<div class=\"article-txt ad-mobile-top\">\n<p>A principios de junio, el gobierno japon\u00e9s y la Oficina Nacional de Turismo de Jap\u00f3n (JNTO) anunciaron el fin de la cuarentena para los turistas espa\u00f1oles, aunque se mantuvo\u00a0la obligatoriedad de viajar en grupo y de presentar una prueba PCR negativa. El pasado 31 de agosto,\u00a0el Primer Ministro Kishida anunci\u00f3 una nueva fase en la relajaci\u00f3n de las medidas de entrada al pa\u00eds: <strong>a partir del 7 de septiembre, ya no ser\u00e1 necesario contratar un gu\u00eda, <\/strong>aunque s\u00ed que deber\u00e1 organizarse el viaje a trav\u00e9s de una agencia\u00a0responsable de ayudar a los viajeros a conseguir su visado.<\/p>\n<\/div>\n<\/div>\n<div id=\"article-text\">\n<div class=\"txt\">\n<aside class=\"subscription-highlighted\">\n<div class=\"subscription-container\">\n<div class=\"non-subscribed\">\n<p class=\"description\">Somos de rutas, no de rutinas. Descubre Viajes Nationwide Geographic<\/p>\n<p><a rel=\"nofollow noopener\" target=\"_blank\" href=\"https:\/\/tienda.rbarevistas.com\/por-que-viajes-national-geographic.html?rba_source=viajes.nationalgeographic.com.es&amp;rba_medium=referral&amp;rba_campaign=NGMV&amp;rba_content=frase-articulo\" class=\"more-link\">SABER M\u00c1S<\/a><\/div>\n<\/div>\n<\/aside>\n<p style=\"display: none;\"><img decoding=\"async\" id=\"ctl01_ctl00_phMain_phMain_ctl00_ctl02_ctl17_ctl01_imgContent\" src=\"https:\/\/viajes.nationalgeographic.com.es\/medio\/2022\/05\/30\/japon-covid_537ce946_800x800.jpeg\" alt=\"japon-covid\" style=\"border-width:0px;\"\/><\/p>\n<aside class=\"add300x250 publi-interior-top ad-container-r1 ad-inline\"\/>\n<p>Asimismo, las personas que dispongan de un certificado de vacunaci\u00f3n v\u00e1lido que acredite que ha recibido las 3 dosis de la vacuna<strong> estar\u00e1n exentas de presentar una prueba PCR o check de ant\u00edgenos como hasta ahora.<\/strong> Si no se tiene la pauta completa de vacunaci\u00f3n, seguir\u00e1 siendo necesario realizar la prueba en las 72 horas previas al viaje.<\/p>\n<blockquote>\n<p>Estamos estudiando la direcci\u00f3n de las medidas fronterizas para entrar pr\u00f3ximamente en una nueva fase&#8221;, dijo en rueda de prensa el portavoz gubernamental nip\u00f3n, Hirokazu Matsuno.<\/p>\n<\/blockquote>\n<p>Las nuevas medidas de relajaci\u00f3n tambi\u00e9n aumentar\u00e1n el n\u00famero de turistas diarios que pueden entrar al pa\u00eds: hasta ahora el cupo estaba limitado a 20.000 personas, a partir del 7 de septiembre <strong>aumentar\u00e1 a 50.000.<\/strong><\/p>\n<figure class=\"thumb zoom\"><img loading=\"lazy\" decoding=\"async\" sizes=\"auto, 100vw\" srcset=\"https:\/\/viajes.nationalgeographic.com.es\/medio\/2022\/05\/30\/japon-covid-kobe_dcf0bd7f_720x480.jpeg 720w,https:\/\/viajes.nationalgeographic.com.es\/medio\/2022\/05\/30\/japon-covid-kobe_6cadceef_1200x800.jpeg 1200w\" src=\"https:\/\/viajes.nationalgeographic.com.es\/medio\/2022\/05\/30\/japon-covid-kobe_6cadceef_1200x800.jpeg\" alt=\"japon-covid-kobe\" class=\"lazyload\" width=\"1200\" height=\"800\" data-aspectratio=\"1200\/800\"\/><noscript><img decoding=\"async\" src=\"https:\/\/viajes.nationalgeographic.com.es\/medio\/2022\/05\/30\/japon-covid-kobe_6cadceef_1200x800.jpeg\" alt=\"japon-covid-kobe\"\/><\/noscript><\/p>\n<p>&#13;<figcaption class=\"by\">&#13;Foto: iStock<\/figcaption>&#13;<\/p>\n<\/figure>\n<h3>Turismo en Jap\u00f3n<\/h3>\n<p>El pa\u00eds recibi\u00f3 un r\u00e9cord de m\u00e1s de 30 millones de turistas extranjeros en 2019 y estaba en camino de alcanzar su objetivo de 40 millones en 2020, antes de la pandemia. Los dos a\u00f1os en que Jap\u00f3n prohibi\u00f3 la entrada de viajeros, solo permiti\u00f3 el regreso de los ciudadanos japoneses y residentes extranjeros, una pol\u00edtica que golpe\u00f3 de lleno a la industria del turismo y a la econom\u00eda native.<\/p>\n<p>La apertura gradual el 10 de junio afecta a 36 pa\u00edses y regiones que tienen la situaci\u00f3n de COVID relativamente estable. Adem\u00e1s de Espa\u00f1a y los pa\u00edses de la UE, Reino Unido y Canad\u00e1 tambi\u00e9n est\u00e1n entre los seleccionados para probar las nuevas medidas, destinadas a llevar Jap\u00f3n a un paso m\u00e1s cerca del escenario pre-pandemia.<\/p>\n<p>Jap\u00f3n es el \u00fanico miembro del G7 que todav\u00eda est\u00e1 limitando el n\u00famero de visitantes, pero en esta primera fase, el pa\u00eds ya anunci\u00f3 tambi\u00e9n un plan para reiniciar los vuelos internacionales al Nuevo Aeropuerto de Chitose en Hokkaido, adem\u00e1s del Aeropuerto de Naha en Okinawa a finales de junio. Ambos sirven como puertas de entrada a las zonas tur\u00edsticas m\u00e1s populares.<\/p>\n<aside class=\"add300x600 publi-interior-bot ad-inline ad-container-r2\"\/><\/div>\n<p><!-- START: tags-rel  --><!-- END: tags-rel   --><br \/>\n<!-- START:toolbar --><!-- END:toolbar --><\/div>\n\n<p><em> &#8221; Fuentes viajes.nationalgeographic.com.es &#8221; <\/em><\/p>\n","protected":false},"excerpt":{"rendered":"<p>&#13;02 de septiembre de 2022 \u00b7 09:45&#13; A principios de junio, el gobierno japon\u00e9s y la Oficina Nacional de Turismo de Jap\u00f3n (JNTO) anunciaron el fin de la cuarentena para los turistas espa\u00f1oles, aunque se mantuvo\u00a0la obligatoriedad de viajar en grupo y de presentar una prueba PCR negativa. El pasado 31 de agosto,\u00a0el Primer Ministro [&hellip;]<\/p>\n","protected":false},"author":4,"featured_media":379618,"comment_status":"open","ping_status":"closed","sticky":false,"template":"","format":"standard","meta":{"om_disable_all_campaigns":false,"jnews-multi-image_gallery":[],"jnews_single_post":[],"jnews_primary_category":[],"jnews_social_meta":[],"footnotes":""},"categories":[39],"tags":[47258,47257],"class_list":["post-379617","post","type-post","status-publish","format-standard","has-post-thumbnail","hentry","category-viajes","tag-cargado-desde-el-fichero-de-recursos","tag-keywords-por-defecto"],"_links":{"self":[{"href":"https:\/\/dimensionturistica.com\/es\/wp-json\/wp\/v2\/posts\/379617","targetHints":{"allow":["GET"]}}],"collection":[{"href":"https:\/\/dimensionturistica.com\/es\/wp-json\/wp\/v2\/posts"}],"about":[{"href":"https:\/\/dimensionturistica.com\/es\/wp-json\/wp\/v2\/types\/post"}],"author":[{"embeddable":true,"href":"https:\/\/dimensionturistica.com\/es\/wp-json\/wp\/v2\/users\/4"}],"replies":[{"embeddable":true,"href":"https:\/\/dimensionturistica.com\/es\/wp-json\/wp\/v2\/comments?post=379617"}],"version-history":[{"count":0,"href":"https:\/\/dimensionturistica.com\/es\/wp-json\/wp\/v2\/posts\/379617\/revisions"}],"wp:featuredmedia":[{"embeddable":true,"href":"https:\/\/dimensionturistica.com\/es\/wp-json\/wp\/v2\/media\/379618"}],"wp:attachment":[{"href":"https:\/\/dimensionturistica.com\/es\/wp-json\/wp\/v2\/media?parent=379617"}],"wp:term":[{"taxonomy":"category","embeddable":true,"href":"https:\/\/dimensionturistica.com\/es\/wp-json\/wp\/v2\/categories?post=379617"},{"taxonomy":"post_tag","embeddable":true,"href":"https:\/\/dimensionturistica.com\/es\/wp-json\/wp\/v2\/tags?post=379617"}],"curies":[{"name":"wp","href":"https:\/\/api.w.org\/{rel}","templated":true}]}}