{"id":379492,"date":"2022-09-02T01:02:03","date_gmt":"2022-09-02T01:02:03","guid":{"rendered":"https:\/\/dimensionturistica.com\/es\/?p=379492"},"modified":"2022-09-02T01:02:03","modified_gmt":"2022-09-02T01:02:03","slug":"invierte-hermosillo-en-seguridad-y-turismo-con-festival-del-globo","status":"publish","type":"post","link":"https:\/\/dimensionturistica.com\/es\/invierte-hermosillo-en-seguridad-y-turismo-con-festival-del-globo\/","title":{"rendered":"Invierte Hermosillo en seguridad y turismo con Festival del Globo"},"content":{"rendered":"<p><img decoding=\"async\" class=\"size-medium wp-image-379504 alignright\" src=\"https:\/\/dimensionturistica.com\/es\/wp-content\/uploads\/2022\/09\/HERMOSILLO1-300x169.jpg\" alt=\"\" width=\"300\" height=\"169\" srcset=\"https:\/\/dimensionturistica.com\/es\/wp-content\/uploads\/2022\/09\/HERMOSILLO1-300x169.jpg 300w, https:\/\/dimensionturistica.com\/es\/wp-content\/uploads\/2022\/09\/HERMOSILLO1.jpg 450w\" sizes=\"(max-width: 300px) 100vw, 300px\" \/>Una invitaci\u00f3n general realiz\u00f3 el Presidente Municipal de Hermosillo a visitar la capital de Sonora que ofrece hospitalidad, buena gastronom\u00eda y tranquilidad, donde adem\u00e1s durante octubre se realizar\u00e1 el Festival del Globo.<br \/>\nSe esperan m\u00e1s de 20 mil visitantes en el Festival del Globo Hermosillo, que se desarrollar\u00e1 los d\u00edas 15 y 16 de octubre, teniendo como sedes la zona del Parque Econatura y el Estadio Sonora con la presentaci\u00f3n estelar del cantante Aleks Syntek.<br \/>\n\u201cHermosillo es un lugar bonito, seguro, es un lugar al que vale la pena visitar y yo celebro que con este tipo de alianzas con la sociedad civil organizada podamos ver este tipo de proyectos, lo que hoy es el primer Festival del Globo, estoy seguro que ser\u00e1 una tradici\u00f3n\u201d, destac\u00f3 Astiazar\u00e1n Guti\u00e9rrez, presidente municipal de la capital de Sonora.<br \/>\nSubray\u00f3 que Hermosillo se convierte ya, por cifras del Inegi, en una de las ciudades con mayor dinamismo y potencial econ\u00f3mico en todo el pa\u00eds, con la cifra de desempleo m\u00e1s baja en los \u00faltimos 17 a\u00f1os, y este tipo de eventos potencia la industria de hoteles y restaurantes, y facilita la recuperaci\u00f3n econ\u00f3mica despu\u00e9s de la pandemia de Covid-19.<br \/>\nLas personas podr\u00e1n visitar Hermosillo con la tranquilidad de saber que es la primera ciudad que cuenta con 220 patrullas el\u00e9ctricas, que se suman a las 80 de gasolina existentes y al equipo de EscuaDrones que vigilan desde las alturas.<br \/>\nCon esta incorporaci\u00f3n, la Polic\u00eda Municipal podr\u00e1 atender llamados de la ciudadan\u00eda en cinco minutos, adem\u00e1s de la importancia en ahorros que genera porque para un recorrido de aproximadamente 400 kil\u00f3metros s\u00f3lo invierten alrededor de 20 pesos en la carga con paneles solares, as\u00ed como el beneficio ambiental para el pa\u00eds.<br \/>\nTambi\u00e9n fue reactivada la Polic\u00eda Tur\u00edstica con la que 12 elementos biling\u00fces, capacitados y competentes en turismo, historia local, primeros auxilios, defensa personal y derechos humanos, atender\u00e1n, a bordo de seis patrullas, tres de ellas el\u00e9ctricas, las necesidades de los visitantes, principalmente en la zona hotelera y puntos<img decoding=\"async\" class=\"size-medium wp-image-379505 alignright\" src=\"https:\/\/dimensionturistica.com\/es\/wp-content\/uploads\/2022\/09\/HERMOSILLO2-300x169.jpg\" alt=\"\" width=\"300\" height=\"169\" srcset=\"https:\/\/dimensionturistica.com\/es\/wp-content\/uploads\/2022\/09\/HERMOSILLO2-300x169.jpg 300w, https:\/\/dimensionturistica.com\/es\/wp-content\/uploads\/2022\/09\/HERMOSILLO2.jpg 450w\" sizes=\"(max-width: 300px) 100vw, 300px\" \/> de inter\u00e9s tur\u00edstico.<br \/>\nDurante el Festival del Globo de Hermosillo, que se proyecta como evento anual con globos aerost\u00e1ticos que vestir\u00e1n de colores el cielo de la capital del estado, habr\u00e1 actividades para toda la familia en un ambiente amigable con la naturaleza y con la posibilidad de otras atracciones.<br \/>\nEn Econatura se realizar\u00e1n hasta 10 vuelos por d\u00eda. Los visitantes podr\u00e1n contemplar el amanecer de Hermosillo a partir de las 6:30 horas, realizar el vuelo, tomar una fotograf\u00eda de recuerdo y recibir su certificado, con un costo de 3 mil 850 pesos para dos personas.<br \/>\nPor la tarde, 10 globos aerost\u00e1ticos anclados estar\u00e1n en el Estadio Sonora, donde los asistentes podr\u00e1n gozar de un espect\u00e1culo de luces al elevarse hasta 15 metros de altura, seg\u00fan lo permitan las condiciones climatol\u00f3gicas. Esta opci\u00f3n ser\u00e1 a partir de las 18:00 horas con un costo de 570 pesos por persona.<br \/>\nTambi\u00e9n estar\u00e1n disponibles visores de realidad virtual para quienes deseen tener la experiencia como si volaran en globo.<br \/>\nEn conferencia de prensa, realizada en el restaurante Mochomos, la directora de Desarrollo Tur\u00edstico de Hermosillo, Fernanda Cisneros, present\u00f3 a los participantes, entre los que se encontraba el presidente nacional de la CANIRAC, Germ\u00e1n Gonz\u00e1lez Bernal.<br \/>\n\u201cMe emociona much\u00edsimo ver una ciudad que est\u00e1 haciendo las cosas tan bien como Hermosillo y que el presidente municipal quiera y entienda el turismo. El turismo es algo important\u00edsimo para el desarrollo del pa\u00eds\u201d, declar\u00f3.<br \/>\n\u201cTenemos como pa\u00eds una vocaci\u00f3n tur\u00edstica impresionante y le tenemos que dar esa difusi\u00f3n, esa importancia en la agenda de pol\u00edticas p\u00fablicas, y eso viene acompa\u00f1ado de presupuestos, de proyectos, de innovaci\u00f3n, lo que estamos anunciando hoy ac\u00e1\u201d, destac\u00f3.<br \/>\nEl evento contar\u00e1 con un Corredor Gastron\u00f3mico, diversas actividades infantiles, espacios para quienes lleven mascota, as\u00ed como un escenario con m\u00fasica en vivo, presentaciones art\u00edsticas y el concierto estelar.<br \/>\nManuel Lira Valenzuela, Presidente de CANIRAC Sonora, indic\u00f3 que la capital del estado ofrece una excelente gastronom\u00eda para todo p\u00fablico, y que este tipo de eventos promueven la reactivaci\u00f3n econ\u00f3mica del sector.<br \/>\nKino Fest<br \/>\nAdem\u00e1s, la playa de la ciudad, Bah\u00eda de Kino, ser\u00e1 la sede del Kino Fest durante cinco fines de semana, en los cuales los asistentes gozar\u00e1n de eventos deportivos, culturales y de un concierto en la playa, abierto al p\u00fablico sin costo.<br \/>\nA partir del 30 octubre, se esperan alrededor de 400 motocicletas para un recorrido desde Hermosillo hasta el balneario Kino M\u00e1gico. Luego, del 11 al 13 de noviembre, el Estero de Santa Rosa en Bah\u00eda de Kino estar\u00e1 preparado para recibir a alrededor de 280 participantes en el torneo de pesca. El 20 de noviembre se espera que cerca de 300 ciclistas salgan a rodar desde el Estadio Sonora hacia Bah\u00eda de Kino y el 26 de noviembre se realizar\u00e1 una Muestra Gastron\u00f3mica.<br \/>\nEl Kino Fest cerrar\u00e1 con broche de oro el 3 de diciembre con un concierto en la playa.<br \/>\nLa presidenta de la Oficina de Convenciones y Visitantes (OCV) de Hermosillo, Luz Mar\u00eda Castillo, celebr\u00f3 el cumplimiento de compromisos por parte del alcalde Astiazar\u00e1n y dijo que se trabajar\u00e1 con hoteles y aerol\u00edneas para tener tarifas promocionales atractivas, adem\u00e1s de que habr\u00e1 paquetes para conocer todos los atractivos, entre ellos bah\u00eda de<br \/>\nKino.<br \/>\n\u201cEs muy bonito formar parte del evento que es de gran tradici\u00f3n, pero lo m\u00e1s importante es ser parte del movimiento que inicia. Gracias por hacer esto por Hermosillo\u201d, agreg\u00f3.<\/p>\n","protected":false},"excerpt":{"rendered":"<p>Una invitaci\u00f3n general realiz\u00f3 el Presidente Municipal de Hermosillo a visitar la capital de Sonora que ofrece hospitalidad, buena gastronom\u00eda y tranquilidad, donde adem\u00e1s durante octubre se realizar\u00e1 el Festival del Globo. Se esperan m\u00e1s de 20 mil visitantes en el Festival del Globo Hermosillo, que se desarrollar\u00e1 los d\u00edas 15 y 16 de octubre, [&hellip;]<\/p>\n","protected":false},"author":1,"featured_media":379507,"comment_status":"open","ping_status":"closed","sticky":false,"template":"","format":"standard","meta":{"om_disable_all_campaigns":false,"jnews-multi-image_gallery":[],"jnews_single_post":{"source_name":"","source_url":"","via_name":"","via_url":"","override_template":"0","override":[{"template":"1","single_blog_custom":"","parallax":"1","fullscreen":"1","layout":"right-sidebar","sidebar":"default-sidebar","second_sidebar":"default-sidebar","sticky_sidebar":"1","share_position":"top","share_float_style":"share-monocrhome","show_share_counter":"1","show_view_counter":"1","show_featured":"1","show_post_meta":"1","show_post_author":"1","show_post_author_image":"1","show_post_date":"1","post_date_format":"default","post_date_format_custom":"Y\/m\/d","show_post_category":"1","show_post_reading_time":"0","post_reading_time_wpm":"300","show_zoom_button":"0","zoom_button_out_step":"2","zoom_button_in_step":"3","show_post_tag":"1","show_prev_next_post":"1","show_popup_post":"1","number_popup_post":"1","show_author_box":"0","show_post_related":"0","show_inline_post_related":"0"}],"override_image_size":"0","image_override":[{"single_post_thumbnail_size":"crop-500","single_post_gallery_size":"crop-500"}],"trending_post":"0","trending_post_position":"meta","trending_post_label":"Trending","sponsored_post":"0","sponsored_post_label":"Sponsored by","sponsored_post_name":"","sponsored_post_url":"","sponsored_post_logo_enable":"0","sponsored_post_logo":"","sponsored_post_desc":"","disable_ad":"0"},"jnews_primary_category":{"id":""},"jnews_social_meta":{"fb_title":"","fb_description":"","fb_image":"","twitter_title":"","twitter_description":"","twitter_image":""},"footnotes":""},"categories":[39],"tags":[],"class_list":["post-379492","post","type-post","status-publish","format-standard","has-post-thumbnail","hentry","category-viajes"],"_links":{"self":[{"href":"https:\/\/dimensionturistica.com\/es\/wp-json\/wp\/v2\/posts\/379492","targetHints":{"allow":["GET"]}}],"collection":[{"href":"https:\/\/dimensionturistica.com\/es\/wp-json\/wp\/v2\/posts"}],"about":[{"href":"https:\/\/dimensionturistica.com\/es\/wp-json\/wp\/v2\/types\/post"}],"author":[{"embeddable":true,"href":"https:\/\/dimensionturistica.com\/es\/wp-json\/wp\/v2\/users\/1"}],"replies":[{"embeddable":true,"href":"https:\/\/dimensionturistica.com\/es\/wp-json\/wp\/v2\/comments?post=379492"}],"version-history":[{"count":0,"href":"https:\/\/dimensionturistica.com\/es\/wp-json\/wp\/v2\/posts\/379492\/revisions"}],"wp:featuredmedia":[{"embeddable":true,"href":"https:\/\/dimensionturistica.com\/es\/wp-json\/wp\/v2\/media\/379507"}],"wp:attachment":[{"href":"https:\/\/dimensionturistica.com\/es\/wp-json\/wp\/v2\/media?parent=379492"}],"wp:term":[{"taxonomy":"category","embeddable":true,"href":"https:\/\/dimensionturistica.com\/es\/wp-json\/wp\/v2\/categories?post=379492"},{"taxonomy":"post_tag","embeddable":true,"href":"https:\/\/dimensionturistica.com\/es\/wp-json\/wp\/v2\/tags?post=379492"}],"curies":[{"name":"wp","href":"https:\/\/api.w.org\/{rel}","templated":true}]}}