{"id":379483,"date":"2022-09-02T00:16:53","date_gmt":"2022-09-02T00:16:53","guid":{"rendered":"https:\/\/dimensionturistica.com\/es\/?p=379483"},"modified":"2022-09-02T00:16:53","modified_gmt":"2022-09-02T00:16:53","slug":"van-cultura-y-congreso-capitalino-por-nueva-ley-de-espectaculos-publicos-en-cdmx","status":"publish","type":"post","link":"https:\/\/dimensionturistica.com\/es\/van-cultura-y-congreso-capitalino-por-nueva-ley-de-espectaculos-publicos-en-cdmx\/","title":{"rendered":"Van Cultura y Congreso capitalino por nueva ley de espect\u00e1culos p\u00fablicos en CDMX"},"content":{"rendered":"<p><img decoding=\"async\" class=\"size-medium wp-image-379485 alignright\" src=\"https:\/\/dimensionturistica.com\/es\/wp-content\/uploads\/2022\/09\/artisticas-en-el-espacio-publico-300x168.jpg\" alt=\"\" width=\"300\" height=\"168\" srcset=\"https:\/\/dimensionturistica.com\/es\/wp-content\/uploads\/2022\/09\/artisticas-en-el-espacio-publico-300x168.jpg 300w, https:\/\/dimensionturistica.com\/es\/wp-content\/uploads\/2022\/09\/artisticas-en-el-espacio-publico.jpg 474w\" sizes=\"(max-width: 300px) 100vw, 300px\" \/>Luego de realizarse, en el Congreso capitalino, el foro: \u201cRumbo a la actualizaci\u00f3n de la Ley para la Celebraci\u00f3n de Espect\u00e1culos P\u00fablicos de la Ciudad de M\u00e9xico\u201d, la secretaria de Cultura de la Ciudad de M\u00e9xico, Claudia Curiel de Icaza, consider\u00f3 que \u201cuna ciudad diversa, libre y con actores y ambientes culturales independientes, debe transparentar el acceso a los espacios p\u00fablicos y garantizar derechos culturales a los capitalinos\u201d.<br \/>\n\u201cPara esta secretar\u00eda, continu\u00f3, es important\u00edsimo garantizar, no s\u00f3lo el acceso a la cultura, sino la producci\u00f3n y divulgaci\u00f3n de las distintas expresiones para que no quede a discrecionalidad su realizaci\u00f3n, y mejorar la transparencia para estas producciones independientes, ya que no solamente los eventos masivos son importantes, hay much\u00edsimas iniciativas autogestivas que participan en el espacio p\u00fablico y muchas veces pareciera que ellas no tienen derecho, cuando justamente la calle es de todes; por ello, para nosotros es muy importante acompa\u00f1ar este proceso, sumar y construir, en funci\u00f3n de la diversidad cultural, un acceso al espacio p\u00fablico m\u00e1s democr\u00e1tico\u201d.<br \/>\nA su vez, la diputada Ana Francis L\u00f3pez Bayguen Pati\u00f1o, se\u00f1al\u00f3 que la actual ley est\u00e1 planteada desde la perspectiva de cuidado para los espect\u00e1culos masivos, por lo que la idea de esta nueva ley es \u201cincluir todas aquellas manifestaciones art\u00edsticas que han sido relegadas, pero que forman parte de la realidad y que responden a un escenario pand\u00e9mico y pospand\u00e9mico en la ciudad.\u201d<img decoding=\"async\" class=\"size-medium wp-image-379488 alignleft\" src=\"https:\/\/dimensionturistica.com\/es\/wp-content\/uploads\/2022\/09\/Foto-3-Conferencia-Ley-de-Espectaculos-Publicos-300x215.jpeg\" alt=\"\" width=\"300\" height=\"215\" srcset=\"https:\/\/dimensionturistica.com\/es\/wp-content\/uploads\/2022\/09\/Foto-3-Conferencia-Ley-de-Espectaculos-Publicos-300x215.jpeg 300w, https:\/\/dimensionturistica.com\/es\/wp-content\/uploads\/2022\/09\/Foto-3-Conferencia-Ley-de-Espectaculos-Publicos-120x86.jpeg 120w, https:\/\/dimensionturistica.com\/es\/wp-content\/uploads\/2022\/09\/Foto-3-Conferencia-Ley-de-Espectaculos-Publicos-350x250.jpeg 350w, https:\/\/dimensionturistica.com\/es\/wp-content\/uploads\/2022\/09\/Foto-3-Conferencia-Ley-de-Espectaculos-Publicos.jpeg 645w\" sizes=\"(max-width: 300px) 100vw, 300px\" \/><br \/>\n\u201cNo quitaremos relevancia, ni garant\u00edas a los grandes espect\u00e1culos masivos, pero s\u00ed agregaremos a todas aquellas actividades art\u00edsticas que tambi\u00e9n ocurren en el espacio p\u00fablico, y que deber\u00edan empezar a ser consideradas para eliminar la visi\u00f3n clasista y racista de la cultura, como parte del proyecto del nuevo pa\u00eds por el que se est\u00e1 trabajando y al que le estamos apostando. As\u00ed los espect\u00e1culos callejeros que van desde los mimos, payasos, m\u00fasicos, cirqueros, etc. que en buena medida actualmente est\u00e1n a merced de lo que se le vaya ocurriendo a la autoridad en cuesti\u00f3n, en las alcald\u00edas, ser\u00e1n ordenadas y reguladas con el fin de que no sigan cayendo en la corrupci\u00f3n\u201d.<br \/>\nAl referirse al foro realizado recientemente: \u201cRumbo a la actualizaci\u00f3n de la Ley para la Celebraci\u00f3n de Espect\u00e1culos P\u00fablicos de la Ciudad de M\u00e9xico\u201d, que cont\u00f3 durante tres d\u00edas con la participaci\u00f3n de artistas, autoridades, funcionarios, entre otros; la tambi\u00e9n presidenta de la Comisi\u00f3n de Igualdad de G\u00e9nero en el Congreso CDMX reiter\u00f3 que otra de las conclusiones m\u00e1s importantes de este foro para cambiar en la actual ley (que se espera sea dictaminada y votada en el pleno del Congreso de la CDMX, en el primer trimestre del pr\u00f3ximo a\u00f1o), es la consideraci\u00f3n urgente de incluir a la Secretar\u00eda de Cultura en las directivas de regulaci\u00f3n y ordenanza, y que las decisiones que se tomen sean realmente de orden y cultura al mismo tiempo.<br \/>\n\u201cHemos estado en estrecha comunicaci\u00f3n con la Secretar\u00eda de Cultura, ya que pretendemos avanzar conjuntamente en una ley muy ambiciosa, con un cableado muy amplio, que pueda ir de la mano tambi\u00e9n de alcald\u00edas y de Secretar\u00eda de Gobierno para garantizar mayor transparencia al hablar de otorgamiento de permisos, regulaci\u00f3n de impuestos, seguridad, e inclusi\u00f3n\u201d.<br \/>\nDentro de las conclusiones del foro mencionado, que const\u00f3 de ocho mesas de trabajo, se habl\u00f3 sobre la identidad y el sentido de pertenencia que generan en las calles, en los barrios de la ciudad, los espect\u00e1culos p\u00fablicos. Es por ello que se reiter\u00f3 la necesidad de buscar pol\u00edticas gubernamentales con leyes, log\u00edstica, y apoyos e incentivos para que las producciones puedan ir a las alcald\u00edas, generando una derrama econ\u00f3mica local.<\/p>\n","protected":false},"excerpt":{"rendered":"<p>Luego de realizarse, en el Congreso capitalino, el foro: \u201cRumbo a la actualizaci\u00f3n de la Ley para la Celebraci\u00f3n de Espect\u00e1culos P\u00fablicos de la Ciudad de M\u00e9xico\u201d, la secretaria de Cultura de la Ciudad de M\u00e9xico, Claudia Curiel de Icaza, consider\u00f3 que \u201cuna ciudad diversa, libre y con actores y ambientes culturales independientes, debe transparentar [&hellip;]<\/p>\n","protected":false},"author":1,"featured_media":379484,"comment_status":"open","ping_status":"closed","sticky":false,"template":"","format":"standard","meta":{"om_disable_all_campaigns":false,"jnews-multi-image_gallery":[],"jnews_single_post":{"source_name":"","source_url":"","via_name":"","via_url":"","override_template":"0","override":[{"template":"1","single_blog_custom":"","parallax":"1","fullscreen":"1","layout":"right-sidebar","sidebar":"default-sidebar","second_sidebar":"default-sidebar","sticky_sidebar":"1","share_position":"top","share_float_style":"share-monocrhome","show_share_counter":"1","show_view_counter":"1","show_featured":"1","show_post_meta":"1","show_post_author":"1","show_post_author_image":"1","show_post_date":"1","post_date_format":"default","post_date_format_custom":"Y\/m\/d","show_post_category":"1","show_post_reading_time":"0","post_reading_time_wpm":"300","show_zoom_button":"0","zoom_button_out_step":"2","zoom_button_in_step":"3","show_post_tag":"1","show_prev_next_post":"1","show_popup_post":"1","number_popup_post":"1","show_author_box":"0","show_post_related":"0","show_inline_post_related":"0"}],"override_image_size":"0","image_override":[{"single_post_thumbnail_size":"crop-500","single_post_gallery_size":"crop-500"}],"trending_post":"0","trending_post_position":"meta","trending_post_label":"Trending","sponsored_post":"0","sponsored_post_label":"Sponsored by","sponsored_post_name":"","sponsored_post_url":"","sponsored_post_logo_enable":"0","sponsored_post_logo":"","sponsored_post_desc":"","disable_ad":"0"},"jnews_primary_category":{"id":""},"jnews_social_meta":{"fb_title":"","fb_description":"","fb_image":"","twitter_title":"","twitter_description":"","twitter_image":""},"footnotes":""},"categories":[40],"tags":[],"class_list":["post-379483","post","type-post","status-publish","format-standard","has-post-thumbnail","hentry","category-industria"],"_links":{"self":[{"href":"https:\/\/dimensionturistica.com\/es\/wp-json\/wp\/v2\/posts\/379483","targetHints":{"allow":["GET"]}}],"collection":[{"href":"https:\/\/dimensionturistica.com\/es\/wp-json\/wp\/v2\/posts"}],"about":[{"href":"https:\/\/dimensionturistica.com\/es\/wp-json\/wp\/v2\/types\/post"}],"author":[{"embeddable":true,"href":"https:\/\/dimensionturistica.com\/es\/wp-json\/wp\/v2\/users\/1"}],"replies":[{"embeddable":true,"href":"https:\/\/dimensionturistica.com\/es\/wp-json\/wp\/v2\/comments?post=379483"}],"version-history":[{"count":0,"href":"https:\/\/dimensionturistica.com\/es\/wp-json\/wp\/v2\/posts\/379483\/revisions"}],"wp:featuredmedia":[{"embeddable":true,"href":"https:\/\/dimensionturistica.com\/es\/wp-json\/wp\/v2\/media\/379484"}],"wp:attachment":[{"href":"https:\/\/dimensionturistica.com\/es\/wp-json\/wp\/v2\/media?parent=379483"}],"wp:term":[{"taxonomy":"category","embeddable":true,"href":"https:\/\/dimensionturistica.com\/es\/wp-json\/wp\/v2\/categories?post=379483"},{"taxonomy":"post_tag","embeddable":true,"href":"https:\/\/dimensionturistica.com\/es\/wp-json\/wp\/v2\/tags?post=379483"}],"curies":[{"name":"wp","href":"https:\/\/api.w.org\/{rel}","templated":true}]}}