{"id":379260,"date":"2022-09-01T19:04:34","date_gmt":"2022-09-01T19:04:34","guid":{"rendered":"https:\/\/dimensionturistica.com\/es\/?p=379260"},"modified":"2022-09-01T19:04:34","modified_gmt":"2022-09-01T19:04:34","slug":"nuria-flores-presenta-en-las-hurdes-la-nueva-campana-de-promocion-turistica-de-extremadura","status":"publish","type":"post","link":"https:\/\/dimensionturistica.com\/es\/nuria-flores-presenta-en-las-hurdes-la-nueva-campana-de-promocion-turistica-de-extremadura\/","title":{"rendered":"Nuria Flores presenta en Las Hurdes la nueva campa\u00f1a de promoci\u00f3n tur\u00edstica de Extremadura"},"content":{"rendered":"<p> <br \/>\n<\/p>\n<div>\n<p>Se trata del Fondo Tecnol\u00f3gico impulsado por el Ministerio de Industria, Comercio y Turismo, gestionado por las Comunidades Aut\u00f3nomas y con subvenciones para adaptar al comercio a las nuevas tecnolog\u00edas.<\/p>\n<p>El Consejo de Comercio de Extremadura ha celebrado este jueves, 1 de septiembre, de manera digital, una reuni\u00f3n extraordinaria en la que se ha presentado el nuevo Decreto de Fondo Tecnol\u00f3gico que incluye ayudas, entre otras, a la eficiencia energ\u00e9tica y a la digitalizaci\u00f3n.<\/p>\n<p>El consejero de Econom\u00eda, Ciencia y Agenda Digital, Rafael Espa\u00f1a, ha presidido dicha reuni\u00f3n acompa\u00f1ado por el secretario basic de Econom\u00eda y Comercio, Antonio Ruiz, en la que se ha explicado que se trata de una nueva l\u00ednea de ayudas que complementan a la convocatoria abierta hasta el 25 de octubre para la competitividad del peque\u00f1o comercio.<\/p>\n<p>La Junta de Extremadura presenta al sector en el Consejo de Comercio este nuevo decreto antes de que sea expuesto en el Portal de Transparencia y as\u00ed, valorar, en su caso, sus posibles aportaciones.<\/p>\n<p>En concreto, el Fondo Tecnol\u00f3gico son ayudas para adaptar al comercio a las nuevas tecnolog\u00edas impulsada por Ministerio de Industria, Comercio y Turismo, gestionadas por las comunidades aut\u00f3nomas e incluidas entre las medidas financiadas por el Plan de Recuperaci\u00f3n, Transformaci\u00f3n y Resiliencia.<\/p>\n<p>La cuant\u00eda asignada a Extremadura es de 2.869.468 euros, siendo 2 millones de euros para pymes del sector y el resto para asociaciones. De ah\u00ed, que se haya establecido dos l\u00edneas de ayudas, una destinada a peque\u00f1as y medianas empresas del comercio minorista y otra para asociaciones sin \u00e1nimo de lucro del sector comercial.<\/p>\n<p>Los gastos elegibles, entre otros, ser\u00e1n actuaciones para la mejora de la atenci\u00f3n, relaci\u00f3n y conocimiento de cliente y su fidelizaci\u00f3n, mediante el uso de nuevas tecnolog\u00edas y t\u00e9cnicas de anal\u00edtica avanzada, soluciones en ciberseguridad y gesti\u00f3n de datos, desarrollo de aplicaciones inform\u00e1ticas, digitalizaci\u00f3n de la gesti\u00f3n en el comercio, transformaci\u00f3n digital del comercio ambulante y canales cortos de comercializaci\u00f3n, mejorar la atenci\u00f3n, la experiencia de compra y la afluencia de los clientes en los establecimientos comerciales y eficiencia energ\u00e9tica, sostenibilidad y econom\u00eda round.<\/p>\n<p>El importe de la ayuda ser\u00e1 del 100% de los gastos subvencionables, siendo el importe m\u00e1ximo de la ayuda de 60.000 euros y la inversi\u00f3n m\u00ednima subvencionable de 1.500 euros.<\/p>\n<p>Se publicar\u00e1n dos convocatorias. Existe la obligaci\u00f3n de sacar dos convocatorias, entre 2022 y 2023. Por ello, la primera de ellas se publicar\u00e1 en noviembre y estar\u00e1 abierta hasta el 31 de marzo de 2023, para gastos realizados desde el 1 de enero de 2022 hasta el 30 de junio de 2023.<\/p>\n<p>Y una segunda, que se publicar\u00e1 en marzo de 2023 y estar\u00e1 abierta hasta el 30 de junio de ese a\u00f1o, en el que a\u00fan est\u00e1 por determinar la fecha fin de ejecuci\u00f3n de las inversiones.<\/p>\n<div class=\"sharedaddy sd-block sd-like jetpack-likes-widget-wrapper jetpack-likes-widget-unloaded\" id=\"like-post-wrapper-82115223-285753-6311023cd2556\" data-src=\"https:\/\/widgets.wp.com\/likes\/#blog_id=82115223&amp;post_id=285753&amp;origin=infoprovincia.net&amp;obj_id=82115223-285753-6311023cd2556\" data-name=\"like-post-frame-82115223-285753-6311023cd2556\" data-title=\"Me gusta o Compartir\">\n<h3 class=\"sd-title\">Me gusta esto:<\/h3>\n<p><span class=\"button\"><span>Me gusta<\/span><\/span> <span class=\"loading\">Cargando&#8230;<\/span><\/p>\n<p><span class=\"sd-text-color\"\/><a rel=\"nofollow noopener\" target=\"_blank\" class=\"sd-link-color\"><\/div><\/div>\n\n<p><em> &#8221; Fuentes infoprovincia.net &#8221; <\/em><\/p>\n","protected":false},"excerpt":{"rendered":"<p>Se trata del Fondo Tecnol\u00f3gico impulsado por el Ministerio de Industria, Comercio y Turismo, gestionado por las Comunidades Aut\u00f3nomas y con subvenciones para adaptar al comercio a las nuevas tecnolog\u00edas. El Consejo de Comercio de Extremadura ha celebrado este jueves, 1 de septiembre, de manera digital, una reuni\u00f3n extraordinaria en la que se ha presentado [&hellip;]<\/p>\n","protected":false},"author":4,"featured_media":379261,"comment_status":"open","ping_status":"closed","sticky":false,"template":"","format":"standard","meta":{"om_disable_all_campaigns":false,"jnews-multi-image_gallery":[],"jnews_single_post":[],"jnews_primary_category":[],"jnews_social_meta":[],"footnotes":""},"categories":[40],"tags":[544],"class_list":["post-379260","post","type-post","status-publish","format-standard","has-post-thumbnail","hentry","category-industria","tag-turismo"],"_links":{"self":[{"href":"https:\/\/dimensionturistica.com\/es\/wp-json\/wp\/v2\/posts\/379260","targetHints":{"allow":["GET"]}}],"collection":[{"href":"https:\/\/dimensionturistica.com\/es\/wp-json\/wp\/v2\/posts"}],"about":[{"href":"https:\/\/dimensionturistica.com\/es\/wp-json\/wp\/v2\/types\/post"}],"author":[{"embeddable":true,"href":"https:\/\/dimensionturistica.com\/es\/wp-json\/wp\/v2\/users\/4"}],"replies":[{"embeddable":true,"href":"https:\/\/dimensionturistica.com\/es\/wp-json\/wp\/v2\/comments?post=379260"}],"version-history":[{"count":0,"href":"https:\/\/dimensionturistica.com\/es\/wp-json\/wp\/v2\/posts\/379260\/revisions"}],"wp:featuredmedia":[{"embeddable":true,"href":"https:\/\/dimensionturistica.com\/es\/wp-json\/wp\/v2\/media\/379261"}],"wp:attachment":[{"href":"https:\/\/dimensionturistica.com\/es\/wp-json\/wp\/v2\/media?parent=379260"}],"wp:term":[{"taxonomy":"category","embeddable":true,"href":"https:\/\/dimensionturistica.com\/es\/wp-json\/wp\/v2\/categories?post=379260"},{"taxonomy":"post_tag","embeddable":true,"href":"https:\/\/dimensionturistica.com\/es\/wp-json\/wp\/v2\/tags?post=379260"}],"curies":[{"name":"wp","href":"https:\/\/api.w.org\/{rel}","templated":true}]}}