{"id":379031,"date":"2022-09-01T09:48:21","date_gmt":"2022-09-01T09:48:21","guid":{"rendered":"https:\/\/dimensionturistica.com\/es\/?p=379031"},"modified":"2022-09-01T09:48:21","modified_gmt":"2022-09-01T09:48:21","slug":"nuevos-precios-y-destinos-para-los-viajes-del-imserso-en-2022-2023","status":"publish","type":"post","link":"https:\/\/dimensionturistica.com\/es\/nuevos-precios-y-destinos-para-los-viajes-del-imserso-en-2022-2023\/","title":{"rendered":"Nuevos precios y destinos para los viajes del Imserso en 2022-2023"},"content":{"rendered":"<p> <br \/>\n<\/p>\n<div>\n<p class=\"paragraph \" id=\"m97-96-98\">El programa de Turismo Social del <strong><a rel=\"nofollow noopener\" target=\"_blank\" href=\"https:\/\/www.20minutos.es\/minuteca\/imserso\/\" title=\"Imserso\">Imserso <\/a><\/strong>2022-2023<strong> se pone en marcha desde el martes 20 de septiembre de 2022<\/strong>, ya que todas las personas que han sido acreditadas para participar en los viajes, recibir\u00e1n la carta de acreditaci\u00f3n en estos pr\u00f3ximos d\u00edas para reservar los viajes que deseen en la mencionada fecha.<\/p>\n<p class=\"paragraph \" id=\"m102-101-103\">En whole, desde este lunes y hasta el pr\u00f3ximo 9 de septiembre se van a <strong>mandar un whole de 2,6 millones de cartas a los domicilios<\/strong> de las personas que se acreditaron previamente, lo que supone un 31,4% m\u00e1s que en la pasada temporada.\u00a0<\/p>\n<p class=\"paragraph \" id=\"m107-106-108\">De este modo, cuando finalice el env\u00edo de cartas, los interesados podr\u00e1n acceder, siguiendo las instrucciones que se indican en la misiva, <strong>para reservar los viajes desde el 20 y hasta el 24 de septiembre.\u00a0<\/strong><\/p>\n<h2 id=\"m112-111-113\">\u00bfCu\u00e1ndo se podr\u00e1n reservar los viajes?\u00a0<\/h2>\n<p class=\"paragraph \" id=\"m117-116-118\">Los acreditados que reciban las cartas del Imserso tendr\u00e1n que esperar hasta el 20 de septiembre para poder comenzar a reservar los viajes. Las reservar se podr\u00e1n hacer <strong>desde las 09.00 horas, teniendo en cuenta el siguiente calendario:\u00a0<\/strong><\/p>\n<div class=\"dotted-list \" id=\"m122-121-123\">\n<ul>\n<li>Los residentes de Andaluc\u00eda, Cantabria, Catalu\u00f1a, Valencia, Extremadura, Madrid, Murcia y la Ciudad Aut\u00f3noma de Melilla, podr\u00e1n comenzar a reservar sus viajes el <strong>martes 20 de septiembre de 2022<\/strong> (preferentes) y el <strong>mi\u00e9rcoles 21 de septiembre de 2022 <\/strong>(no preferentes).<\/li>\n<li>Los residentes de\u00a0Asturias, Arag\u00f3n, Castilla-La Mancha, Castilla y Le\u00f3n, Galicia, Baleares, Canarias, La Rioja, Navarra, Pa\u00eds Vasco y la Ciudad Aut\u00f3noma de Ceuta, podr\u00e1n comenzar a reservar sus viajes el<strong> jueves 22 de septiembre de 2022<\/strong> (preferentes) y el viernes <strong>23 de septiembre de 2022 <\/strong>(no preferentes).<\/li>\n<\/ul>\n<\/div>\n<h2 id=\"m127-126-128\">Modalidades de los viajes del Imserso<\/h2>\n<p class=\"paragraph \" id=\"m132-131-133\">A la hora de reservar los viajes para el Imserso, hay varias modalidades entre las que se puede elegir, dependiendo de si se prefiere <strong>un destino de playa, cultural o pure y rural,<\/strong> entre otras cosas.<\/p>\n<p class=\"paragraph \" id=\"m137-136-138\">De este modo, los acreditados van a poder elegir entre <strong>las siguientes opciones de viaje:\u00a0<\/strong><\/p>\n<div class=\"dotted-list \" id=\"m142-141-143\">\n<ol>\n<li><strong>Zona Costa Peninsular<\/strong><span style=\"font-size: 1.9rem;\"><strong>: <\/strong>estancias en zonas de la Costa Peninsular de 10 y 8 d\u00edas en Andaluc\u00eda, en la Comunidad Aut\u00f3noma de la Regi\u00f3n de Murcia, Comunidad Valenciana y en la Comunidad Aut\u00f3noma de Catalu\u00f1a.<\/span><\/li>\n<li><strong>Zona Costa Insular<\/strong><span style=\"font-size: 1.9rem;\"><strong>: <\/strong>estancias de 10 y 8 d\u00edas en zonas de costa de Canarias o Baleares.<\/span><\/li>\n<li><span style=\"font-size: 1.9rem;\"><strong>Turismo de Inside:<\/strong>\u00a0con estancias de 4, 5 y 6 d\u00edas, con los siguientes tipos de viajes:<\/span><\/li>\n<\/ol>\n<ul>\n<li><span style=\"font-size: 1.9rem;\">Circuitos culturales<\/span><\/li>\n<li>Turismo de naturaleza<\/li>\n<li>Viajes a capitales de provincia<\/li>\n<li>Viajes a Ceuta y Melilla<\/li>\n<\/ul>\n<\/div>\n<h2 id=\"m147-146-148\">Precios de los viajes del Imserso 2022-2023<\/h2>\n<p class=\"paragraph \" id=\"m152-151-153\">En cuanto a los precios que van a tener los viajes del Imserso en esta nueva temporada 2022-2023,<strong> hay que tener en cuenta la previsi\u00f3n <\/strong>que se puede consultar en la net del <a rel=\"nofollow noopener\" target=\"_blank\" href=\"https:\/\/www.imserso.es\/imserso_01\/envejecimiento_activo\/vacaciones\/precios_destinos_modalidad\/index.htm\">Instituto de Mayores y Servicios Sociales,<\/a> del Ministerio de Derechos Sociales y Agenda 2030.\u00a0<\/p>\n<p class=\"paragraph \" id=\"m157-156-158\">En ella se explica que los precios van a depender de las fechas, la modalidad, la duraci\u00f3n del viaje y tipo de alojamiento. As\u00ed, <strong>estas son las estimaciones de precios:<\/strong><\/p>\n<div class=\"dotted-list \" id=\"m162-161-163\">\n<ul>\n<li>Zona Costera Peninsular (Andaluc\u00eda, Catalu\u00f1a, Murcia y C. Valenciana), con transporte y estancia de 10 d\u00edas:<strong> 269,83 euros<\/strong><\/li>\n<li>Zona Costera Peninsular (Andaluc\u00eda, Catalu\u00f1a, Murcia y C. Valenciana), con transporte y estancia de 8 d\u00edas: <strong>212,96 euros<\/strong><\/li>\n<li>Zona Costera Peninsular (Andaluc\u00eda, Catalu\u00f1a, Murcia y C. Valenciana), sin transporte y estancia de 10 d\u00edas: <strong>235,95 euros<\/strong><\/li>\n<li>Zona Costera Peninsular (Andaluc\u00eda, Catalu\u00f1a, Murcia y C. Valenciana), sin transporte y estancia de 8 d\u00edas: <strong>196,02 euros<\/strong><\/li>\n<li>Zona Costera Insular (Islas Baleares), con transporte y estancia de 10 d\u00edas: <strong>308,37 euros<\/strong><\/li>\n<li>Zona Costera Insular (Islas Baleares), sin transporte y estancia de 10 d\u00edas: <strong>236,07 euros<\/strong><\/li>\n<li>Zona Costera Insular (Islas Canarias), con transporte y estancia de 10 d\u00edas: <strong>405,53 euros<\/strong><\/li>\n<li>Zona Costera Insular (Islas Canarias), con transporte y estancia de 8 d\u00edas: <strong>330,51 euros<\/strong><\/li>\n<li>Zona Costera Insular (Islas Canarias), sin transporte y estancia de 10 d\u00edas:\u00a0<strong>235,95 euros<\/strong><\/li>\n<li>Zona Costera Insular (Islas Canarias), sin transporte y estancia de 8 d\u00edas: <strong>195,72 euros<\/strong><\/li>\n<li>Turismo Inside (Circuitos culturales) y estancia de 6 d\u00edas: <strong>272,71 euros<\/strong><\/li>\n<li>Turismo Inside (Naturaleza) y estancia de 5 d\u00edas: <strong>266,81 euros<\/strong><\/li>\n<li>Turismo Inside (Capitales de provincia) y estancia de 4 d\u00edas: <strong>115,98 euros<\/strong><\/li>\n<li>Turismo Inside (Ceuta o Melilla) y estancia de 5 d\u00edas: <strong>266,81 euros<\/strong><\/li>\n<\/ul>\n<\/div>\n<h2 id=\"m167-166-168\">\u00bfQu\u00e9 incluyen los viajes del Imserso?<\/h2>\n<p class=\"paragraph \" id=\"m172-171-173\">Los servicios que incluye el programa del Imserso, que corresponde con <strong>los precios mencionados anteriormente, son los siguientes:<\/strong><\/p>\n<div class=\"dotted-list \" id=\"m177-176-178\">\n<ul>\n<li><strong>Alojamiento <\/strong>en r\u00e9gimen de pensi\u00f3n completa, en habitaci\u00f3n doble a compartir. En capitales de provincia el alojamiento ser\u00e1 de media pensi\u00f3n. Puede ser alojamiento particular person, pero tendr\u00e1 un suplemento de precio y estar\u00e1 sujeto a disponibilidad de plazas.<\/li>\n<li><strong>Transporte de ida y vuelta<\/strong> en el medio de transporte programado, desde la capital de provincia de la persona usuaria hasta el resort de destino y regreso, excepto en la modalidad de viajes sin transporte y viajes a capitales de provincia.<\/li>\n<li><strong>P\u00f3liza de seguros colectiva.<\/strong><\/li>\n<li><strong>Servicio de medicina basic<\/strong>, complementario de la Seguridad Social, en el propio resort, excepto para los viajes de turismo de inside.<\/li>\n<li><strong>Programa de animaci\u00f3n socio-cultural.<\/strong><\/li>\n<\/ul>\n<\/div>\n<\/div>\n\n<p><em> &#8221; Fuentes www.20minutos.es &#8221; <\/em><\/p>\n","protected":false},"excerpt":{"rendered":"<p>El programa de Turismo Social del Imserso 2022-2023 se pone en marcha desde el martes 20 de septiembre de 2022, ya que todas las personas que han sido acreditadas para participar en los viajes, recibir\u00e1n la carta de acreditaci\u00f3n en estos pr\u00f3ximos d\u00edas para reservar los viajes que deseen en la mencionada fecha. En whole, [&hellip;]<\/p>\n","protected":false},"author":4,"featured_media":379032,"comment_status":"open","ping_status":"closed","sticky":false,"template":"","format":"standard","meta":{"om_disable_all_campaigns":false,"jnews-multi-image_gallery":[],"jnews_single_post":[],"jnews_primary_category":[],"jnews_social_meta":[],"footnotes":""},"categories":[39],"tags":[707,813,1268,545],"class_list":["post-379031","post","type-post","status-publish","format-standard","has-post-thumbnail","hentry","category-viajes","tag-actualidad","tag-imserso","tag-nacional","tag-viajes"],"_links":{"self":[{"href":"https:\/\/dimensionturistica.com\/es\/wp-json\/wp\/v2\/posts\/379031","targetHints":{"allow":["GET"]}}],"collection":[{"href":"https:\/\/dimensionturistica.com\/es\/wp-json\/wp\/v2\/posts"}],"about":[{"href":"https:\/\/dimensionturistica.com\/es\/wp-json\/wp\/v2\/types\/post"}],"author":[{"embeddable":true,"href":"https:\/\/dimensionturistica.com\/es\/wp-json\/wp\/v2\/users\/4"}],"replies":[{"embeddable":true,"href":"https:\/\/dimensionturistica.com\/es\/wp-json\/wp\/v2\/comments?post=379031"}],"version-history":[{"count":0,"href":"https:\/\/dimensionturistica.com\/es\/wp-json\/wp\/v2\/posts\/379031\/revisions"}],"wp:featuredmedia":[{"embeddable":true,"href":"https:\/\/dimensionturistica.com\/es\/wp-json\/wp\/v2\/media\/379032"}],"wp:attachment":[{"href":"https:\/\/dimensionturistica.com\/es\/wp-json\/wp\/v2\/media?parent=379031"}],"wp:term":[{"taxonomy":"category","embeddable":true,"href":"https:\/\/dimensionturistica.com\/es\/wp-json\/wp\/v2\/categories?post=379031"},{"taxonomy":"post_tag","embeddable":true,"href":"https:\/\/dimensionturistica.com\/es\/wp-json\/wp\/v2\/tags?post=379031"}],"curies":[{"name":"wp","href":"https:\/\/api.w.org\/{rel}","templated":true}]}}