{"id":377357,"date":"2022-08-29T11:22:42","date_gmt":"2022-08-29T11:22:42","guid":{"rendered":"https:\/\/dimensionturistica.com\/es\/?p=377357"},"modified":"2022-08-29T11:22:42","modified_gmt":"2022-08-29T11:22:42","slug":"bolivia-viaje-por-las-maravillas-del-pais-andino","status":"publish","type":"post","link":"https:\/\/dimensionturistica.com\/es\/bolivia-viaje-por-las-maravillas-del-pais-andino\/","title":{"rendered":"Bolivia, viaje por las maravillas del pa\u00eds andino"},"content":{"rendered":"<p> <br \/>\n<\/p>\n<div id=\"article-sumary\">\n<div class=\"article-txt ad-mobile-top\">\n<p>La diversidad de Bolivia reside tambi\u00e9n en su gente, con comunidades ind\u00edgenas, pueblos de herencia colonial y misiones, o inmensas urbes globalizadas a pocos kil\u00f3metros de cimas de m\u00e1s de 6000 m de altitud. Uno de los mejores puntos de partida es La Paz, una ciudad que impresiona ya desde el avi\u00f3n, cuando aparece a los pies de la imponente mole del Illimani (6439 m).\u00a0\u00a0<\/p>\n<p>La Paz no es la capital de Bolivia, derecho reservado a Sucre, pero s\u00ed la sede del gobierno y eso es perfectamente seen en la plaza Murillo, en pleno centro de la ciudad. All\u00ed se alzan la catedral, el antiguo palacio Presidencial \u2013de 1853 a 2018\u2013, denominado Palacio Quemado tras el incendio de 1875, y La Casa Grande del Pueblo, un edificio brutalista mucho m\u00e1s alto que la Catedral que fue levantado en \u00e9poca de Evo Morales para acoger la sede del gobierno. El nuevo predio simboliza la uni\u00f3n de las 36 comunidades ind\u00edgenas del pa\u00eds por encima de la herencia colonial.\u00a0<\/p>\n<\/div>\n<\/div>\n\n<p><em> &#8221; Fuentes viajes.nationalgeographic.com.es &#8221; <\/em><\/p>\n","protected":false},"excerpt":{"rendered":"<p>La diversidad de Bolivia reside tambi\u00e9n en su gente, con comunidades ind\u00edgenas, pueblos de herencia colonial y misiones, o inmensas urbes globalizadas a pocos kil\u00f3metros de cimas de m\u00e1s de 6000 m de altitud. Uno de los mejores puntos de partida es La Paz, una ciudad que impresiona ya desde el avi\u00f3n, cuando aparece a [&hellip;]<\/p>\n","protected":false},"author":4,"featured_media":377358,"comment_status":"open","ping_status":"closed","sticky":false,"template":"","format":"standard","meta":{"om_disable_all_campaigns":false,"jnews-multi-image_gallery":[],"jnews_single_post":[],"jnews_primary_category":[],"jnews_social_meta":[],"footnotes":""},"categories":[39],"tags":[47258,47257],"class_list":["post-377357","post","type-post","status-publish","format-standard","has-post-thumbnail","hentry","category-viajes","tag-cargado-desde-el-fichero-de-recursos","tag-keywords-por-defecto"],"_links":{"self":[{"href":"https:\/\/dimensionturistica.com\/es\/wp-json\/wp\/v2\/posts\/377357","targetHints":{"allow":["GET"]}}],"collection":[{"href":"https:\/\/dimensionturistica.com\/es\/wp-json\/wp\/v2\/posts"}],"about":[{"href":"https:\/\/dimensionturistica.com\/es\/wp-json\/wp\/v2\/types\/post"}],"author":[{"embeddable":true,"href":"https:\/\/dimensionturistica.com\/es\/wp-json\/wp\/v2\/users\/4"}],"replies":[{"embeddable":true,"href":"https:\/\/dimensionturistica.com\/es\/wp-json\/wp\/v2\/comments?post=377357"}],"version-history":[{"count":0,"href":"https:\/\/dimensionturistica.com\/es\/wp-json\/wp\/v2\/posts\/377357\/revisions"}],"wp:featuredmedia":[{"embeddable":true,"href":"https:\/\/dimensionturistica.com\/es\/wp-json\/wp\/v2\/media\/377358"}],"wp:attachment":[{"href":"https:\/\/dimensionturistica.com\/es\/wp-json\/wp\/v2\/media?parent=377357"}],"wp:term":[{"taxonomy":"category","embeddable":true,"href":"https:\/\/dimensionturistica.com\/es\/wp-json\/wp\/v2\/categories?post=377357"},{"taxonomy":"post_tag","embeddable":true,"href":"https:\/\/dimensionturistica.com\/es\/wp-json\/wp\/v2\/tags?post=377357"}],"curies":[{"name":"wp","href":"https:\/\/api.w.org\/{rel}","templated":true}]}}