{"id":377259,"date":"2022-08-29T05:24:40","date_gmt":"2022-08-29T05:24:40","guid":{"rendered":"https:\/\/dimensionturistica.com\/es\/?p=377259"},"modified":"2022-08-29T05:24:41","modified_gmt":"2022-08-29T05:24:41","slug":"consejo-de-promocion-turistica-de-quintana-roo-presenta-las-bondades-del-caribe-mexicano-para-el-segmento-de-reuniones","status":"publish","type":"post","link":"https:\/\/dimensionturistica.com\/es\/consejo-de-promocion-turistica-de-quintana-roo-presenta-las-bondades-del-caribe-mexicano-para-el-segmento-de-reuniones\/","title":{"rendered":"Consejo de Promoci\u00f3n Tur\u00edstica de Quintana Roo presenta las bondades del Caribe mexicano para el segmento de reuniones"},"content":{"rendered":"<p> <br \/>\n<\/p>\n<div>\n<p class=\"jsx-3954459878\">Canc\u00fan, QR. En el marco de <strong>IBTM Americas 2022<\/strong>, que se llev\u00f3 a cabo los d\u00edas 24 y 25 de agosto en la Ciudad de M\u00e9xico, se realiz\u00f3 una presentaci\u00f3n de destino, impartida por Roc\u00edo Gonz\u00e1lez Jonguitud, directora de Turismo de Reuniones del Consejo de Promoci\u00f3n Tur\u00edstica de Quintana Roo, (<strong>CPTQ<\/strong>) quien comparti\u00f3 las bondades que tiene el <strong>Caribe mexicano<\/strong> para la captaci\u00f3n de eventos y grupos.<\/p>\n<p class=\"jsx-3954459878\">En la presentaci\u00f3n ante 60 organizadores de eventos de este segmento, se destacaron las principales ventajas del Caribe mexicano para este sector, como la amplia conectividad a\u00e9rea; ya que actualmente cuenta con tres aeropuertos internacionales y un ascendente n\u00famero de operaciones; por ejemplo, la terminal a\u00e9rea de Canc\u00fan tan solo el 13 de agosto tuvo una programaci\u00f3n de 202 llegadas internacionales y 107 nacionales, siendo un whole de 309; adem\u00e1s de los 106 vuelos directos con ciudades de todo el mundo.<\/p>\n<p class=\"jsx-3954459878\">\u201c<strong>Quintana Roo<\/strong> no solo ofrece su calidez en el servicio y locaciones ideales para eventos, tambi\u00e9n tiene una gran variedad de actividades culturales, opciones de lugares para compras, parques tem\u00e1ticos, restaurantes y atracciones acu\u00e1ticas, adem\u00e1s contamos con infraestructura hotelera que puede albergar a los asistentes y sus familiares. El Caribe mexicano tiene tres centros de convenciones en Canc\u00fan, Isla Cozumel y Chetumal, con capacidades de 700 hasta 6,000 personas\u201d, coment\u00f3 Dar\u00edo Flota Ocampo, director del <strong>CPTQ<\/strong>.<\/p>\n<p class=\"jsx-3954459878\">Adem\u00e1s, el Caribe mexicano cuenta con diversos destinos que se adaptan a las modalidades de cualquier evento, lo que hace que la regi\u00f3n sea una de las principales para el turismo de reuniones; se pueden encontrar las mejores compa\u00f1\u00edas de proveedur\u00eda para la producci\u00f3n de eventos (mobiliario y decoraci\u00f3n), audio y video, servicios aduanales, servicio de banquetes, traducci\u00f3n simult\u00e1nea, entre otros.<\/p>\n<p class=\"jsx-3954459878\">De acuerdo con informaci\u00f3n de los organizadores este a\u00f1o<strong> IBTM Americas<\/strong>, reuni\u00f3 alrededor de 4,000 expertos de la industria de reuniones, que representaron poco m\u00e1s de 500 compradores y 2,600 visitantes; as\u00ed como 450 empresas expositoras, quienes tuvieron cerca de 10,000 citas, alcanzando oportunidades de negocio de aproximadamente 1,000 millones de d\u00f3lares.<\/p>\n<p class=\"jsx-3954459878\">Asimismo, se presentaron 17 programas acad\u00e9micos y eventos simult\u00e1neos, m\u00e1s de 60 conferencistas de talla internacional y se concretaron 22 alianzas con asociaciones nacionales e internacionales.<\/p>\n<p class=\"jsx-3954459878\">El Caribe mexicano particip\u00f3 con un pabell\u00f3n de 54 metros cuadrados, integrado por Grupo Xcaret, Lodge Oasis, The highest Connection (DMC), Arminas DMC y Fairmont.<\/p>\n<p class=\"jsx-3954459878\">El jueves 25 de agosto, por la ma\u00f1ana, Flota Ocampo particip\u00f3 en el panel Prioridades y alianzas entre DMO\u2019s y sector p\u00fablico: balanceando oportunidades, donde expuso que \u201cen el proceso de atraer eventos de la industria de reuniones a un destino, hay que considerar que no s\u00f3lo participan el destino y una contraparte, sino que hay otros dos actores que son la propia organizaci\u00f3n que har\u00e1 la reuni\u00f3n, m\u00e1s el intermediario que se encarga de organizar el evento\u201d.<\/p>\n<p class=\"jsx-3954459878\">En el panel tambi\u00e9n estuvieron Fernando Fondevila, presidente y CEO de Promtur Panam\u00e1 y Carlos de Sebasti\u00e1n, director de las Relaciones de Asociaciones de MCI Group; fue moderado por Ana Mar\u00eda Viscasillas, miembro de las Juntas de las Asociaciones EIC (Occasions Business Council) y adem\u00e1s del presidente del Consejo Mexicano de la Industria de Reuniones, Alejandro Ram\u00edrez.<\/p>\n<p class=\"jsx-3954459878\"><a rel=\"nofollow noopener\" target=\"_blank\" href=\"https:\/\/www.eleconomista.com.mx\/estados\/mailto:estados@eleconomista.mx\">estados@eleconomista.mx<\/a><\/p>\n<\/div>\n<p><script>\n            !function(f,b,e,v,n,t,s)\n            {if(f.fbq)return;n=f.fbq=function(){n.callMethod?\n            n.callMethod.apply(n,arguments):n.queue.push(arguments)};\n            if(!f._fbq)f._fbq=n;n.push=n;n.loaded=!0;n.version='2.0';\n            n.queue=[];t=b.createElement(e);t.async=!0;\n            t.src=v;s=b.getElementsByTagName(e)[0];\n            s.parentNode.insertBefore(t,s)}(window,document,'script',\n            'https:\/\/connect.facebook.net\/es_MX\/fbevents.js');\n             fbq('init', '307764907300134'); \n            fbq('track', 'PageView');<\/script><script>\n            !function(f,b,e,v,n,t,s)\n            {if(f.fbq)return;n=f.fbq=function(){n.callMethod?\n            n.callMethod.apply(n,arguments):n.queue.push(arguments)};\n            if(!f._fbq)f._fbq=n;n.push=n;n.loaded=!0;n.version='2.0';\n            n.queue=[];t=b.createElement(e);t.async=!0;\n            t.src=v;s=b.getElementsByTagName(e)[0];\n            s.parentNode.insertBefore(t,s)}(window,document,'script',\n            'https:\/\/connect.facebook.net\/es_MX\/fbevents.js');\n             fbq('init', '809027795973656'); \n            fbq('track', 'PageView');<\/script><br \/>\n<br \/><\/p>\n<p><em> &#8221; Fuentes www.eleconomista.com.mx &#8221; <\/em><\/p>\n","protected":false},"excerpt":{"rendered":"<p>Canc\u00fan, QR. En el marco de IBTM Americas 2022, que se llev\u00f3 a cabo los d\u00edas 24 y 25 de agosto en la Ciudad de M\u00e9xico, se realiz\u00f3 una presentaci\u00f3n de destino, impartida por Roc\u00edo Gonz\u00e1lez Jonguitud, directora de Turismo de Reuniones del Consejo de Promoci\u00f3n Tur\u00edstica de Quintana Roo, (CPTQ) quien comparti\u00f3 las bondades [&hellip;]<\/p>\n","protected":false},"author":4,"featured_media":0,"comment_status":"open","ping_status":"closed","sticky":false,"template":"","format":"standard","meta":{"om_disable_all_campaigns":false,"jnews-multi-image_gallery":[],"jnews_single_post":[],"jnews_primary_category":[],"jnews_social_meta":[],"footnotes":""},"categories":[39],"tags":[1064,544],"class_list":["post-377259","post","type-post","status-publish","format-standard","hentry","category-viajes","tag-quintana-roo","tag-turismo"],"_links":{"self":[{"href":"https:\/\/dimensionturistica.com\/es\/wp-json\/wp\/v2\/posts\/377259","targetHints":{"allow":["GET"]}}],"collection":[{"href":"https:\/\/dimensionturistica.com\/es\/wp-json\/wp\/v2\/posts"}],"about":[{"href":"https:\/\/dimensionturistica.com\/es\/wp-json\/wp\/v2\/types\/post"}],"author":[{"embeddable":true,"href":"https:\/\/dimensionturistica.com\/es\/wp-json\/wp\/v2\/users\/4"}],"replies":[{"embeddable":true,"href":"https:\/\/dimensionturistica.com\/es\/wp-json\/wp\/v2\/comments?post=377259"}],"version-history":[{"count":0,"href":"https:\/\/dimensionturistica.com\/es\/wp-json\/wp\/v2\/posts\/377259\/revisions"}],"wp:attachment":[{"href":"https:\/\/dimensionturistica.com\/es\/wp-json\/wp\/v2\/media?parent=377259"}],"wp:term":[{"taxonomy":"category","embeddable":true,"href":"https:\/\/dimensionturistica.com\/es\/wp-json\/wp\/v2\/categories?post=377259"},{"taxonomy":"post_tag","embeddable":true,"href":"https:\/\/dimensionturistica.com\/es\/wp-json\/wp\/v2\/tags?post=377259"}],"curies":[{"name":"wp","href":"https:\/\/api.w.org\/{rel}","templated":true}]}}