{"id":377178,"date":"2022-08-28T21:00:49","date_gmt":"2022-08-28T21:00:49","guid":{"rendered":"https:\/\/dimensionturistica.com\/es\/?p=377178"},"modified":"2022-08-28T21:00:49","modified_gmt":"2022-08-28T21:00:49","slug":"karol-lucero-anuncio-que-contraera-matrimonio-y-celebro-en-un-lujoso-crucero-por-paris-tv-y-espectaculo","status":"publish","type":"post","link":"https:\/\/dimensionturistica.com\/es\/karol-lucero-anuncio-que-contraera-matrimonio-y-celebro-en-un-lujoso-crucero-por-paris-tv-y-espectaculo\/","title":{"rendered":"Karol Lucero anunci\u00f3 que contraer\u00e1 matrimonio y celebr\u00f3 en un lujoso crucero por Par\u00eds | TV y Espect\u00e1culo"},"content":{"rendered":"<p> <br \/>\n<\/p>\n<div>\n<div class=\"post-excerpt\">\n<p>La pareja lleva varias semanas viajando por Europa, recuerdos que comparten en un perfil de Instagram conjunto. <\/p>\n<\/p><\/div>\n<div class=\"banners-contenido-nota-5399100\">\n<p>Una nueva etapa en su vida comenzar\u00e1<strong> Karol Lucero,<\/strong> quien este fin de semana confirm\u00f3 que contraer\u00eda matrimonio con su novia <strong>Mar\u00eda Francisca Virgili<\/strong>o.  <\/p>\n<p>El exrostro de Mega dio la noticia a trav\u00e9s de su cuenta de Instagram, donde ha estado compartiendo im\u00e1genes de su viaje por Europa. <\/p>\n<p>En esta ocasi\u00f3n, la pareja se encontraba en Par\u00eds, y para celebrar la noticia tomaron un crucero por el r\u00edo Sena. <\/p>\n<p>\u201cY dimos el siguiente paso\u2026 Felices de contarles y compartir con ustedes que #NosCasamos\u201d, escribi\u00f3 en un submit que r\u00e1pidamente comenz\u00f3 a recibir mensajes de felicitaciones. <\/p>\n<blockquote class=\"instagram-media\" data-instgrm-permalink=\"https:\/\/www.instagram.com\/p\/ChxgSUosVYn\/?utm_source=ig_embed&amp;utm_campaign=loading\" data-instgrm-version=\"14\" style=\" background:#FFF; border:0; border-radius:3px; box-shadow:0 0 1px 0 rgba(0,0,0,0.5),0 1px 10px 0 rgba(0,0,0,0.15); margin: 1px; max-width:540px; min-width:326px; padding:0; width:99.375%; width:-webkit-calc(100% - 2px); width:calc(100% - 2px);\">\n<\/blockquote>\n<p>\u201cMe alegra en el alma lo que veo, y lo que s\u00e9 que ambos han construido de manera tan s\u00f3lida. Felicidades a ambos. <strong>Estar\u00e9 en ese matrimonio si o s\u00ed. Karol, ud s\u00ed sabe de sue\u00f1os. <\/strong>Los quiero\u201d, escribi\u00f3 Luis Jara, quien trabaj\u00f3 con Karol Lucero en Mucho Gusto.<\/p>\n<p>\u201cFelicidades, amigo querido!! Q\u00fa\u00e9 gran paso!! Qu\u00e9 lindo!! M\u00e1ndale un beso a la Fran\u201d, a\u00f1adi\u00f3 Jos\u00e9 Miguel Vi\u00f1uela. <\/p>\n<p>\u201cAy, qu\u00e9 emoci\u00f3n y felicidad, que venga solo lo mejor y todo el amor que se merecen &#x2764;&#xfe0f;estoy muy feliz por ustedes\u201d, agreg\u00f3 Bego\u00f1a Basauri.<\/p>\n<figure id=\"attachment_5399113\" aria-describedby=\"caption-attachment-5399113\" style=\"width: 750px\" class=\"wp-caption alignnone\"><img decoding=\"async\" loading=\"lazy\" src=\"https:\/\/dimensionturistica.com\/es\/wp-content\/uploads\/2022\/08\/Karol-Lucero-anuncio-que-contraera-matrimonio-y-celebro-en-un.jpg\" alt=\"karol lucero y su novia\" width=\"750\" height=\"400\" class=\"size-medium wp-image-5399113\"\/><figcaption id=\"caption-attachment-5399113\" class=\"wp-caption-text\">Instagram<\/figcaption><\/figure>\n<h2>\u00bfQui\u00e9n es Francisca Virgilio, la mujer que le rob\u00f3 el coraz\u00f3n a Karol Lucero?<\/h2>\n<p>Francisca es licenciada en administraci\u00f3n de empresas de Inacap y due\u00f1a de una tienda de moda, donde comercializa trajes de ba\u00f1o dise\u00f1ados por ella. Actualmente, tambi\u00e9n es representante de marca de Nu Pores and skin.<\/p>\n<p>La joven lleva tres a\u00f1os de relaci\u00f3n con Karol Lucero, a quien conoci\u00f3 en evento donde ella trabaj\u00f3 como modelo, seg\u00fan consign\u00f3 <a rel=\"nofollow noopener\" target=\"_blank\" href=\"https:\/\/www.encancha.cl\/tiempo-x\/redes\/2022\/8\/27\/quien-es-fran-virgilio-empresaria-prometida-de-karol-lucero-176071.html\">En Cancha. <\/a><\/p>\n<blockquote class=\"instagram-media\" data-instgrm-permalink=\"https:\/\/www.instagram.com\/p\/Cgflpx7jQrc\/?utm_source=ig_embed&amp;utm_campaign=loading\" data-instgrm-version=\"14\" style=\" background:#FFF; border:0; border-radius:3px; box-shadow:0 0 1px 0 rgba(0,0,0,0.5),0 1px 10px 0 rgba(0,0,0,0.15); margin: 1px; max-width:540px; min-width:326px; padding:0; width:99.375%; width:-webkit-calc(100% - 2px); width:calc(100% - 2px);\">\n<\/blockquote><\/div>\n<p>        <img decoding=\"async\" src=\"https:\/\/dimensionturistica.com\/es\/wp-content\/uploads\/2022\/07\/Programa-Vacaciones-Tercera-Edad-como-y-desde-que-edad-acceder.png\" style=\"margin: 20px 0;\"\/>\n    <\/div>\n<p><script\n            async\n            defer\n            crossorigin=\"anonymous\"\n            src=\"https:\/\/connect.facebook.net\/es_ES\/sdk.js#xfbml=1&#038;version=v12.0&#038;appId=263921489014995&#038;autoLogAppEvents=1\"\n            nonce=\"hAfryF8z\"\n        ><\/script><script async defer src=\"https:\/\/platform.instagram.com\/en_US\/embeds.js\"><\/script><br \/>\n<br \/><\/p>\n<p><em> &#8221; Fuentes www.biobiochile.cl &#8221; <\/em><\/p>\n","protected":false},"excerpt":{"rendered":"<p>La pareja lleva varias semanas viajando por Europa, recuerdos que comparten en un perfil de Instagram conjunto. Una nueva etapa en su vida comenzar\u00e1 Karol Lucero, quien este fin de semana confirm\u00f3 que contraer\u00eda matrimonio con su novia Mar\u00eda Francisca Virgilio. El exrostro de Mega dio la noticia a trav\u00e9s de su cuenta de Instagram, [&hellip;]<\/p>\n","protected":false},"author":4,"featured_media":377179,"comment_status":"open","ping_status":"closed","sticky":false,"template":"","format":"standard","meta":{"om_disable_all_campaigns":false,"jnews-multi-image_gallery":[],"jnews_single_post":[],"jnews_primary_category":[],"jnews_social_meta":[],"footnotes":""},"categories":[41],"tags":[52286,52256,17250],"class_list":["post-377178","post","type-post","status-publish","format-standard","has-post-thumbnail","hentry","category-cruceros","tag-francisca-virgilio","tag-karol-lucero","tag-matrimonio"],"_links":{"self":[{"href":"https:\/\/dimensionturistica.com\/es\/wp-json\/wp\/v2\/posts\/377178","targetHints":{"allow":["GET"]}}],"collection":[{"href":"https:\/\/dimensionturistica.com\/es\/wp-json\/wp\/v2\/posts"}],"about":[{"href":"https:\/\/dimensionturistica.com\/es\/wp-json\/wp\/v2\/types\/post"}],"author":[{"embeddable":true,"href":"https:\/\/dimensionturistica.com\/es\/wp-json\/wp\/v2\/users\/4"}],"replies":[{"embeddable":true,"href":"https:\/\/dimensionturistica.com\/es\/wp-json\/wp\/v2\/comments?post=377178"}],"version-history":[{"count":0,"href":"https:\/\/dimensionturistica.com\/es\/wp-json\/wp\/v2\/posts\/377178\/revisions"}],"wp:featuredmedia":[{"embeddable":true,"href":"https:\/\/dimensionturistica.com\/es\/wp-json\/wp\/v2\/media\/377179"}],"wp:attachment":[{"href":"https:\/\/dimensionturistica.com\/es\/wp-json\/wp\/v2\/media?parent=377178"}],"wp:term":[{"taxonomy":"category","embeddable":true,"href":"https:\/\/dimensionturistica.com\/es\/wp-json\/wp\/v2\/categories?post=377178"},{"taxonomy":"post_tag","embeddable":true,"href":"https:\/\/dimensionturistica.com\/es\/wp-json\/wp\/v2\/tags?post=377178"}],"curies":[{"name":"wp","href":"https:\/\/api.w.org\/{rel}","templated":true}]}}