{"id":376948,"date":"2022-08-28T06:59:18","date_gmt":"2022-08-28T06:59:18","guid":{"rendered":"https:\/\/dimensionturistica.com\/es\/?p=376948"},"modified":"2022-08-28T06:59:18","modified_gmt":"2022-08-28T06:59:18","slug":"con-mi-futura-esposa-karol-lucero-festejo-su-compromiso-con-fran-virgilio-con-lujoso-paseo-en-crucero-por-paris","status":"publish","type":"post","link":"https:\/\/dimensionturistica.com\/es\/con-mi-futura-esposa-karol-lucero-festejo-su-compromiso-con-fran-virgilio-con-lujoso-paseo-en-crucero-por-paris\/","title":{"rendered":"\u201cCon mi futura esposa\u201d: Karol Lucero festej\u00f3 su compromiso con Fran Virgilio con lujoso paseo en crucero por Par\u00eds"},"content":{"rendered":"<p> <br \/>\n<\/p>\n<div id=\"cuerpo-nota\">\n<p>Tras varios meses paseando por Europa, <strong><a rel=\"nofollow noopener\" target=\"_blank\" href=\"https:\/\/www.encancha.cl\/temas\/karol-lucero-4729.html\">Karol Lucero <\/a><\/strong>aprovech\u00f3 su estad\u00eda en Francia para dar el siguiente paso y <strong><a rel=\"nofollow noopener\" target=\"_blank\" href=\"https:\/\/www.encancha.cl\/tiempo-x\/redes\/2022\/8\/27\/bajo-la-torre-eiffel-karol-lucero-fran-virgilio-dieron-gran-anuncio-sobre-su-futuro-como-pareja-176050.html\">se comprometi\u00f3 con Fran Virgilio en un rom\u00e1ntico escenario en la Torre Eiffel<\/a><\/strong>.\u00a0<\/p>\n<aside class=\"htmlinline\"\/>\n<p>Luego de la propuesta, la pareja sali\u00f3 a festejar su amor en una rom\u00e1ntica velada que organiz\u00f3 el ex \u201cMucho Gusto\u201d para sorprender a su enamorada. Por lo mismo, llegaron hasta el r\u00edo Sena, donde abordaron un lujoso crucero.\u00a0<\/p>\n<p><strong>\u201cFelices celebrando, compartiendo con mi novia, mi futura esposa. Y para celebrar, la mejor mesa del mejor crucero de Par\u00eds para disfrutar. Esto es lo que te merece amor, te amo mucho\u201d<\/strong>, coment\u00f3 en su <strong><a rel=\"nofollow noopener\" target=\"_blank\" href=\"https:\/\/www.instagram.com\/karol_lucerov\/\">cuenta de Instagram<\/a><\/strong>.<\/p>\n<aside class=\"htmlinline\"\/>\n<p>Seg\u00fan mostr\u00f3 Karol Lucero, adem\u00e1s de la velada por el r\u00edo, pudieron disfrutar de una cena en la que celebraron con vinos y pasteles, con la vista de la ciudad de fondo.<strong> \u201cEsta es nuestra primera comida como novios. Te amo\u201d,<\/strong> destac\u00f3.\u00a0<\/p>\n<p><strong>\u201cEsto es lo que nos ofrece Par\u00eds esta noche, una noche de celebraci\u00f3n tu y yo. Y esta una de las postales m\u00e1s lindas y rom\u00e1nticas, la Torre Eiffel, testigo de nuestro noviazgo\u201d<\/strong>, agreg\u00f3<\/p>\n<aside class=\"relacionadas con-foto\">\n<h5>Noticias Relacionadas<\/h5>\n<\/aside>\n<h2><strong>Karol Lucero y Fran Virgilio se comprometieron en Par\u00eds<\/strong><\/h2>\n<p>La pareja anunci\u00f3 en sus redes sociales que se casar\u00e1n, luego que el influencer le hiciera la propuesta a su novia bajo la Torre Eiffel.<\/p>\n<p><strong>\u201cHola a todos quienes nos han acompa\u00f1ado en este viaje, estamos contentos de compartir nuestra felicidad, nos vamos a casar\u201d<\/strong>, se\u00f1al\u00f3 el comunicador.<\/p>\n<h2><strong>As\u00ed celebr\u00f3 Karol Lucero su compromiso con Fran Virgilio<\/strong> <amp-brid-player data-partner=\"10940\" data-player=\"13477\" data-video=\"1085316\" height=\"600\" layout=\"responsive\" width=\"900\"> <\/amp-brid-player><\/h2>\n<\/div>\n<p><script async defer src=\"https:\/\/platform.instagram.com\/en_US\/embeds.js\"><\/script><br \/>\n<br \/><\/p>\n<p><em> &#8221; Fuentes www.encancha.cl &#8221; <\/em><\/p>\n","protected":false},"excerpt":{"rendered":"<p>Tras varios meses paseando por Europa, Karol Lucero aprovech\u00f3 su estad\u00eda en Francia para dar el siguiente paso y se comprometi\u00f3 con Fran Virgilio en un rom\u00e1ntico escenario en la Torre Eiffel.\u00a0 Luego de la propuesta, la pareja sali\u00f3 a festejar su amor en una rom\u00e1ntica velada que organiz\u00f3 el ex \u201cMucho Gusto\u201d para sorprender [&hellip;]<\/p>\n","protected":false},"author":4,"featured_media":376949,"comment_status":"open","ping_status":"closed","sticky":false,"template":"","format":"standard","meta":{"om_disable_all_campaigns":false,"jnews-multi-image_gallery":[],"jnews_single_post":[],"jnews_primary_category":[],"jnews_social_meta":[],"footnotes":""},"categories":[41],"tags":[52257,52256],"class_list":["post-376948","post","type-post","status-publish","format-standard","has-post-thumbnail","hentry","category-cruceros","tag-fran-virgilio","tag-karol-lucero"],"_links":{"self":[{"href":"https:\/\/dimensionturistica.com\/es\/wp-json\/wp\/v2\/posts\/376948","targetHints":{"allow":["GET"]}}],"collection":[{"href":"https:\/\/dimensionturistica.com\/es\/wp-json\/wp\/v2\/posts"}],"about":[{"href":"https:\/\/dimensionturistica.com\/es\/wp-json\/wp\/v2\/types\/post"}],"author":[{"embeddable":true,"href":"https:\/\/dimensionturistica.com\/es\/wp-json\/wp\/v2\/users\/4"}],"replies":[{"embeddable":true,"href":"https:\/\/dimensionturistica.com\/es\/wp-json\/wp\/v2\/comments?post=376948"}],"version-history":[{"count":0,"href":"https:\/\/dimensionturistica.com\/es\/wp-json\/wp\/v2\/posts\/376948\/revisions"}],"wp:featuredmedia":[{"embeddable":true,"href":"https:\/\/dimensionturistica.com\/es\/wp-json\/wp\/v2\/media\/376949"}],"wp:attachment":[{"href":"https:\/\/dimensionturistica.com\/es\/wp-json\/wp\/v2\/media?parent=376948"}],"wp:term":[{"taxonomy":"category","embeddable":true,"href":"https:\/\/dimensionturistica.com\/es\/wp-json\/wp\/v2\/categories?post=376948"},{"taxonomy":"post_tag","embeddable":true,"href":"https:\/\/dimensionturistica.com\/es\/wp-json\/wp\/v2\/tags?post=376948"}],"curies":[{"name":"wp","href":"https:\/\/api.w.org\/{rel}","templated":true}]}}