{"id":376548,"date":"2022-08-27T01:14:56","date_gmt":"2022-08-27T01:14:56","guid":{"rendered":"https:\/\/dimensionturistica.com\/es\/?p=376548"},"modified":"2022-08-27T01:14:56","modified_gmt":"2022-08-27T01:14:56","slug":"concluyo-de-manera-exitosa-presentacion-de-cubaunica-en-colombia","status":"publish","type":"post","link":"https:\/\/dimensionturistica.com\/es\/concluyo-de-manera-exitosa-presentacion-de-cubaunica-en-colombia\/","title":{"rendered":"Concluy\u00f3 de manera exitosa presentaci\u00f3n de #CubaUnica en Colombia"},"content":{"rendered":"<p> <br \/>\n<\/p>\n<div>\n<p>   Las presentaciones comenzaron el pasado lunes en Barranquilla, continuaron por Medell\u00edn, Cali y Bucaramanga hasta su \u00faltima parada este viernes en Bogot\u00e1.<\/p>\n<p>   El funcionario cubano, en di\u00e1logo con Prensa Latina, calific\u00f3 de sumamente provechosas estas jornadas, con una asistencia significativa en cada una de las ciudades donde se present\u00f3 la campa\u00f1a que busca cautivar al turista colombiano con las bondades que ofrece Cuba para descansar y vacacionar.<\/p>\n<p>   Fern\u00e1ndez asegur\u00f3 que estos eventos permitieron revitalizar la demanda hacia la Isla desde el mercado de esta naci\u00f3n suramericana.<\/p>\n<p>   De acuerdo con un steadiness, las presentaciones de #CubaUnica, impactaron directamente en unas 600 personas que visitaron la muestra en cada una de las ciudades.<\/p>\n<p>   Destac\u00f3 que durante toda la semana los acompa\u00f1\u00f3 una delegaci\u00f3n donde estaban representadas todas las cadenas hoteleras de Cuba, todos los receptivos cubanos y una buena representaci\u00f3n de agencias mayoristas, as\u00ed como las aerol\u00edneas Copa y Wingo que conectan con Cuba.<\/p>\n<p>   Por su parte, Alexis Llanes de hoteles Cubanac\u00e1n, asegur\u00f3 que ha sido una oportunidad \u00fanica en momentos en que se est\u00e1n reabriendo muchas empresas, ofreciendo nuevos productos y actividades.<\/p>\n<p>   \u00abHac\u00eda tres a\u00f1os que no visit\u00e1bamos el mercado y ha sido una ocasi\u00f3n para el reencuentro con todas las mayoristas y minoristas, presentarles el producto hotelero y de las agencias de viajes, y vimos mucho inter\u00e9s por lo que depositamos mucha confianza en este tipo de actividad para hacer crecer el turismo cubano\u00bb, afirm\u00f3.<\/p>\n<p>   En estas jornadas participan representantes del Ministerio de Turismo de la Isla, de Cubatur, Agencia de viajes Cubanacan, Cadena Islazul, Agencia Havanatur, Ecotur, Cubanacan, Gaviota, Gran Caribe, y las cadenas, Roc hoteles and Resorts Cuba, Blue Diamond, Meli\u00e1 Cuba, Sirenis y Be Dwell.<\/p>\n<p>   El objetivo fue crear demanda y ofrecer a los agentes de viajes la informaci\u00f3n normal que garantice el conocimiento sobre el destino Cuba.<\/p>\n<p>   Adem\u00e1s, actualizar a toda la crimson de ventas sobre las novedades, atractivos, nuevos sitios de inter\u00e9s, servicios y actividades para el turista.<\/p>\n<p>   Tambi\u00e9n promocionar el producto tur\u00edstico de las diferentes regiones de la isla y potenciar fundamentalmente a La Habana, los cayos, el oriente de Cuba y ciudades legendarias.<\/p>\n<p>   Con estas acciones se dieron a conocer los eventos a celebrarse en lo que resta del 2022, as\u00ed como la Feria Internacional de Trurismo (FitCuba 2023), a\u00f1adi\u00f3 Fern\u00e1ndez.<\/p>\n<p>   En todas las ciudades colombianas donde se hizo la presentaci\u00f3n, los momentos de coworking con escritorios para quienes siguieron la campa\u00f1a #CubaUnica, constituyeron un elemento central que permite intercambiar sobre esta tem\u00e1tica con los invitados.<\/p>\n<p>jha\/otf<\/p>\n<\/p><\/div>\n\n<p><em> &#8221; Fuentes www.prensa-latina.cu &#8221; <\/em><\/p>\n","protected":false},"excerpt":{"rendered":"<p>Las presentaciones comenzaron el pasado lunes en Barranquilla, continuaron por Medell\u00edn, Cali y Bucaramanga hasta su \u00faltima parada este viernes en Bogot\u00e1. El funcionario cubano, en di\u00e1logo con Prensa Latina, calific\u00f3 de sumamente provechosas estas jornadas, con una asistencia significativa en cada una de las ciudades donde se present\u00f3 la campa\u00f1a que busca cautivar al [&hellip;]<\/p>\n","protected":false},"author":4,"featured_media":221258,"comment_status":"open","ping_status":"closed","sticky":false,"template":"","format":"standard","meta":{"om_disable_all_campaigns":false,"jnews-multi-image_gallery":[],"jnews_single_post":[],"jnews_primary_category":[],"jnews_social_meta":[],"footnotes":""},"categories":[40],"tags":[771,52165,715,35201,544],"class_list":["post-376548","post","type-post","status-publish","format-standard","has-post-thumbnail","hentry","category-industria","tag-colombia","tag-cubaunica","tag-economia","tag-nota-informativa","tag-turismo"],"_links":{"self":[{"href":"https:\/\/dimensionturistica.com\/es\/wp-json\/wp\/v2\/posts\/376548","targetHints":{"allow":["GET"]}}],"collection":[{"href":"https:\/\/dimensionturistica.com\/es\/wp-json\/wp\/v2\/posts"}],"about":[{"href":"https:\/\/dimensionturistica.com\/es\/wp-json\/wp\/v2\/types\/post"}],"author":[{"embeddable":true,"href":"https:\/\/dimensionturistica.com\/es\/wp-json\/wp\/v2\/users\/4"}],"replies":[{"embeddable":true,"href":"https:\/\/dimensionturistica.com\/es\/wp-json\/wp\/v2\/comments?post=376548"}],"version-history":[{"count":0,"href":"https:\/\/dimensionturistica.com\/es\/wp-json\/wp\/v2\/posts\/376548\/revisions"}],"wp:featuredmedia":[{"embeddable":true,"href":"https:\/\/dimensionturistica.com\/es\/wp-json\/wp\/v2\/media\/221258"}],"wp:attachment":[{"href":"https:\/\/dimensionturistica.com\/es\/wp-json\/wp\/v2\/media?parent=376548"}],"wp:term":[{"taxonomy":"category","embeddable":true,"href":"https:\/\/dimensionturistica.com\/es\/wp-json\/wp\/v2\/categories?post=376548"},{"taxonomy":"post_tag","embeddable":true,"href":"https:\/\/dimensionturistica.com\/es\/wp-json\/wp\/v2\/tags?post=376548"}],"curies":[{"name":"wp","href":"https:\/\/api.w.org\/{rel}","templated":true}]}}