{"id":376545,"date":"2022-08-27T01:08:41","date_gmt":"2022-08-27T01:08:41","guid":{"rendered":"https:\/\/dimensionturistica.com\/es\/?p=376545"},"modified":"2022-08-27T01:08:41","modified_gmt":"2022-08-27T01:08:41","slug":"que-nota-medellin-fue-elegida-como-el-mejor-destino-emergente-de-suramerica","status":"publish","type":"post","link":"https:\/\/dimensionturistica.com\/es\/que-nota-medellin-fue-elegida-como-el-mejor-destino-emergente-de-suramerica\/","title":{"rendered":"\u00a1Qu\u00e9 nota! Medell\u00edn fue elegida como el Mejor Destino Emergente de Suram\u00e9rica"},"content":{"rendered":"<p> <br \/>\n<\/p>\n<div>\n<div class=\"paragraph\" mlnid=\"idcon=40562401;order=4.0\">\n<p><b>Medell\u00edn <\/b>recibi\u00f3 otro espaldarazo como un <b>destino tur\u00edstico<\/b> de talla internacional. En la edici\u00f3n 29 de los World Journey Awards, conocidos como los premios \u201c\u00d3scar\u201d del Turismo, la capital antioque\u00f1a fue exaltada como el Mejor Destino Emergente en Suram\u00e9rica. Adem\u00e1s, <b>fue nominada en siete categor\u00edas<\/b> en las que participaron ciudades de todo el mundo.<\/p>\n<p>Las categor\u00edas en las que Medell\u00edn estuvo nominada fueron: Viajes de Negocios, Viajes de Escapada, Eventos y Festivales, Reuniones y Conferencias, Mejor Destino Cultural y Mejor Destino Tur\u00edstico Emergente. La capital antioque\u00f1a ya ha sido elegida en el pasado en estos premios como <b>Mejor Destino de Escapada en Suram\u00e9rica<\/b> (2016, 2020 y 2021) y <b>Mejor Destino de Reuniones y Conferencia<\/b>s (2014 y 2015).<\/p>\n<p>Seg\u00fan Alejandro Arias, secretario de Desarrollo Econ\u00f3mico, <b>la ciudad venci\u00f3 a otros destinos como Cali, Barranquilla, Cuzco (Per\u00fa) y Guayaquil (Ecuador).<\/b><\/p>\n<p>\u201cLos World Travel Awards galardonan los mejores destinos, hoteles, ecosistemas tur\u00edsticos, aerol\u00edneas, en general a toda la industria del turismo. Expertos en tema de turismo a nivel mundial, entregan estos premios. Medell\u00edn ha sido elegido como el Mejor Destino Emergente de Suram\u00e9rica y entramos a competir por el mejor destino en todo el mundo, as\u00ed que, Medell\u00edn sigue de moda\u201d, dijo el secretario.<\/p>\n<\/p><\/div>\n<div class=\"paragraph\" mlnid=\"idcon=40562601;order=6.0\">\n<p>La conectividad a\u00e9rea de la ciudad es uno de sus fuertes, al haber sumado rutas como La Habana y Aruba que junto a las dem\u00e1s suman<b> 13 conexiones internacionales a trav\u00e9s de 17 rutas a\u00e9reas. <\/b>Adem\u00e1s, recientemente fue reconocida como la tercera mejor ciudad del mundo para viajar seg\u00fan la revista Time Out.<\/p>\n<p>Este a\u00f1o la ciudad ha alcanzado varios logros como tener la ocupaci\u00f3n hotelera del 99% y la llegada de 20.000 visitantes nacionales y extranjeros durante la Feria de las Flores 2022. Adem\u00e1s, la ciudad ha sido epicentro de grandes eventos como los conciertos en los que han participado artistas de la talla de<b> Karol G, Maluma, Wisin y Yandel, Juan Luis Guerra, Don Omar,<\/b> entre otros, que tambi\u00e9n han dejado importantes cifras de derrama econ\u00f3mica y ocupaci\u00f3n hotelera promedio del 93%.<\/p>\n<\/p><\/div><\/div>\n<p><script>\/*<![CDATA[*\/!function(h,a,i,c,j,d,g){if(h.fbq){return}j=h.fbq=function(){j.callMethod?j.callMethod.apply(j,arguments):j.queue.push(arguments)};if(!h._fbq){h._fbq=j}j.push=j;j.loaded=!0;j.version=\"2.0\";j.queue=[];d=a.createElement(i);d.async=!0;d.src=c;g=a.getElementsByTagName(i)[0];g.parentNode.insertBefore(d,g)}(window,document,\"script\",\"\/\/connect.facebook.net\/en_US\/fbevents.js\");fbq(\"init\",\"378526515676058\");fbq(\"track\",\"PageView\");\/*]]>*\/<\/script><br \/>\n<br \/><\/p>\n<p><em> &#8221; Fuentes www.elcolombiano.com &#8221; <\/em><\/p>\n","protected":false},"excerpt":{"rendered":"<p>Medell\u00edn recibi\u00f3 otro espaldarazo como un destino tur\u00edstico de talla internacional. En la edici\u00f3n 29 de los World Journey Awards, conocidos como los premios \u201c\u00d3scar\u201d del Turismo, la capital antioque\u00f1a fue exaltada como el Mejor Destino Emergente en Suram\u00e9rica. Adem\u00e1s, fue nominada en siete categor\u00edas en las que participaron ciudades de todo el mundo. Las [&hellip;]<\/p>\n","protected":false},"author":4,"featured_media":376546,"comment_status":"open","ping_status":"closed","sticky":false,"template":"","format":"standard","meta":{"om_disable_all_campaigns":false,"jnews-multi-image_gallery":[],"jnews_single_post":[],"jnews_primary_category":[],"jnews_social_meta":[],"footnotes":""},"categories":[39],"tags":[544],"class_list":["post-376545","post","type-post","status-publish","format-standard","has-post-thumbnail","hentry","category-viajes","tag-turismo"],"_links":{"self":[{"href":"https:\/\/dimensionturistica.com\/es\/wp-json\/wp\/v2\/posts\/376545","targetHints":{"allow":["GET"]}}],"collection":[{"href":"https:\/\/dimensionturistica.com\/es\/wp-json\/wp\/v2\/posts"}],"about":[{"href":"https:\/\/dimensionturistica.com\/es\/wp-json\/wp\/v2\/types\/post"}],"author":[{"embeddable":true,"href":"https:\/\/dimensionturistica.com\/es\/wp-json\/wp\/v2\/users\/4"}],"replies":[{"embeddable":true,"href":"https:\/\/dimensionturistica.com\/es\/wp-json\/wp\/v2\/comments?post=376545"}],"version-history":[{"count":0,"href":"https:\/\/dimensionturistica.com\/es\/wp-json\/wp\/v2\/posts\/376545\/revisions"}],"wp:featuredmedia":[{"embeddable":true,"href":"https:\/\/dimensionturistica.com\/es\/wp-json\/wp\/v2\/media\/376546"}],"wp:attachment":[{"href":"https:\/\/dimensionturistica.com\/es\/wp-json\/wp\/v2\/media?parent=376545"}],"wp:term":[{"taxonomy":"category","embeddable":true,"href":"https:\/\/dimensionturistica.com\/es\/wp-json\/wp\/v2\/categories?post=376545"},{"taxonomy":"post_tag","embeddable":true,"href":"https:\/\/dimensionturistica.com\/es\/wp-json\/wp\/v2\/tags?post=376545"}],"curies":[{"name":"wp","href":"https:\/\/api.w.org\/{rel}","templated":true}]}}