{"id":376401,"date":"2022-08-26T19:34:17","date_gmt":"2022-08-26T19:34:17","guid":{"rendered":"https:\/\/dimensionturistica.com\/es\/?p=376401"},"modified":"2022-08-26T19:34:17","modified_gmt":"2022-08-26T19:34:17","slug":"medellin-mejor-destino-emergente-en-suramerica","status":"publish","type":"post","link":"https:\/\/dimensionturistica.com\/es\/medellin-mejor-destino-emergente-en-suramerica\/","title":{"rendered":"Medell\u00edn: &#8216;Mejor Destino Emergente en Suram\u00e9rica&#8217;"},"content":{"rendered":"<p> <br \/>\n<\/p>\n<div>\n<p>En la edici\u00f3n 29 de los World Journey Awards, o tambi\u00e9n conocidos como los &#8216;Premios Oscar del Turismo&#8217;, Medell\u00edn fue elegida como el &#8216;Mejor Destino Emergente en Suram\u00e9rica&#8217;, tras participar en siete categor\u00edas del certamen compitiendo con varias ciudades del mundo.<\/p>\n<p>El secretario de Desarrollo Econ\u00f3mico de la capital antioque\u00f1a, Alejandro Arias, destac\u00f3 el reconocimiento mundial que, una vez m\u00e1s, alcanza la &#8220;ciudad de la eterna primavera&#8221;. En 2014 y 2015, Medell\u00edn ya hab\u00eda sido elegida como &#8216;Mejor Destino de Reuniones y Conferencias&#8217;, en 2016, 2020 y 2021 como &#8216;Mejor Destino de Escapada en Suram\u00e9rica&#8217;.<\/p>\n<hr\/>\n<p><strong>Tambi\u00e9n puedes leer: <a rel=\"nofollow noopener\" target=\"_blank\" href=\"https:\/\/radionacional.co\/cultura\/turismo\/colombia-tercer-pais-mas-lindo-del-mundo-segun-forbes\" title=\"Colombia ocup\u00f3 el tercer lugar entre los pa\u00edses con mayor belleza natural del mundo\">Colombia ocup\u00f3 el tercer lugar entre los pa\u00edses con mayor belleza natural del mundo<\/a><\/strong><\/p>\n<hr\/>\n<p>\u201cCompetimos con ciudades como Cali, Barranquilla, Cuzco (Per\u00fa) y Guayaquil (Ecuador). Los World Travel Awards galardonan los mejores destinos, hoteles, ecosistemas tur\u00edsticos, aerol\u00edneas. En general a toda la industria del turismo\u201d, se\u00f1al\u00f3 el funcionario.\u00a0<\/p>\n<figure class=\"figure\"><img decoding=\"async\" alt=\"Medell\u00c3\u00adn: 'Mejor Destino Emergente en Suram\u00c3\u00a9rica' | World Travel Awards\" data-entity-type=\"file\" data-entity-uuid=\"962b2161-6d91-4163-ab64-3925e37fd516\" src=\"https:\/\/radionacional-v3.s3.amazonaws.com\/s3fs-public\/inline-images\/medellin-antioquiaciudad-panoramica.jpg\" class=\"figure-img img-fluid\" loading=\"lazy\"\/><figcaption class=\"figure-caption\"><strong>Foto<\/strong>: Alcald\u00eda de Medell\u00edn<\/figcaption><\/figure>\n<p>En efecto, las cifras de turismo en Medell\u00edn han mostrado un significativo aumento en los \u00faltimos a\u00f1os.\u00a0<br \/>Solo en la Feria de las Flores 20.000 visitantes nacionales y extranjeros arribaron a la ciudad, permitiendo que la ocupaci\u00f3n hotelera alcanzara un nivel de ocupaci\u00f3n del 99%.<\/p>\n<p>\u201cExpertos en temas de turismo a nivel mundial entregan estos premios. Medell\u00edn ha sido elegida como el &#8216;Mejor Destino Emergente de Suram\u00e9rica&#8217; y entramos a competir por el mejor destino en todo el mundo\u201d, agreg\u00f3 Alejandro Arias.<\/p>\n<p>A la fecha, Medell\u00edn cuenta con 13 conexiones internacionales a trav\u00e9s de 17 rutas a\u00e9reas, siendo la Habana y Aruba las habilitadas m\u00e1s recientemente.<\/p>\n<p>De hecho, esta ciudad que hace un par de meses fue catalogada por la revista &#8216;Time Out&#8217; como la tercera mejor ciudad del mundo para viajar, ha sido escenario para la presentaci\u00f3n de grandes artistas como Karol G, Maluma, Wisin y Yandel, Juan Luis Guerra, Don Omar, entre otros.<\/p>\n<\/div>\n\n<p><em> &#8221; Fuentes www.radionacional.co &#8221; <\/em><\/p>\n","protected":false},"excerpt":{"rendered":"<p>En la edici\u00f3n 29 de los World Journey Awards, o tambi\u00e9n conocidos como los &#8216;Premios Oscar del Turismo&#8217;, Medell\u00edn fue elegida como el &#8216;Mejor Destino Emergente en Suram\u00e9rica&#8217;, tras participar en siete categor\u00edas del certamen compitiendo con varias ciudades del mundo. El secretario de Desarrollo Econ\u00f3mico de la capital antioque\u00f1a, Alejandro Arias, destac\u00f3 el reconocimiento [&hellip;]<\/p>\n","protected":false},"author":4,"featured_media":376402,"comment_status":"open","ping_status":"closed","sticky":false,"template":"","format":"standard","meta":{"om_disable_all_campaigns":false,"jnews-multi-image_gallery":[],"jnews_single_post":[],"jnews_primary_category":[],"jnews_social_meta":[],"footnotes":""},"categories":[39],"tags":[5557,544],"class_list":["post-376401","post","type-post","status-publish","format-standard","has-post-thumbnail","hentry","category-viajes","tag-medellin","tag-turismo"],"_links":{"self":[{"href":"https:\/\/dimensionturistica.com\/es\/wp-json\/wp\/v2\/posts\/376401","targetHints":{"allow":["GET"]}}],"collection":[{"href":"https:\/\/dimensionturistica.com\/es\/wp-json\/wp\/v2\/posts"}],"about":[{"href":"https:\/\/dimensionturistica.com\/es\/wp-json\/wp\/v2\/types\/post"}],"author":[{"embeddable":true,"href":"https:\/\/dimensionturistica.com\/es\/wp-json\/wp\/v2\/users\/4"}],"replies":[{"embeddable":true,"href":"https:\/\/dimensionturistica.com\/es\/wp-json\/wp\/v2\/comments?post=376401"}],"version-history":[{"count":0,"href":"https:\/\/dimensionturistica.com\/es\/wp-json\/wp\/v2\/posts\/376401\/revisions"}],"wp:featuredmedia":[{"embeddable":true,"href":"https:\/\/dimensionturistica.com\/es\/wp-json\/wp\/v2\/media\/376402"}],"wp:attachment":[{"href":"https:\/\/dimensionturistica.com\/es\/wp-json\/wp\/v2\/media?parent=376401"}],"wp:term":[{"taxonomy":"category","embeddable":true,"href":"https:\/\/dimensionturistica.com\/es\/wp-json\/wp\/v2\/categories?post=376401"},{"taxonomy":"post_tag","embeddable":true,"href":"https:\/\/dimensionturistica.com\/es\/wp-json\/wp\/v2\/tags?post=376401"}],"curies":[{"name":"wp","href":"https:\/\/api.w.org\/{rel}","templated":true}]}}