{"id":376373,"date":"2022-08-26T18:33:53","date_gmt":"2022-08-26T18:33:53","guid":{"rendered":"https:\/\/dimensionturistica.com\/es\/?p=376373"},"modified":"2022-08-26T18:33:53","modified_gmt":"2022-08-26T18:33:53","slug":"demanda-afirma-que-la-carne-que-vende-whole-foods-tiene-antibioticos-aunque-no-lo-indica","status":"publish","type":"post","link":"https:\/\/dimensionturistica.com\/es\/demanda-afirma-que-la-carne-que-vende-whole-foods-tiene-antibioticos-aunque-no-lo-indica\/","title":{"rendered":"Demanda afirma que la carne que vende Whole Foods tiene antibi\u00f3ticos aunque no lo indica"},"content":{"rendered":"<p> <br \/>\n<\/p>\n<div id=\"post-634776\">\n<div class=\"entry-content\">\n<p>Un grupo de consumidores demand\u00f3 a Complete Meals bajo el alegato de que encontraron rastros de antibi\u00f3ticos en sus productos de carne vacuno que est\u00e1n etiquetados como libres de los mismos.<\/p>\n<h2>La demanda en contra de Complete Meals<\/h2>\n<p>Complete Meals utiliza el eslogan &#8220;Nuestra carne: sin antibi\u00f3ticos, nunca&#8221; en sus materiales de advertising, como en los envases, los carteles en la tienda y en su sitio internet matriz, Amazon.<\/p>\n<ul>\n<li>Los demandantes una organizaci\u00f3n sin \u00e1nimo de lucro dedicada a acabar con la ganader\u00eda industrial, dijo que hizo sus propias pruebas en 2021 y 2022 y encontr\u00f3 rastros de monensina s\u00f3dica. El medicamento es un producto que ayuda al crecimiento de la res.\u00a0<\/li>\n<li>La organizaci\u00f3n tambi\u00e9n detect\u00f3 fenbendazol, un antiparasitario, en cinco productos de carne de vacuno la empresa.<\/li>\n<\/ul>\n<aside>\t\t\t\t\t<amp-analytics class=\"i-amphtml-layout-fixed i-amphtml-layout-size-defined\" style=\"width:1px;height:1px\" i-amphtml-layout=\"fixed\"><\/p>\n<p>\t\t<\/amp-analytics><\/p>\n<\/aside>\n<p class=\"has-text-align-center\"><a target=\"_blank\" href=\"https:\/\/eltiempolatino.com\/2022\/05\/04\/economia\/amazon-cierra-seis-tiendas-de-whole-foods-en-cuatro-estados\/\" rel=\"noopener\">Amazon cierra seis tiendas de Whole Foods en cuatro estados<\/a><\/p>\n<ul>\n<li>El grupo dijo que hab\u00eda compartido la informaci\u00f3n con el director normal\u00a0 de la compa\u00f1\u00eda pero que no recibieron respuestas.\u00a0<\/li>\n<li>Un portavoz de Complete Meals dijo que la compa\u00f1\u00eda no comenta sobre los litigios pendientes.<\/li>\n<\/ul>\n<h2>\u00bfQu\u00e9 m\u00e1s cube la demanda?\u00a0<\/h2>\n<p>El grupo tambi\u00e9n alega que envi\u00f3 un correo electr\u00f3nico a un ejecutivo de la cadena en 2017 sugiriendo un m\u00e9todo de prueba para verificar las afirmaciones libres de antibi\u00f3ticos del supermercado, pero le dijeron que &#8220;las repercusiones por tener un resultado positivo estaban m\u00e1s all\u00e1 de lo rid\u00edculo.&#8221;<\/p>\n<ul>\n<li>La demanda detalla que la compa\u00f1\u00eda explot\u00f3 financieramente a sus clientes al cobrar m\u00e1s por este producto c\u00e1rnico , bajo el pretexto de que eran m\u00e1s saludables.<\/li>\n<li>Un estudio publicado en Science.org en abril descubri\u00f3 que en una prueba de laboratorio independiente, el 26% del ganado del programa World Animal Partnership (GAP) Animal Welfare Licensed dio positivo en antibi\u00f3ticos.<\/li>\n<li>En aquel entonces Complete Meals dijo: \u201cNos tomamos muy en serio el cumplimiento de las normas y nunca dudamos en actuar si un proveedor no ha cumplido con nuestros rigurosos est\u00e1ndares de calidad.&#8221;<\/li>\n<\/ul>\n<p>Fuente principal de la noticia: <a target=\"_blank\" href=\"https:\/\/www.npr.org\/2022\/08\/26\/1119368669\/whole-foods-antibiotics-beef-lawsuit\" rel=\"noreferrer noopener\">NPR<\/a><\/p>\n<aside class=\"scaip scaip-1    \">\n\t\t<\/aside>\n<nav class=\"jp-relatedposts-i2\" data-layout=\"grid\"\/>\n<section id=\"block-23\" class=\"below-content widget widget_block\">\n<\/section>\n<section id=\"block-20\" class=\"below-content widget widget_block\"><span class=\"tprimary has-dark-gray-color has-text-color\">\u00daLTIMAS NOTICIAS<\/span><\/p>\n<hr class=\"wp-block-separator has-text-color has-css-opacity has-background aligncenter is-style-wide hr-1 amp-wp-41fd861\" data-amp-original-style=\"background-color:#d5d5d5;color:#d5d5d5\"\/><\/section>\n<section id=\"block-9\" class=\"below-content widget widget_block\">\n<\/section>\n<section id=\"newspack-ads-widget-15\" class=\"below-content widget widget_newspack-ads-widget\"\/>\t<\/div>\n<\/div>\n\n<p><em> \u2018 The preceding article may include information circulated by third parties \u2019 <\/em><\/p>\n<p><em> \u2018 Some details of this article were extracted from the following source eltiempolatino.com \u2019 <\/em><\/p>\n","protected":false},"excerpt":{"rendered":"<p>Un grupo de consumidores demand\u00f3 a Complete Meals bajo el alegato de que encontraron rastros de antibi\u00f3ticos en sus productos de carne vacuno que est\u00e1n etiquetados como libres de los mismos. La demanda en contra de Complete Meals Complete Meals utiliza el eslogan &#8220;Nuestra carne: sin antibi\u00f3ticos, nunca&#8221; en sus materiales de advertising, como en [&hellip;]<\/p>\n","protected":false},"author":2,"featured_media":376374,"comment_status":"open","ping_status":"closed","sticky":false,"template":"","format":"standard","meta":{"om_disable_all_campaigns":false,"jnews-multi-image_gallery":[],"jnews_single_post":[],"jnews_primary_category":[],"jnews_social_meta":[],"footnotes":""},"categories":[43],"tags":[],"class_list":["post-376373","post","type-post","status-publish","format-standard","has-post-thumbnail","hentry","category-gourmet"],"_links":{"self":[{"href":"https:\/\/dimensionturistica.com\/es\/wp-json\/wp\/v2\/posts\/376373","targetHints":{"allow":["GET"]}}],"collection":[{"href":"https:\/\/dimensionturistica.com\/es\/wp-json\/wp\/v2\/posts"}],"about":[{"href":"https:\/\/dimensionturistica.com\/es\/wp-json\/wp\/v2\/types\/post"}],"author":[{"embeddable":true,"href":"https:\/\/dimensionturistica.com\/es\/wp-json\/wp\/v2\/users\/2"}],"replies":[{"embeddable":true,"href":"https:\/\/dimensionturistica.com\/es\/wp-json\/wp\/v2\/comments?post=376373"}],"version-history":[{"count":0,"href":"https:\/\/dimensionturistica.com\/es\/wp-json\/wp\/v2\/posts\/376373\/revisions"}],"wp:featuredmedia":[{"embeddable":true,"href":"https:\/\/dimensionturistica.com\/es\/wp-json\/wp\/v2\/media\/376374"}],"wp:attachment":[{"href":"https:\/\/dimensionturistica.com\/es\/wp-json\/wp\/v2\/media?parent=376373"}],"wp:term":[{"taxonomy":"category","embeddable":true,"href":"https:\/\/dimensionturistica.com\/es\/wp-json\/wp\/v2\/categories?post=376373"},{"taxonomy":"post_tag","embeddable":true,"href":"https:\/\/dimensionturistica.com\/es\/wp-json\/wp\/v2\/tags?post=376373"}],"curies":[{"name":"wp","href":"https:\/\/api.w.org\/{rel}","templated":true}]}}