{"id":376298,"date":"2022-08-26T16:14:36","date_gmt":"2022-08-26T16:14:36","guid":{"rendered":"https:\/\/dimensionturistica.com\/es\/?p=376298"},"modified":"2022-08-26T16:14:36","modified_gmt":"2022-08-26T16:14:36","slug":"medellin-el-mejor-destino-emergente-en-sudamerica-segun-los-world-travel-awards","status":"publish","type":"post","link":"https:\/\/dimensionturistica.com\/es\/medellin-el-mejor-destino-emergente-en-sudamerica-segun-los-world-travel-awards\/","title":{"rendered":"Medell\u00edn, el mejor destino emergente en Sudam\u00e9rica seg\u00fan los World Travel Awards"},"content":{"rendered":"<p> <br \/>\n<\/p>\n<div id=\"\">\n<div class=\"ImageArticle-Container    \">\n<div class=\"ImageArticle-ImageFrame\"><picture><source class=\"ImageArticle-Image\" srcset=\"https:\/\/www.elespectador.com\/resizer\/gvZfiIcn9Z1hSwUjYJhSOKP9Z7E=\/393x261\/filters:format(jpeg)\/cloudfront-us-east-1.images.arcpublishing.com\/elespectador\/CBMO374O5RECFN5TNCI4EOZ5KA.jpg\" media=\"(max-width: 425px)\"\/><source class=\"ImageArticle-Image\" srcset=\"https:\/\/www.elespectador.com\/resizer\/k1v8_j8sXzq0A0PNMzPhhy090fU=\/568x378\/filters:format(jpeg)\/cloudfront-us-east-1.images.arcpublishing.com\/elespectador\/CBMO374O5RECFN5TNCI4EOZ5KA.jpg\" media=\"(max-width: 600px)\"\/><source class=\"ImageArticle-Image\" srcset=\"https:\/\/www.elespectador.com\/resizer\/2Thc0khR0eaTlqDge_cEQEZDTlk=\/968x645\/filters:format(jpeg)\/cloudfront-us-east-1.images.arcpublishing.com\/elespectador\/CBMO374O5RECFN5TNCI4EOZ5KA.jpg\" media=\"(max-width: 1199px)\"\/><source class=\"ImageArticle-Image\" srcset=\"https:\/\/www.elespectador.com\/resizer\/JaNMTC3epZfs-_dOkKXftFWgaAs=\/525x350\/filters:format(jpeg)\/cloudfront-us-east-1.images.arcpublishing.com\/elespectador\/CBMO374O5RECFN5TNCI4EOZ5KA.jpg\" media=\"(max-width: 1200px)\"\/><img decoding=\"async\" class=\"ImageArticle-Image\" src=\"https:\/\/www.elespectador.com\/resizer\/JaNMTC3epZfs-_dOkKXftFWgaAs=\/525x350\/filters:format(jpeg)\/cloudfront-us-east-1.images.arcpublishing.com\/elespectador\/CBMO374O5RECFN5TNCI4EOZ5KA.jpg\" alt=\"Medell\u00edn ya hab\u00eda sido elegida como mejor destino de escapada en Sudam\u00e9rica en tres oportunidades.\"\/><\/picture><\/div>\n<div class=\"ImageArticle-ContainerText\">\n<p>Medell\u00edn ya hab\u00eda sido elegida como mejor destino de escapada en Sudam\u00e9rica en tres oportunidades.<\/p>\n<p>Foto: Agencia EFE<\/p>\n<\/div>\n<\/div>\n<p class=\"font--secondary\">La ciudad de Medell\u00edn fue reconocida como el mejor destino emergente en Sudam\u00e9rica seg\u00fan los World Journey Awards, considerados como los \u201cPremios \u00d3scar del turismo\u201d.<\/p>\n<p class=\"font--secondary\"><i>(Le puede interesar: <\/i><a rel=\"nofollow noopener\" target=\"_blank\" href=\"https:\/\/www.elespectador.com\/colombia\/cartagena\/nueva-estafa-en-cartagena-a-ecuatorianos-les-cobraron-2-millones-por-dos-pescados-noticias-colombia\/\"><i>Estafa en Cartagena: a ecuatorianos les cobraron $2 millones por dos pescados<\/i><\/a><i>)<\/i><\/p>\n<p class=\"font--secondary\">\u201cCompetimos con ciudades como Cali, Barranquilla, Cusco (Per\u00fa) y Guayaquil (Ecuador). Estos premios galardonan a los mejores destinos, hoteles, ecosistemas, aerol\u00edneas y, en general, a toda la industria del turismo (&#8230;) Medell\u00edn acaba de ser elegida como el mejor destino en Sudam\u00e9rica y entramos a competir por el mejor destino en todo el mundo\u201d, manifest\u00f3 Alejandro Arias, secretario de Desarrollo Econ\u00f3mico de la capital de Antioquia.<\/p>\n<p class=\"font--secondary\">En la edici\u00f3n n\u00famero 29 de los premios, Medell\u00edn estuvo nominada en las categor\u00edas de: viajes de negocios, viajes de escapada,<b>\u00a0<\/b>eventos y festivales, reuniones y conferencias, mejor destino cultural y mejor destino tur\u00edstico emergente.<\/p>\n<p class=\"font--secondary\"><i>(Tambi\u00e9n puede leer: <\/i><a rel=\"nofollow noopener\" target=\"_blank\" href=\"https:\/\/www.elespectador.com\/colombia\/mas-regiones\/antes-de-la-visita-de-petro-al-catatumbo-dos-soldados-fueron-heridos-en-ataque-con-explosivos\/\"><i>Antes de la visita de Petro al Catatumbo, dos soldados fueron heridos en ataque<\/i><\/a><i>)<\/i><\/p>\n<p class=\"font--secondary\">Cabe recordar que la capital antioque\u00f1a ya hab\u00eda sido elegida como mejor destino de escapada en Sudam\u00e9rica (2016, 2020 y 2021) y mejor destino de reuniones y conferencias (2014 y 2015).<\/p>\n<p class=\"font--secondary\">Sumado a esto, Medell\u00edn recibi\u00f3 el reconocimiento por ser la tercera mejor ciudad del mundo para viajar, seg\u00fan la revista Time Out. De hecho, entre las 33 calles m\u00e1s <i>cool<\/i> del mundo, est\u00e1 V\u00eda Provenza, ubicada en la Ciudad de la Eterna Primavera.<\/p>\n<p class=\"font--secondary\"><i>(Le puede interesar: <\/i><a rel=\"nofollow noopener\" target=\"_blank\" href=\"https:\/\/www.elespectador.com\/colombia\/mas-regiones\/hay-que-reubicar-poblaciones-gustavo-petro-en-visita-a-la-mojana-sucre-noticias-colombia\/\"><i>\u201cHay que reubicar poblaciones\u201d: Gustavo Petro en visita a La Mojana<\/i><\/a><i>)<\/i><\/p>\n<p class=\"font--secondary\">\u201cAlineada con el exuberante follaje t\u00edpico de Medell\u00edn, V\u00eda Provenza est\u00e1 a un corto paseo cuesta arriba desde el bullicioso Parque Poblado y el Parque Lleras, y es lo suficientemente animada como para llevarte del d\u00eda a la noche. Los restaurantes, caf\u00e9s y bares ocupan un lugar central aqu\u00ed, todos mostrando el esp\u00edritu amigable, en\u00e9rgico y emprendedor de la ciudad. El rugido del reggaet\u00f3n o la m\u00fasica electr\u00f3nica a menudo flotan en la calle, junto con estallidos de risa, conversaciones animadas y el sonido de vasos chocando. No hay muchos lugares en este mundo donde est\u00e9 m\u00e1s o menos garantizado un buen momento, pero V\u00eda Provenza es uno de ellos\u201d, argument\u00f3 la empresa de medios y hosteler\u00eda.<\/p>\n<\/div>\n\n<p><em> &#8221; Fuentes www.elespectador.com &#8221; <\/em><\/p>\n","protected":false},"excerpt":{"rendered":"<p>Medell\u00edn ya hab\u00eda sido elegida como mejor destino de escapada en Sudam\u00e9rica en tres oportunidades. Foto: Agencia EFE La ciudad de Medell\u00edn fue reconocida como el mejor destino emergente en Sudam\u00e9rica seg\u00fan los World Journey Awards, considerados como los \u201cPremios \u00d3scar del turismo\u201d. (Le puede interesar: Estafa en Cartagena: a ecuatorianos les cobraron $2 millones [&hellip;]<\/p>\n","protected":false},"author":4,"featured_media":376299,"comment_status":"open","ping_status":"closed","sticky":false,"template":"","format":"standard","meta":{"om_disable_all_campaigns":false,"jnews-multi-image_gallery":[],"jnews_single_post":[],"jnews_primary_category":[],"jnews_social_meta":[],"footnotes":""},"categories":[39],"tags":[5557],"class_list":["post-376298","post","type-post","status-publish","format-standard","has-post-thumbnail","hentry","category-viajes","tag-medellin"],"_links":{"self":[{"href":"https:\/\/dimensionturistica.com\/es\/wp-json\/wp\/v2\/posts\/376298","targetHints":{"allow":["GET"]}}],"collection":[{"href":"https:\/\/dimensionturistica.com\/es\/wp-json\/wp\/v2\/posts"}],"about":[{"href":"https:\/\/dimensionturistica.com\/es\/wp-json\/wp\/v2\/types\/post"}],"author":[{"embeddable":true,"href":"https:\/\/dimensionturistica.com\/es\/wp-json\/wp\/v2\/users\/4"}],"replies":[{"embeddable":true,"href":"https:\/\/dimensionturistica.com\/es\/wp-json\/wp\/v2\/comments?post=376298"}],"version-history":[{"count":0,"href":"https:\/\/dimensionturistica.com\/es\/wp-json\/wp\/v2\/posts\/376298\/revisions"}],"wp:featuredmedia":[{"embeddable":true,"href":"https:\/\/dimensionturistica.com\/es\/wp-json\/wp\/v2\/media\/376299"}],"wp:attachment":[{"href":"https:\/\/dimensionturistica.com\/es\/wp-json\/wp\/v2\/media?parent=376298"}],"wp:term":[{"taxonomy":"category","embeddable":true,"href":"https:\/\/dimensionturistica.com\/es\/wp-json\/wp\/v2\/categories?post=376298"},{"taxonomy":"post_tag","embeddable":true,"href":"https:\/\/dimensionturistica.com\/es\/wp-json\/wp\/v2\/tags?post=376298"}],"curies":[{"name":"wp","href":"https:\/\/api.w.org\/{rel}","templated":true}]}}