{"id":376240,"date":"2022-08-26T14:27:10","date_gmt":"2022-08-26T14:27:10","guid":{"rendered":"https:\/\/dimensionturistica.com\/es\/?p=376240"},"modified":"2022-08-26T14:27:10","modified_gmt":"2022-08-26T14:27:10","slug":"ebro-foods-obtiene-un-beneficio-de-567-millones-de-euros-un-47-menos-que-en-2021","status":"publish","type":"post","link":"https:\/\/dimensionturistica.com\/es\/ebro-foods-obtiene-un-beneficio-de-567-millones-de-euros-un-47-menos-que-en-2021\/","title":{"rendered":"Ebro Foods obtiene un beneficio de 56,7 millones de euros, un 47% menos que en 2021"},"content":{"rendered":"<p> <br \/>\n<\/p>\n<div>\n<p>La empresa de alimentaci\u00f3n Ebro Meals ha presentado los resultados correspondientes al primer semestre del a\u00f1o. El <b>beneficio neto de la compa\u00f1\u00eda ha decrecido un 47% con respecto a 2021, pasando de 107,1 millones de euros a 56,7 millones<\/b>. Por otro lado, el ebitda (resultado bruto de explotaci\u00f3n) ha crecido un 14,3%, hasta los 169 millones, mientras que la deuda neta ha disminuido en un 24%, pasando de 947,65 millones de euros en junio de 2021 a 718,8 millones.<\/p>\n<p>En lo que respecta a las ventas, <b>la cifra se eleva casi un 26% en comparaci\u00f3n con el primer semestre de 2021, cuando fueron de 1.158 millones de euros, y ahora han sido de 1.458 millones<\/b>. Desde la entidad aseguran que esto se debo a que sus productos son de primera necesidad y no son tan el\u00e1sticos como otros alimentos. No obstante, las perspectivas para el segundo semestre de este a\u00f1o son una reducci\u00f3n de la demanda por el fin del acaparamiento y las sucesivas olas de calor, que tienen un efecto negativo en el consumo de carbohidratos.  <\/p>\n<h2>Resultados del arroz y de la pasta<\/h2>\n<p>A pesar de la reducci\u00f3n de las cosechas por causas meteorol\u00f3gicas,<b> el ebitda del arroz ha aumentado un 17,8% hasta los 146,6 millones de euros<\/b>, cuando el ejercicio anterior fue de 124,4 millones. Por otro lado, en el caso de la pasta este ha decrecido un 6,4%, pasando de 31,2 millones de euros hasta 29,2 millones. <\/p>\n<p>En el caso de la facturaci\u00f3n, el arroz ha logrado unas ventas de 1.136 millones de euros, lo que supone un aumento del 27,5% con respecto al primer semestre de 2021. <b>Los productos frescos de la pasta son los que m\u00e1s perjudicados se han visto por la subida de los precios. No obstante, las ventas han crecido un 22,7%<\/b> hasta 329,6 millones.<\/p>\n<div class=\"Article__socialShareContent text-center d-flex justify-content-center align-items-center\">\n<span class=\"d-none\">comentarios<\/span><a target=\"_blank\" href=\"#1648118541665_forum\" onclick=\"jQuery('#not_11884321 .articleZone_Footer').show();window.dataLayer.push({'event': 'event', 'eventoCategoria': 'noticia','eventoAccion': 'boton-flotante-comentarios','eventoEtiqueta': 'Ir a comentar'});\" rel=\"noopener\"><svg xmlns=\"http:\/\/www.w3.org\/2000\/svg\" height=\"34px\" viewbox=\"0 0 24 24\" width=\"34px\" fill=\"currentColor\" style=\"vertical-align: middle;\"><path d=\"M0 0h24v24H0z\" fill=\"none\"\/><path d=\"M21 6h-2v9H6v2c0 .55.45 1 1 1h11l4 4V7c0-.55-.45-1-1-1zm-4 6V3c0-.55-.45-1-1-1H3c-.55 0-1 .45-1 1v14l4-4h10c.55 0 1-.45 1-1z\"\/><\/svg><span class=\"badge badge-danger\">0<\/span><\/a><span class=\"d-none\">WhatsApp<\/span><a target=\"_blank\" href=\"https:\/\/api.whatsapp.com\/send?text=https:\/\/www.eleconomista.es\/retail-consumo\/noticias\/11884321\/07\/22\/Ebro-Food-obtiene-un-beneficio-de-567-millones-de-euros-un-47-menos-que-en-2021.html?utm_source%3Dwhatsapp%26utm_medium%3Dshare_button&amp;id=1648118629957_whatsapp\" data-action=\"share\/whatsapp\/share\" rel=\"noopener\"><img decoding=\"async\" style=\"vertical-align:middle;\" onclick=\"window.dataLayer.push({'event': 'event', 'eventoCategoria': 'noticia','eventoAccion': 'boton-flotante-whatsapp','eventoEtiqueta': 'Compartir en Whatsapp'});\" src=\"https:\/\/s03.s3c.es\/imag3\/iconos\/svg\/whatsAppGreen.svg\" width=\"33px\" height=\"33px\" alt=\"WhatsApp\"\/><\/a><span class=\"d-none\">Fb<\/span><a target=\"_blank\" onclick=\"return abrirFacebook();\" href=\"#1648118806784_facebook\" rel=\"noopener\"><img decoding=\"async\" style=\"vertical-align:middle;\" onclick=\"window.dataLayer.push({'event': 'event', 'eventoCategoria': 'noticia','eventoAccion': 'boton-flotante-facebook','eventoEtiqueta': 'Compartir en Facebook'});\" src=\"https:\/\/s03.s3c.es\/imag3\/iconos\/svg\/facebookBlue.svg\" width=\"22px\" height=\"34.05px\" alt=\"Facebook\"\/><\/a><span class=\"d-none\">Twitter<\/span><a target=\"_blank\" href=\"https:\/\/twitter.com\/share?text=Ebro+Foods+obtiene+un+beneficio+de+56%2C7+millones+de+euros%2C+un+47%25+menos+que+en+2021&amp;url=https:\/\/www.eleconomista.es\/retail-consumo\/noticias\/11884321\/07\/22\/Ebro-Food-obtiene-un-beneficio-de-567-millones-de-euros-un-47-menos-que-en-2021.html&amp;via=elEconomistaes&amp;id=1648118839245_twitter\" rel=\"noopener\"><img decoding=\"async\" style=\"vertical-align:middle;\" onclick=\"window.dataLayer.push({'event': 'event', 'eventoCategoria': 'noticia','eventoAccion': 'boton-flotante-twitter','eventoEtiqueta': 'Compartir en Twitter'});\" src=\"https:\/\/s03.s3c.es\/imag3\/iconos\/svg\/twitterBlue.svg\" width=\"33px\" height=\"33px\" alt=\"Twitter\"\/><\/a><span class=\"d-none\">Linkedin<\/span><a target=\"_blank\" onclick=\"return abrirLinkedin();\" href=\"#1648118858235_linkedin\" rel=\"noopener\"><img decoding=\"async\" style=\"vertical-align:middle;\" onclick=\"window.dataLayer.push({'event': 'event', 'eventoCategoria': 'noticia','eventoAccion': 'boton-flotante-linkedin','eventoEtiqueta': 'Compartir en Linkedin'});\" src=\"https:\/\/s03.s3c.es\/imag3\/iconos\/svg\/linkedinBlue.svg\" width=\"33px\" height=\"33px\" alt=\"linkedin\"\/><\/a>\n<\/div>\n<\/div>\n<p><script async src=\"\/\/platform.twitter.com\/widgets.js\" charset=\"utf-8\"><\/script><script>\n  !function(f,b,e,v,n,t,s)\n  {if(f.fbq)return;n=f.fbq=function(){n.callMethod?\n  n.callMethod.apply(n,arguments):n.queue.push(arguments)};\n  if(!f._fbq)f._fbq=n;n.push=n;n.loaded=!0;n.version='2.0';\n  n.queue=[];t=b.createElement(e);t.async=!0;\n  t.src=v;s=b.getElementsByTagName(e)[0];\n  s.parentNode.insertBefore(t,s)}(window, document,'script',\n  'https:\/\/connect.facebook.net\/en_US\/fbevents.js');\n  fbq('init', '113015305983050');\n  fbq('track', 'PageView');\n<\/script><br \/>\n<br \/><\/p>\n<p><em> \u2018 The preceding article may include information circulated by third parties \u2019 <\/em><\/p>\n<p><em> \u2018 Some details of this article were extracted from the following source www.eleconomista.es \u2019 <\/em><\/p>\n","protected":false},"excerpt":{"rendered":"<p>La empresa de alimentaci\u00f3n Ebro Meals ha presentado los resultados correspondientes al primer semestre del a\u00f1o. El beneficio neto de la compa\u00f1\u00eda ha decrecido un 47% con respecto a 2021, pasando de 107,1 millones de euros a 56,7 millones. Por otro lado, el ebitda (resultado bruto de explotaci\u00f3n) ha crecido un 14,3%, hasta los 169 [&hellip;]<\/p>\n","protected":false},"author":2,"featured_media":376241,"comment_status":"open","ping_status":"closed","sticky":false,"template":"","format":"standard","meta":{"om_disable_all_campaigns":false,"jnews-multi-image_gallery":[],"jnews_single_post":[],"jnews_primary_category":[],"jnews_social_meta":[],"footnotes":""},"categories":[43],"tags":[],"class_list":["post-376240","post","type-post","status-publish","format-standard","has-post-thumbnail","hentry","category-gourmet"],"_links":{"self":[{"href":"https:\/\/dimensionturistica.com\/es\/wp-json\/wp\/v2\/posts\/376240","targetHints":{"allow":["GET"]}}],"collection":[{"href":"https:\/\/dimensionturistica.com\/es\/wp-json\/wp\/v2\/posts"}],"about":[{"href":"https:\/\/dimensionturistica.com\/es\/wp-json\/wp\/v2\/types\/post"}],"author":[{"embeddable":true,"href":"https:\/\/dimensionturistica.com\/es\/wp-json\/wp\/v2\/users\/2"}],"replies":[{"embeddable":true,"href":"https:\/\/dimensionturistica.com\/es\/wp-json\/wp\/v2\/comments?post=376240"}],"version-history":[{"count":0,"href":"https:\/\/dimensionturistica.com\/es\/wp-json\/wp\/v2\/posts\/376240\/revisions"}],"wp:featuredmedia":[{"embeddable":true,"href":"https:\/\/dimensionturistica.com\/es\/wp-json\/wp\/v2\/media\/376241"}],"wp:attachment":[{"href":"https:\/\/dimensionturistica.com\/es\/wp-json\/wp\/v2\/media?parent=376240"}],"wp:term":[{"taxonomy":"category","embeddable":true,"href":"https:\/\/dimensionturistica.com\/es\/wp-json\/wp\/v2\/categories?post=376240"},{"taxonomy":"post_tag","embeddable":true,"href":"https:\/\/dimensionturistica.com\/es\/wp-json\/wp\/v2\/tags?post=376240"}],"curies":[{"name":"wp","href":"https:\/\/api.w.org\/{rel}","templated":true}]}}