{"id":376228,"date":"2022-08-26T13:58:58","date_gmt":"2022-08-26T13:58:58","guid":{"rendered":"https:\/\/dimensionturistica.com\/es\/?p=376228"},"modified":"2022-08-26T13:58:58","modified_gmt":"2022-08-26T13:58:58","slug":"restringen-viajes-oficiales-al-exterior-para-reducir-el-gasto-publico","status":"publish","type":"post","link":"https:\/\/dimensionturistica.com\/es\/restringen-viajes-oficiales-al-exterior-para-reducir-el-gasto-publico\/","title":{"rendered":"Restringen viajes oficiales al exterior para reducir el gasto p\u00fablico"},"content":{"rendered":"<p> <br \/>\n<\/p>\n<div>\n<p>El Gobierno <strong>restringi\u00f3 la cantidad de viajes\u00a0que realizan funcionarios al exterior <\/strong>en misiones oficiales a eventos que no tengan la posibilidad de asistir de forma digital. La medida se tom\u00f3 con el objetivo de<strong> disminuir el gasto p\u00fablico<\/strong>, como parte de los objetivos del ministro de Econom\u00eda, <strong>Sergio Massa<\/strong>, para reducir\u00a0el d\u00e9ficit fiscal.<\/p>\n<p>De esta forma, se busca &#8220;<strong>contribuir a una mayor racionalizaci\u00f3n del gasto p\u00fablico<\/strong>&#8221; mediante la restricci\u00f3n de\u00a0los traslados por misiones oficiales o comisiones de servicio a otros pa\u00edses a <strong>eventos internacionales impostergables<\/strong>\u00a0cuya organizaci\u00f3n no contemple la posibilidad de participar mediante una plataforma de reuni\u00f3n digital o por videoconferencia.<\/p>\n<p>Adem\u00e1s, deber\u00e1n dar solicitar autorizaci\u00f3n y <strong>dar aviso con suficiente antelaci\u00f3n para obtener las tarifas m\u00e1s baratas<\/strong>, as\u00ed como ir por la v\u00eda m\u00e1s corta. As\u00ed lo dispuso la Decisi\u00f3n Administrativa 836\/2022, publicada hoy en el Bolet\u00edn Oficial, con la firma del jefe de Gabinete Juan Manzur y del ministro del Inside, Eduardo de Pedro.<\/p>\n<p>La decisi\u00f3n es parte del plan de Massa para reducir el gasto del Estado: esta semana se public\u00f3 en el Bolet\u00edn Oficial un <strong>recorte de 0,2% del PBI en las partidas presupuestarias<\/strong>, lo que se suma al ajuste id\u00e9ntico anunciado por el lado de los subsidios. <strong>Hubo un recorte en obra p\u00fablica por 128.000 millones de pesos<\/strong> y los principales sectores con ajuste fueron\u00a0el programa\u00a0<strong>Procrear<\/strong>,\u00a0infraestructura e inversi\u00f3n en basic, <a rel=\"nofollow noopener\" target=\"_blank\" href=\"https:\/\/www.baenegocios.com\/economia\/El-rojo-primario-bajo-en-julio-y-recortan-obra-publica-por-128.000-millones-de-pesos-20220822-0140.html\">tal como inform\u00f3 <strong>BAE Negocios<\/strong><\/a>.<\/p>\n<p><strong>En julio\u00a0el d\u00e9ficit primario mostr\u00f3 una desaceleraci\u00f3n<\/strong> respecto a los niveles previos y fue de $75.947 millones. As\u00ed, el dato usable para la meta con el FMI qued\u00f3 en un rojo primario de 1,1% del PBI y tiene hasta diciembre para llegar al 2,5% y no superarlo.\u00a0Las proyecciones indican que la inercia previa a su asunci\u00f3n apuntaba a un rojo de 3,2%, por lo cual <strong>todav\u00eda queda un camino por recortar.<\/strong><\/p>\n<h2>Solicitud de viajes al exterior<\/h2>\n<p>La medida establece que se restrinjan &#8220;los traslados por misiones oficiales o comisiones de servicio al exterior, cualquiera fuera la fuente de financiamiento del gasto, a <strong>eventos internacionales reconocidos e impostergables para los intereses del Estado nacional<\/strong> cuya organizaci\u00f3n no contemple la posibilidad de participar adecuadamente mediante una plataforma de reuni\u00f3n virtual o software de videoconferencia&#8221;, cube la norma en su art\u00edculo 1.<\/p>\n<p>Y agrega: &#8220;El funcionario o la funcionaria o autoridad peticionante deber\u00e1 declarar, en car\u00e1cter de declaraci\u00f3n jurada, que el evento no cuenta con alternativas que permitan la intervenci\u00f3n adecuada, a distancia&#8221;.<\/p>\n<p>En tanto, <strong>los traslados deber\u00e1n contar con la autorizaci\u00f3n previa <\/strong>y expresa del Jefe de Gabinete de Ministros cuando se trate de ministros, secretarios de la Presidencia de la Naci\u00f3n, Jefe\u00a0de la Casa Militar y dem\u00e1s funcionarios con rango y jerarqu\u00eda de ministro. Otros funcionarios de menor rango, como autoridades del Banco Central, deber\u00e1n contar con autorizaci\u00f3n de la jurisdicci\u00f3n de la que dependan.<\/p>\n<p>Para los traslados, se deber\u00e1 iniciar el tr\u00e1mite administrativo para la obtenci\u00f3n de la conformidad del Jefe de Gabinete con <strong>una antelaci\u00f3n m\u00ednima de 10 d\u00edas h\u00e1biles<\/strong> previos al traslado de la misi\u00f3n o la comisi\u00f3n correspondiente.<\/p>\n<p>Una vez finalizada la misi\u00f3n oficial o comisi\u00f3n de servicio al exterior, los funcionarios o autoridades deber\u00e1n enviar una comunicaci\u00f3n oficial dirigida al Jefe de Gabinete adjuntando un formulario de &#8220;<strong>Informe de Resultado de Gesti\u00f3n Internacional<\/strong>&#8220;.<\/p>\n<h2>Ahorro en viajes<\/h2>\n<p>Adem\u00e1s, los viajes al exterior deber\u00e1n preverse con la suficiente antelaci\u00f3n a efectos de posibilitar el<strong> acceso a las mejores tarifas ofrecidas por el mercado<\/strong> y deber\u00e1 efectuarse <strong>por la v\u00eda m\u00e1s corta y de menor costo<\/strong>.<\/p>\n<p>Se priorizar\u00e1 la utilizaci\u00f3n de la v\u00eda m\u00e1s corta tanto a la ida como al regreso, y deber\u00e1n realizarse por <strong>la ruta y aerol\u00ednea que re\u00fana las condiciones m\u00e1s apropiadas, con prioridad a las aerol\u00edneas de propiedad del Estado, como Aerol\u00edneas Argentinas<\/strong>. Los pasajes deber\u00e1n emitirse por una misma aerol\u00ednea, en ruta de ida y vuelta, no endosables, reintegrables \u00fanicamente en la oficina de origen.<\/p>\n<p>Por otra parte, el private autorizado deber\u00e1 presentar dentro de los cinco d\u00edas de la fecha de llegada, la rendici\u00f3n de vi\u00e1ticos y de gastos de alojamiento, de acuerdo con el formulario de &#8220;Declaraci\u00f3n Jurada de Rendici\u00f3n de Vi\u00e1ticos y Gastos de Alojamiento&#8221;, que tambi\u00e9n figura anexado a la normativa.<\/p>\n<\/div>\n<p><script>\nwindow.fbAsyncInit = function() {\n    FB.init({\n        appId: '1166957030070873',\n        status: true,\n        cookie: true,\n        oauth: true,\n\txfbml: true,\n\tversion: 'v2.0'\n    });\n};\n(function(d, s, id){\n var js, fjs = d.getElementsByTagName(s)[0];\n if (d.getElementById(id)) return;\n js = d.createElement(s); js.id = id;\n js.src = \"https:\/\/connect.facebook.net\/es_LA\/sdk.js\";\n fjs.parentNode.insertBefore(js, fjs);\n}(document, 'script', 'facebook-jssdk'));\n<\/script><br \/>\n<br \/><\/p>\n<p><em> &#8221; Fuentes www.baenegocios.com &#8221; <\/em><\/p>\n","protected":false},"excerpt":{"rendered":"<p>El Gobierno restringi\u00f3 la cantidad de viajes\u00a0que realizan funcionarios al exterior en misiones oficiales a eventos que no tengan la posibilidad de asistir de forma digital. La medida se tom\u00f3 con el objetivo de disminuir el gasto p\u00fablico, como parte de los objetivos del ministro de Econom\u00eda, Sergio Massa, para reducir\u00a0el d\u00e9ficit fiscal. De esta [&hellip;]<\/p>\n","protected":false},"author":4,"featured_media":376229,"comment_status":"open","ping_status":"closed","sticky":false,"template":"","format":"standard","meta":{"om_disable_all_campaigns":false,"jnews-multi-image_gallery":[],"jnews_single_post":[],"jnews_primary_category":[],"jnews_social_meta":[],"footnotes":""},"categories":[39],"tags":[546,681],"class_list":["post-376228","post","type-post","status-publish","format-standard","has-post-thumbnail","hentry","category-viajes","tag-politica","tag-viaje"],"_links":{"self":[{"href":"https:\/\/dimensionturistica.com\/es\/wp-json\/wp\/v2\/posts\/376228","targetHints":{"allow":["GET"]}}],"collection":[{"href":"https:\/\/dimensionturistica.com\/es\/wp-json\/wp\/v2\/posts"}],"about":[{"href":"https:\/\/dimensionturistica.com\/es\/wp-json\/wp\/v2\/types\/post"}],"author":[{"embeddable":true,"href":"https:\/\/dimensionturistica.com\/es\/wp-json\/wp\/v2\/users\/4"}],"replies":[{"embeddable":true,"href":"https:\/\/dimensionturistica.com\/es\/wp-json\/wp\/v2\/comments?post=376228"}],"version-history":[{"count":0,"href":"https:\/\/dimensionturistica.com\/es\/wp-json\/wp\/v2\/posts\/376228\/revisions"}],"wp:featuredmedia":[{"embeddable":true,"href":"https:\/\/dimensionturistica.com\/es\/wp-json\/wp\/v2\/media\/376229"}],"wp:attachment":[{"href":"https:\/\/dimensionturistica.com\/es\/wp-json\/wp\/v2\/media?parent=376228"}],"wp:term":[{"taxonomy":"category","embeddable":true,"href":"https:\/\/dimensionturistica.com\/es\/wp-json\/wp\/v2\/categories?post=376228"},{"taxonomy":"post_tag","embeddable":true,"href":"https:\/\/dimensionturistica.com\/es\/wp-json\/wp\/v2\/tags?post=376228"}],"curies":[{"name":"wp","href":"https:\/\/api.w.org\/{rel}","templated":true}]}}