{"id":375741,"date":"2022-08-25T18:23:44","date_gmt":"2022-08-25T18:23:44","guid":{"rendered":"https:\/\/dimensionturistica.com\/es\/?p=375741"},"modified":"2022-08-25T18:23:44","modified_gmt":"2022-08-25T18:23:44","slug":"pullman-bus-suspende-viajes-a-regiones-de-la-araucania-y-los-rios-por-motivos-de-seguridad","status":"publish","type":"post","link":"https:\/\/dimensionturistica.com\/es\/pullman-bus-suspende-viajes-a-regiones-de-la-araucania-y-los-rios-por-motivos-de-seguridad\/","title":{"rendered":"Pullman Bus suspende viajes a regiones de La Araucan\u00eda y Los R\u00edos por &#8216;motivos de seguridad&#8217;"},"content":{"rendered":"<p> <br \/>\n<\/p>\n<div>\n<p>Argumentando motivos \u201cde seguridad\u201d, la empresa de transporte <strong>Pullman Bus decidi\u00f3 suspender los viajes y servicios hacia las regiones de La Araucan\u00eda y Los R\u00edos \u201chasta nuevo aviso\u201d.<\/strong><\/p>\n<p>Esta decisi\u00f3n se enmarca<strong> en los \u00faltimos hechos ocurridos en la macrozona sur, espec\u00edficamente con la detenci\u00f3n del l\u00edder y vocero de la Coordinadora Arauco Malleco (CAM) H\u00e9ctor Llaitul<\/strong>, <a rel=\"nofollow noopener\" target=\"_blank\" href=\"https:\/\/www.adnradio.cl\/regional\/2022\/08\/24\/pdi-detiene-a-hector-llaitul-por-ley-de-seguridad-del-estado-y-su-vinculacion-al-robo-de-madera.html\">el cual fue capturado en Ca\u00f1ete<\/a>.<\/p>\n<section class=\"recommended-articles\">\n<header class=\"recommended-articles__header\">Leer tambi\u00e9n<\/header>\n<div class=\"recommended-articles__body\">\n<figure class=\"recommended-articles__item\">\n                                            <a rel=\"nofollow noopener\" target=\"_blank\" href=\"https:\/\/www.adnradio.cl\/nacional\/2022\/08\/24\/ministra-de-defensa-y-subsecretario-del-interior-viajan-a-la-macrozona-sur-tras-detencion-de-llaitul.html\" class=\"recommended-articles__permalink\"><br \/>\n                                                <span class=\"recommended-articles__media\"><br \/>\n                                                    <img decoding=\"async\" src=\"https:\/\/assets.adnradio.cl\/2022\/08\/macro-150x150.jpg\" alt=\"Imagen post\" class=\"recommended-articles__image\"\/><br \/>\n                                                <\/span><figcaption class=\"recommended-articles__caption\">\n<h6 class=\"recommended-articles__title\">\n                                                        Ministra de Defensa y subsecretario del Interior viajan a la Macrozona Sur tras detenci\u00f3n de Llaitul<br \/>\n                                                    <\/h6>\n<p>                                                    <time class=\"recommended-articles__date\" datetime=\"\"><br \/>\n                                                        <i class=\"adn-clock recommended-articles__icon\" aria-hidden=\"true\"\/> Mi\u00e9 24 Ago 2022<br \/>\n                                                    <\/time><br \/>\n                                                <\/figcaption><\/a><br \/>\n                                        <\/figure>\n<figure class=\"recommended-articles__item\">\n                                            <a rel=\"nofollow noopener\" target=\"_blank\" href=\"https:\/\/www.adnradio.cl\/noticias\/2022\/08\/24\/cam-tilda-de-persecucion-politica-la-detencion-de-llaitul.html\" class=\"recommended-articles__permalink\"><br \/>\n                                                <span class=\"recommended-articles__media\"><br \/>\n                                                    <img decoding=\"async\" src=\"https:\/\/assets.adnradio.cl\/2022\/08\/A_UNO_1391464-150x150.jpeg\" alt=\"Imagen post\" class=\"recommended-articles__image\"\/><br \/>\n                                                <\/span><figcaption class=\"recommended-articles__caption\">\n<h6 class=\"recommended-articles__title\">\n                                                        CAM tilda de \u201cpersecuci\u00f3n pol\u00edtica\u201d la detenci\u00f3n de Llaitul<br \/>\n                                                    <\/h6>\n<p>                                                    <time class=\"recommended-articles__date\" datetime=\"\"><br \/>\n                                                        <i class=\"adn-clock recommended-articles__icon\" aria-hidden=\"true\"\/> Mi\u00e9 24 Ago 2022<br \/>\n                                                    <\/time><br \/>\n                                                <\/figcaption><\/a><br \/>\n                                        <\/figure>\n<\/p><\/div>\n<\/section>\n<p>\u201cEstimados clientes, por razones de seguridad <strong>nuestros servicios al sur (desde la Araucan\u00eda a Los R\u00edos) est\u00e1n suspendidos hasta nuevo aviso<\/strong>. Lamentamos las molestias que esto pueda causar\u201d, se\u00f1alaron en las redes sociales de Pullman Bus.<\/p>\n<p><iframe loading=\"lazy\" style=\"border: none; overflow: hidden;\" src=\"https:\/\/www.facebook.com\/plugins\/post.php?href=https%3A%2F%2Fwww.facebook.com%2FPullman.cl%2Fposts%2Fpfbid02LkwjuD2SqPfHwdsDsUSKQZfhwBrp25T1KVhSmStnQBYH4kuwPHjzqK5pYW28Mcyol&amp;show_text=true&amp;width=500\" width=\"500\" height=\"629\" frameborder=\"0\" scrolling=\"no\" allowfullscreen=\"allowfullscreen\"><\/iframe><\/p>\n<p>Ante la detenci\u00f3n Llaitul, <a rel=\"nofollow noopener\" target=\"_blank\" href=\"https:\/\/www.adnradio.cl\/nacional\/2022\/08\/24\/gobernador-del-biobio-advierte-sobre-posibles-hechos-de-violencia-en-la-zona-tras-detencion-de-llaitul-ojo-con-lo-que-viene-en-las-proximas-horas.html\">autoridades alertaron sobre los hechos de violencia que se podr\u00edan registrar en la macrozona sur por parte de la CAM<\/a> y de otros grupos armados. El gobernador del Biob\u00edo, Rodrigo D\u00edaz, realiz\u00f3 un llamado a poner \u201c<strong>ojo con lo que viene en las pr\u00f3ximas horas\u201d,<\/strong> agregando que \u201c<strong>han existido en oportunidades anteriores represalias\u201d<\/strong>\u00a0por detenciones a dirigentes mapuche.<\/p>\n<p>En tanto, el presidente de la Multigremial de La Araucan\u00eda, Patricio Santib\u00e1\u00f1ez,<a rel=\"nofollow noopener\" target=\"_blank\" href=\"https:\/\/www.adnradio.cl\/regional\/2022\/08\/24\/pdi-detiene-a-hector-llaitul-por-ley-de-seguridad-del-estado-y-su-vinculacion-al-robo-de-madera.html\"> indic\u00f3 que la captura de H\u00e9ctor Llaitul<\/a> \u201cseguramente generar\u00e1 m\u00e1s hechos de violencia, por lo que<strong>\u00a0la autoridad debe ejecutar alg\u00fan dispositivo preventivo<\/strong>. Entendemos que ser\u00e1 imposible hacerlo todo, pero claramente deben prepararse para una situaci\u00f3n de estas caracter\u00edsticas\u201d.<\/p>\n<\/p><\/div>\n\n<p><em> &#8221; Fuentes www.adnradio.cl &#8221; <\/em><\/p>\n","protected":false},"excerpt":{"rendered":"<p>Argumentando motivos \u201cde seguridad\u201d, la empresa de transporte Pullman Bus decidi\u00f3 suspender los viajes y servicios hacia las regiones de La Araucan\u00eda y Los R\u00edos \u201chasta nuevo aviso\u201d. Esta decisi\u00f3n se enmarca en los \u00faltimos hechos ocurridos en la macrozona sur, espec\u00edficamente con la detenci\u00f3n del l\u00edder y vocero de la Coordinadora Arauco Malleco (CAM) [&hellip;]<\/p>\n","protected":false},"author":4,"featured_media":375742,"comment_status":"open","ping_status":"closed","sticky":false,"template":"","format":"standard","meta":{"om_disable_all_campaigns":false,"jnews-multi-image_gallery":[],"jnews_single_post":[],"jnews_primary_category":[],"jnews_social_meta":[],"footnotes":""},"categories":[39],"tags":[1268,705],"class_list":["post-375741","post","type-post","status-publish","format-standard","has-post-thumbnail","hentry","category-viajes","tag-nacional","tag-noticias"],"_links":{"self":[{"href":"https:\/\/dimensionturistica.com\/es\/wp-json\/wp\/v2\/posts\/375741","targetHints":{"allow":["GET"]}}],"collection":[{"href":"https:\/\/dimensionturistica.com\/es\/wp-json\/wp\/v2\/posts"}],"about":[{"href":"https:\/\/dimensionturistica.com\/es\/wp-json\/wp\/v2\/types\/post"}],"author":[{"embeddable":true,"href":"https:\/\/dimensionturistica.com\/es\/wp-json\/wp\/v2\/users\/4"}],"replies":[{"embeddable":true,"href":"https:\/\/dimensionturistica.com\/es\/wp-json\/wp\/v2\/comments?post=375741"}],"version-history":[{"count":0,"href":"https:\/\/dimensionturistica.com\/es\/wp-json\/wp\/v2\/posts\/375741\/revisions"}],"wp:featuredmedia":[{"embeddable":true,"href":"https:\/\/dimensionturistica.com\/es\/wp-json\/wp\/v2\/media\/375742"}],"wp:attachment":[{"href":"https:\/\/dimensionturistica.com\/es\/wp-json\/wp\/v2\/media?parent=375741"}],"wp:term":[{"taxonomy":"category","embeddable":true,"href":"https:\/\/dimensionturistica.com\/es\/wp-json\/wp\/v2\/categories?post=375741"},{"taxonomy":"post_tag","embeddable":true,"href":"https:\/\/dimensionturistica.com\/es\/wp-json\/wp\/v2\/tags?post=375741"}],"curies":[{"name":"wp","href":"https:\/\/api.w.org\/{rel}","templated":true}]}}