{"id":375661,"date":"2022-08-25T15:45:10","date_gmt":"2022-08-25T15:45:10","guid":{"rendered":"https:\/\/dimensionturistica.com\/es\/?p=375661"},"modified":"2022-08-25T15:45:10","modified_gmt":"2022-08-25T15:45:10","slug":"viaje-a-la-isla-del-agua-el-fuego-y-el-hielo","status":"publish","type":"post","link":"https:\/\/dimensionturistica.com\/es\/viaje-a-la-isla-del-agua-el-fuego-y-el-hielo\/","title":{"rendered":"viaje a la isla del agua, el fuego y el hielo"},"content":{"rendered":"<p> <br \/>\n<\/p>\n<div>\n<div id=\"involveds\" class=\"involveds wrap\">\n<div class=\"involved-authors only-author\">\n<div class=\"first-author\">\n<figure class=\"thumb col-xs-3\">&#13;<img loading=\"lazy\" decoding=\"async\" src=\"https:\/\/viajes.nationalgeographic.com.es\/medio\/2022\/02\/18\/josan-nl_8f44d606_600x600.jpeg\" alt=\"Josan NL\" class=\"lazyload\" width=\"600\" height=\"600\" data-aspectratio=\"600\/600\"\/><noscript><img decoding=\"async\" src=\"https:\/\/viajes.nationalgeographic.com.es\/medio\/2022\/02\/18\/josan-nl_8f44d606_600x600.jpeg\" alt=\"Josan NL\"\/><\/noscript>&#13;<\/figure>\n<\/div>\n<\/div>\n<\/div>\n<p class=\"date\"> <time itemprop=\"dateModified\" datetime=\"2022-08-25T12:55:00+02:00\" data-timestamp=\"1661432100\">&#13;25 de agosto de 2022 \u00b7 12:55<\/time>&#13;<\/p>\n<\/div>\n<div id=\"article-sumary\">\n<div class=\"article-txt ad-mobile-top\">\n<p>Llanuras alfombradas de musgo que se extienden hasta el horizonte. La colecci\u00f3n de cataratas m\u00e1s caudalosas y fotog\u00e9nicas de Europa. Volcanes que pueden hacer erupci\u00f3n bajo enormes masas de hielo y provocar crecidas devastadoras. Ochocientos manantiales termales, g\u00e9iseres aparte. Una inmensa altiplanicie des\u00e9rtica orlada por un glaciar que se desparrama por ella como la cobertura de merengue de una tarta. Un aire cuya pureza vivifica la nariz al descender del avi\u00f3n&#8230; Islandia no se parece a ning\u00fan otro lugar del mundo. <strong>Recorrer la isla permite disfrutar de paisajes dignos de la mitolog\u00eda n\u00f3rdica, escenarios de apariencia casi sobrenatural. <\/strong>Y sin necesidad de creer en los <em>hulduf\u00f3lk<\/em> (elfos, trolls&#8230;), como hacen m\u00e1s de la mitad de los islandeses.\u00a0<\/p>\n<p>La forma \u00f3ptima de conocer la isla es darle la vuelta por la carretera asfaltada que en su mitad sur discurre pr\u00f3xima a la costa. Un ruta de 1340 km que merece la pena ampliar tomando alguno de los autobuses de l\u00ednea con tracci\u00f3n integral que se aventuran por las pistas de la meseta inside y que, tras vadear alg\u00fan r\u00edo, conducen a parajes extraordinarios.\u00a0\u00a0<\/p>\n<p>El <em>Landn\u00e1mab\u00f3k<\/em> (Libro del Asentamiento, compilado en el siglo XII) cuenta que Ing\u00f3lfur Arnarson, originario de Sogn (Noruega), desembarc\u00f3 en la isla en el a\u00f1o 874. Siguiendo la tradici\u00f3n, al avistar tierra arroj\u00f3 por la borda los <em>\u00f6ndvegiss\u00falur<\/em>, los postes de madera de su sitial de ceremonias, esculpidos con motivos sagrados. A dos criados les llev\u00f3 unos tres a\u00f1os localizarlos en la costa, y <strong>en ese lugar Ing\u00f3lfur fund\u00f3 Reikiavik (\u00abbah\u00eda humeante\u00bb).\u00a0\u00a0<\/strong><\/p>\n<p>Hace casi 40 a\u00f1os no sab\u00eda si dar la vuelta a Islandia en el sentido de las agujas del reloj o en el contrario. As\u00ed que, evocando a Ing\u00f3lfur, mi primo Fernando y yo lanzamos al aire una moneda de cinco coronas. Los dos delfines saltando de la cara indicaban claramente una ruta antihoraria o lev\u00f3gira. Result\u00f3 una opci\u00f3n tan acertada que la repet\u00ed en viajes posteriores. Y la recomiendo vivamente. Partir de Reikiavik hacia el sur brinda alicientes desde el primer d\u00eda, con enclaves que hacen \u00fanica a Islandia a corta distancia unos de otros. Eso garantiza el asombro y la variedad de entrada; tambi\u00e9n supone un destino id\u00f3neo si no hay tiempo para dar la vuelta a la isla. Mediada la segunda semana, recorrer los sobrios y descarnados paisajes del norte a\u00f1adir\u00e1 otra dimensi\u00f3n a la ruta.\u00a0<\/p>\n<\/div>\n<\/div>\n\n<p><em> &#8221; Fuentes viajes.nationalgeographic.com.es &#8221; <\/em><\/p>\n","protected":false},"excerpt":{"rendered":"<p>&#13;&#13; &#13;25 de agosto de 2022 \u00b7 12:55&#13; Llanuras alfombradas de musgo que se extienden hasta el horizonte. La colecci\u00f3n de cataratas m\u00e1s caudalosas y fotog\u00e9nicas de Europa. Volcanes que pueden hacer erupci\u00f3n bajo enormes masas de hielo y provocar crecidas devastadoras. Ochocientos manantiales termales, g\u00e9iseres aparte. Una inmensa altiplanicie des\u00e9rtica orlada por un glaciar [&hellip;]<\/p>\n","protected":false},"author":4,"featured_media":375662,"comment_status":"open","ping_status":"closed","sticky":false,"template":"","format":"standard","meta":{"om_disable_all_campaigns":false,"jnews-multi-image_gallery":[],"jnews_single_post":[],"jnews_primary_category":[],"jnews_social_meta":[],"footnotes":""},"categories":[39],"tags":[47258,47257],"class_list":["post-375661","post","type-post","status-publish","format-standard","has-post-thumbnail","hentry","category-viajes","tag-cargado-desde-el-fichero-de-recursos","tag-keywords-por-defecto"],"_links":{"self":[{"href":"https:\/\/dimensionturistica.com\/es\/wp-json\/wp\/v2\/posts\/375661","targetHints":{"allow":["GET"]}}],"collection":[{"href":"https:\/\/dimensionturistica.com\/es\/wp-json\/wp\/v2\/posts"}],"about":[{"href":"https:\/\/dimensionturistica.com\/es\/wp-json\/wp\/v2\/types\/post"}],"author":[{"embeddable":true,"href":"https:\/\/dimensionturistica.com\/es\/wp-json\/wp\/v2\/users\/4"}],"replies":[{"embeddable":true,"href":"https:\/\/dimensionturistica.com\/es\/wp-json\/wp\/v2\/comments?post=375661"}],"version-history":[{"count":0,"href":"https:\/\/dimensionturistica.com\/es\/wp-json\/wp\/v2\/posts\/375661\/revisions"}],"wp:featuredmedia":[{"embeddable":true,"href":"https:\/\/dimensionturistica.com\/es\/wp-json\/wp\/v2\/media\/375662"}],"wp:attachment":[{"href":"https:\/\/dimensionturistica.com\/es\/wp-json\/wp\/v2\/media?parent=375661"}],"wp:term":[{"taxonomy":"category","embeddable":true,"href":"https:\/\/dimensionturistica.com\/es\/wp-json\/wp\/v2\/categories?post=375661"},{"taxonomy":"post_tag","embeddable":true,"href":"https:\/\/dimensionturistica.com\/es\/wp-json\/wp\/v2\/tags?post=375661"}],"curies":[{"name":"wp","href":"https:\/\/api.w.org\/{rel}","templated":true}]}}