{"id":374586,"date":"2022-08-23T20:36:34","date_gmt":"2022-08-23T20:36:34","guid":{"rendered":"https:\/\/dimensionturistica.com\/es\/?p=374586"},"modified":"2022-08-23T20:36:34","modified_gmt":"2022-08-23T20:36:34","slug":"pacto-de-colaboracion-entre-el-gobierno-de-la-cdmx-y-coparmex-en-la-campana-impulsar-el-turismo-en-la-cdmx-y-reactivar-la-economia","status":"publish","type":"post","link":"https:\/\/dimensionturistica.com\/es\/pacto-de-colaboracion-entre-el-gobierno-de-la-cdmx-y-coparmex-en-la-campana-impulsar-el-turismo-en-la-cdmx-y-reactivar-la-economia\/","title":{"rendered":"Pacto de colaboraci\u00f3n entre el Gobierno de la CDMX y Coparmex en la campa\u00f1a \u00abImpulsar el Turismo en la CDMX\u00bb y reactivar la econom\u00eda"},"content":{"rendered":"<p><img decoding=\"async\" class=\"size-medium wp-image-374588 alignright\" src=\"https:\/\/dimensionturistica.com\/es\/wp-content\/uploads\/2022\/08\/843-1-300x200.jpg\" alt=\"\" width=\"300\" height=\"200\" srcset=\"https:\/\/dimensionturistica.com\/es\/wp-content\/uploads\/2022\/08\/843-1-300x200.jpg 300w, https:\/\/dimensionturistica.com\/es\/wp-content\/uploads\/2022\/08\/843-1-1024x682.jpg 1024w, https:\/\/dimensionturistica.com\/es\/wp-content\/uploads\/2022\/08\/843-1-768x511.jpg 768w, https:\/\/dimensionturistica.com\/es\/wp-content\/uploads\/2022\/08\/843-1-750x499.jpg 750w, https:\/\/dimensionturistica.com\/es\/wp-content\/uploads\/2022\/08\/843-1-1140x759.jpg 1140w, https:\/\/dimensionturistica.com\/es\/wp-content\/uploads\/2022\/08\/843-1.jpg 1280w\" sizes=\"(max-width: 300px) 100vw, 300px\" \/>El gobierno de la Ciudad de M\u00e9xico y la COPARMEX local anunciaron este mediod\u00eda la colaboraci\u00f3n y acompa\u00f1amiento conjunto para reactivar la econom\u00eda de la capital del pa\u00eds a trav\u00e9s de la campa\u00f1a \u201cImpulsa Turismo CDMX\u201d, que como principal caracter\u00edstica tiene la de atraer a un m\u00ednimo de 100 mil nuevos viajeros que nunca la han visitado, para lograr una derrama econ\u00f3mica a finales de 2023 de m\u00e1s de 465 millones de pesos, como resultado de la interacci\u00f3n con un grupo de influencers que son la punta de lanza del proyecto.<br \/>\nLa Jefa de Gobierno, Claudia Sheinbaum Pardo hizo un reconocimiento y agradeci\u00f3 a la COPARMEX CDMX que preside Armando Z\u00fa\u00f1iga Salinas porque \u201cha puesto mucho esfuerzo y colaboraci\u00f3n en el turismo (y) desde su\u00a0<img decoding=\"async\" class=\"size-medium wp-image-374591 alignright\" src=\"https:\/\/dimensionturistica.com\/es\/wp-content\/uploads\/2022\/08\/844-300x200.jpg\" alt=\"\" width=\"300\" height=\"200\" srcset=\"https:\/\/dimensionturistica.com\/es\/wp-content\/uploads\/2022\/08\/844-300x200.jpg 300w, https:\/\/dimensionturistica.com\/es\/wp-content\/uploads\/2022\/08\/844-1024x683.jpg 1024w, https:\/\/dimensionturistica.com\/es\/wp-content\/uploads\/2022\/08\/844-768x512.jpg 768w, https:\/\/dimensionturistica.com\/es\/wp-content\/uploads\/2022\/08\/844-750x500.jpg 750w, https:\/\/dimensionturistica.com\/es\/wp-content\/uploads\/2022\/08\/844-1140x760.jpg 1140w, https:\/\/dimensionturistica.com\/es\/wp-content\/uploads\/2022\/08\/844.jpg 1296w\" sizes=\"(max-width: 300px) 100vw, 300px\" \/> perspectiva, pero vinculados con el gobierno, nos est\u00e1n ayudando a la reactivaci\u00f3n econ\u00f3mica de la Ciudad, particularmente el turismo\u201d en una campa\u00f1a distinta, porque est\u00e1n convocando a muchos influencers para trabajarla a trav\u00e9s de las redes sociales.<br \/>\nLa secretaria de Turismo, Nathalie Desplas Puel, describi\u00f3 que, adem\u00e1s de las campa\u00f1as proyectadas por el gobierno de la Ciudad a nivel nacional como el extranjero, la campa\u00f1a \u201cImpulsa Turismo\u201d de la COPARMEX CDMX, sin duda, sumar\u00e1 al plan general de atracci\u00f3n de visitantes a la capital.<br \/>\nArmando Z\u00fa\u00f1iga Salinas, presidente del Centro Empresarial destac\u00f3 que detonar la reactivaci\u00f3n econ\u00f3mica de la Ciudad ha sido la prioridad en la agenda de trabajo de la COPARMEX CDMX y para lograrlo, es necesario tener claro que el turismo es un motor indispensable en el desarrollo social y cultural, que, al sumarlos, dan vida<img decoding=\"async\" class=\"size-medium wp-image-374592 alignright\" src=\"https:\/\/dimensionturistica.com\/es\/wp-content\/uploads\/2022\/08\/845-300x200.jpg\" alt=\"\" width=\"300\" height=\"200\" srcset=\"https:\/\/dimensionturistica.com\/es\/wp-content\/uploads\/2022\/08\/845-300x200.jpg 300w, https:\/\/dimensionturistica.com\/es\/wp-content\/uploads\/2022\/08\/845-1024x683.jpg 1024w, https:\/\/dimensionturistica.com\/es\/wp-content\/uploads\/2022\/08\/845-768x512.jpg 768w, https:\/\/dimensionturistica.com\/es\/wp-content\/uploads\/2022\/08\/845-750x500.jpg 750w, https:\/\/dimensionturistica.com\/es\/wp-content\/uploads\/2022\/08\/845-1140x760.jpg 1140w, https:\/\/dimensionturistica.com\/es\/wp-content\/uploads\/2022\/08\/845.jpg 1296w\" sizes=\"(max-width: 300px) 100vw, 300px\" \/> a la prosperidad de los comercios, negocios, empresas y de la sociedad en general.<br \/>\nExplic\u00f3 c\u00f3mo a trav\u00e9s de un estudio, la Comisi\u00f3n de Turismo liderada por Armando Wojtyla Culebro Trujillo, identific\u00f3 3 tipos de visitantes: el que desconoce el destino y nunca lo ha visitado; el que sabe o ha escuchado sobre el destino, pero no lo ha visitado y quien ya lo conoce y tambi\u00e9n lo ha visitado, pero sin olvidar a este \u00faltimo sector, la campa\u00f1a se enfocar\u00e1 en \u201cemocionar a los dos primeros\u201d.<br \/>\n\u201cImpulsa Turismo CDMX\u201d, revel\u00f3, es una gran fuente de alianzas entre diferentes sectores como el gubernamental, diplom\u00e1tico, empresarial y un nuevo concepto mediante el cual se busca llegar a un p\u00fablico determinado como son los j\u00f3venes, a trav\u00e9s de la participaci\u00f3n de 30 influencers en tres etapas que van desde<img decoding=\"async\" class=\"size-medium wp-image-374593 alignright\" src=\"https:\/\/dimensionturistica.com\/es\/wp-content\/uploads\/2022\/08\/846-300x200.jpg\" alt=\"\" width=\"300\" height=\"200\" srcset=\"https:\/\/dimensionturistica.com\/es\/wp-content\/uploads\/2022\/08\/846-300x200.jpg 300w, https:\/\/dimensionturistica.com\/es\/wp-content\/uploads\/2022\/08\/846-1024x682.jpg 1024w, https:\/\/dimensionturistica.com\/es\/wp-content\/uploads\/2022\/08\/846-768x511.jpg 768w, https:\/\/dimensionturistica.com\/es\/wp-content\/uploads\/2022\/08\/846-750x499.jpg 750w, https:\/\/dimensionturistica.com\/es\/wp-content\/uploads\/2022\/08\/846-1140x759.jpg 1140w, https:\/\/dimensionturistica.com\/es\/wp-content\/uploads\/2022\/08\/846.jpg 1280w\" sizes=\"(max-width: 300px) 100vw, 300px\" \/> este 2022 y hasta finales de 2023 a trav\u00e9s del hermanamiento con estados de la rep\u00fablica (Guerrero, Oaxaca, Sinaloa, Nuevo Le\u00f3n entre otros), pa\u00edses de Am\u00e9rica Latina y otros tantos del resto del mundo.<br \/>\nZ\u00fa\u00f1iga Salinas dio a conocer que a trav\u00e9s del turismo se debe dar un mensaje de esperanza a los empresarios y a sus colaboradores para poder detonar el desarrollo econ\u00f3mico de la ciudad, sobre todo sabiendo aprovechar todas las condiciones de la Ciudad que lo tiene todo, en lo que coincidi\u00f3 con la Jefa de Gobierno, quien dijo que ahora ya no es s\u00f3lo un destino tur\u00edstico de negocios, sino que su gran potencial tur\u00edstico se ha trasladado tambi\u00e9n a los fines de semana con espect\u00e1culos como conciertos, eventos deportivos, museos e infinidad de atractivos culturales m\u00e1s.<br \/>\n\u201cSi hay un lugar que pueda enamorar a m\u00e1s visitantes, esa es nuestra Ciudad de M\u00e9xico, pues es una de las ciudades con m\u00e1s museos, restaurantes y oferta hotelera en el mundo, as\u00ed como con una diversidad gigantesca<img decoding=\"async\" class=\"size-medium wp-image-374594 alignright\" src=\"https:\/\/dimensionturistica.com\/es\/wp-content\/uploads\/2022\/08\/848-300x200.jpg\" alt=\"\" width=\"300\" height=\"200\" srcset=\"https:\/\/dimensionturistica.com\/es\/wp-content\/uploads\/2022\/08\/848-300x200.jpg 300w, https:\/\/dimensionturistica.com\/es\/wp-content\/uploads\/2022\/08\/848-1024x682.jpg 1024w, https:\/\/dimensionturistica.com\/es\/wp-content\/uploads\/2022\/08\/848-768x511.jpg 768w, https:\/\/dimensionturistica.com\/es\/wp-content\/uploads\/2022\/08\/848-750x499.jpg 750w, https:\/\/dimensionturistica.com\/es\/wp-content\/uploads\/2022\/08\/848-1140x759.jpg 1140w, https:\/\/dimensionturistica.com\/es\/wp-content\/uploads\/2022\/08\/848.jpg 1280w\" sizes=\"(max-width: 300px) 100vw, 300px\" \/> en espect\u00e1culos y deportes de primer nivel, adem\u00e1s de un turismo religioso de los m\u00e1s importantes del planeta\u201d, coment\u00f3 Z\u00fa\u00f1iga, quien estuvo acompa\u00f1ado por el presidente de la Comisi\u00f3n de Turismo de COPARMEX CDMX, Armando Wojtyla Culebro Trujillo.<br \/>\nAdem\u00e1s, Z\u00fa\u00f1iga Salinas hizo el reconocimiento, a nombre de los empresarios de la capital, de que \u201choy la seguridad p\u00fablica en la Ciudad de M\u00e9xico es un factor muy importante para <img decoding=\"async\" class=\"size-medium wp-image-374595 alignleft\" src=\"https:\/\/dimensionturistica.com\/es\/wp-content\/uploads\/2022\/08\/849-300x206.jpg\" alt=\"\" width=\"300\" height=\"206\" srcset=\"https:\/\/dimensionturistica.com\/es\/wp-content\/uploads\/2022\/08\/849-300x206.jpg 300w, https:\/\/dimensionturistica.com\/es\/wp-content\/uploads\/2022\/08\/849-1024x702.jpg 1024w, https:\/\/dimensionturistica.com\/es\/wp-content\/uploads\/2022\/08\/849-768x526.jpg 768w, https:\/\/dimensionturistica.com\/es\/wp-content\/uploads\/2022\/08\/849-750x514.jpg 750w, https:\/\/dimensionturistica.com\/es\/wp-content\/uploads\/2022\/08\/849-1140x781.jpg 1140w, https:\/\/dimensionturistica.com\/es\/wp-content\/uploads\/2022\/08\/849.jpg 1261w\" sizes=\"(max-width: 300px) 100vw, 300px\" \/>invitar a todo visitante a disfrutar de una ciudad en donde queremos que toda su infraestructura humana y tecnol\u00f3gica est\u00e9 al servicio de los ciudadanos y de nuestros visitantes nacionales y extranjeros\u201d.<br \/>\nY sobre la Reactivaci\u00f3n Econ\u00f3mica Z\u00fa\u00f1iga Salinas reconoci\u00f3 la comunicaci\u00f3n con el gobierno y la toma de decisiones a favor de los emprendedores, como es la condonaci\u00f3n del Impuesto Sobre N\u00f3mina a las nuevas empresas, que es un apoyo sustancial a quienes van iniciando un negocio, adem\u00e1s de los cr\u00e9ditos a las PyMEs, a trav\u00e9s de un programa otorgado por Bancomext y Nacional Financiera, aunque el crecimiento se ha visto m\u00e1s dilatado comparado con otros estados que basan su fortaleza en la manufactura, mientras aqu\u00ed privan las peque\u00f1as y medianas empresa<\/p>\n","protected":false},"excerpt":{"rendered":"<p>El gobierno de la Ciudad de M\u00e9xico y la COPARMEX local anunciaron este mediod\u00eda la colaboraci\u00f3n y acompa\u00f1amiento conjunto para reactivar la econom\u00eda de la capital del pa\u00eds a trav\u00e9s de la campa\u00f1a \u201cImpulsa Turismo CDMX\u201d, que como principal caracter\u00edstica tiene la de atraer a un m\u00ednimo de 100 mil nuevos viajeros que nunca la [&hellip;]<\/p>\n","protected":false},"author":1,"featured_media":374587,"comment_status":"open","ping_status":"closed","sticky":false,"template":"","format":"standard","meta":{"om_disable_all_campaigns":false,"jnews-multi-image_gallery":[],"jnews_single_post":{"source_name":"","source_url":"","via_name":"","via_url":"","override_template":"0","override":[{"template":"1","single_blog_custom":"","parallax":"1","fullscreen":"1","layout":"right-sidebar","sidebar":"default-sidebar","second_sidebar":"default-sidebar","sticky_sidebar":"1","share_position":"top","share_float_style":"share-monocrhome","show_share_counter":"1","show_view_counter":"1","show_featured":"1","show_post_meta":"1","show_post_author":"1","show_post_author_image":"1","show_post_date":"1","post_date_format":"default","post_date_format_custom":"Y\/m\/d","show_post_category":"1","show_post_reading_time":"0","post_reading_time_wpm":"300","show_zoom_button":"0","zoom_button_out_step":"2","zoom_button_in_step":"3","show_post_tag":"1","show_prev_next_post":"1","show_popup_post":"1","number_popup_post":"1","show_author_box":"0","show_post_related":"0","show_inline_post_related":"0"}],"override_image_size":"0","image_override":[{"single_post_thumbnail_size":"crop-500","single_post_gallery_size":"crop-500"}],"trending_post":"0","trending_post_position":"meta","trending_post_label":"Trending","sponsored_post":"0","sponsored_post_label":"Sponsored by","sponsored_post_name":"","sponsored_post_url":"","sponsored_post_logo_enable":"0","sponsored_post_logo":"","sponsored_post_desc":"","disable_ad":"0"},"jnews_primary_category":{"id":""},"jnews_social_meta":{"fb_title":"","fb_description":"","fb_image":"","twitter_title":"","twitter_description":"","twitter_image":""},"footnotes":""},"categories":[39],"tags":[],"class_list":["post-374586","post","type-post","status-publish","format-standard","has-post-thumbnail","hentry","category-viajes"],"_links":{"self":[{"href":"https:\/\/dimensionturistica.com\/es\/wp-json\/wp\/v2\/posts\/374586","targetHints":{"allow":["GET"]}}],"collection":[{"href":"https:\/\/dimensionturistica.com\/es\/wp-json\/wp\/v2\/posts"}],"about":[{"href":"https:\/\/dimensionturistica.com\/es\/wp-json\/wp\/v2\/types\/post"}],"author":[{"embeddable":true,"href":"https:\/\/dimensionturistica.com\/es\/wp-json\/wp\/v2\/users\/1"}],"replies":[{"embeddable":true,"href":"https:\/\/dimensionturistica.com\/es\/wp-json\/wp\/v2\/comments?post=374586"}],"version-history":[{"count":0,"href":"https:\/\/dimensionturistica.com\/es\/wp-json\/wp\/v2\/posts\/374586\/revisions"}],"wp:featuredmedia":[{"embeddable":true,"href":"https:\/\/dimensionturistica.com\/es\/wp-json\/wp\/v2\/media\/374587"}],"wp:attachment":[{"href":"https:\/\/dimensionturistica.com\/es\/wp-json\/wp\/v2\/media?parent=374586"}],"wp:term":[{"taxonomy":"category","embeddable":true,"href":"https:\/\/dimensionturistica.com\/es\/wp-json\/wp\/v2\/categories?post=374586"},{"taxonomy":"post_tag","embeddable":true,"href":"https:\/\/dimensionturistica.com\/es\/wp-json\/wp\/v2\/tags?post=374586"}],"curies":[{"name":"wp","href":"https:\/\/api.w.org\/{rel}","templated":true}]}}