{"id":374435,"date":"2022-08-23T14:45:26","date_gmt":"2022-08-23T14:45:26","guid":{"rendered":"https:\/\/dimensionturistica.com\/es\/?p=374435"},"modified":"2022-08-23T14:45:27","modified_gmt":"2022-08-23T14:45:27","slug":"la-literatura-de-viajes-es-ajena-a-fronteras-y-nacionalismos","status":"publish","type":"post","link":"https:\/\/dimensionturistica.com\/es\/la-literatura-de-viajes-es-ajena-a-fronteras-y-nacionalismos\/","title":{"rendered":"\u201cLa literatura de viajes es ajena a fronteras y nacionalismos\u201d"},"content":{"rendered":"<p> <br \/>\n<\/p>\n<div><picture class=\"preview-image\"><img decoding=\"async\" src=\"https:\/\/acentos3.s3.us-east-2.amazonaws.com\/resources\/img\/_blank.gif\" data-imgresponsive=\"\" data-desktop=\"https:\/\/acentos3.s3.us-east-2.amazonaws.com\/media\/storage02\/uploads\/2022\/08\/maria-belmonte-escritora-de-viajes-catalana-3-horizontal-728x410.webp\" data-mobile=\"https:\/\/acentos3.s3.us-east-2.amazonaws.com\/media\/storage02\/uploads\/2022\/08\/maria-belmonte-escritora-de-viajes-catalana-3-horizontal-400x225.webp\" onerror=\"FRN.imgFIX(this);\"\/><figcaption>Mar\u00eda Belmonte. Fotograf\u00eda cortes\u00eda de Editorial Acantilado.<\/figcaption><\/picture>\n<p><strong>Lo que esta mujer tiene con el mar es una verdadera relaci\u00f3n de amor<\/strong>. Le gusta caminar descalza por sus orillas y que le cuenten las historias que traen las olas. <strong>\u201cCada mar tiene sus propios aromas<\/strong> destilados por su historia, sus protagonistas, sus h\u00e9roes, sus leyendas. Cada mar es \u00fanico y a la vez el mismo, porque forma parte de ese oc\u00e9ano que envuelve nuestro planeta y lo llena de vida. <strong>Cada mar huele a viajes, a ausencias, a esperas, a tragedias y alegr\u00edas<\/strong>.\u201d<\/p>\n<picture class=\"image\"><img decoding=\"async\" loading=\"lazy\" alt=\" Fotograf\u00eda cortes\u00eda de Editorial Acantilado.\" attribution=\" Fotograf\u00eda cortes\u00eda de Editorial Acantilado.\" src=\"https:\/\/acentos3.s3.us-east-2.amazonaws.com\/media\/storage02\/uploads\/2022\/08\/maria-belmonte-escritora-de-viajes-catalana-3-full-728x410.webp\" width=\"800\" height=\"600\"\/><figcaption>Fotograf\u00eda cortes\u00eda de Editorial Acantilado.<\/figcaption><\/picture>\n<p>Esta mujer tambi\u00e9n puede hablar con los silencios de las ruinas; y que le cuenten los mundos que se han ido; que los lugares le susurren sus razones y las piedras le digan lo que saben. \u201cLa inteligencia humana ha sido capaz de aprender a leer en las rocas la historia de la vida y descubrir el alfabeto que yace oculto en ellas\u201d, cube en uno de sus libros.<\/p>\n<p>Catalana, andadora y escritora de viajes, <strong>Mar\u00eda Belmonte<\/strong>, tiene tres libros publicados: <em>Peregrinos de la belleza<\/em>(Acantilado 2015),<em>Los senderos del mar<\/em> (Acantilado 2017) y <em>En tierra de Dioniso<\/em>(Acantilado 2021).<\/p>\n<p>Del mundo m\u00e1gico de su infancia, recuerda el olor a salitre y sus paseos, de la mano de su madre, por la orilla del mar, en los d\u00edas de marea baja. Y un d\u00eda le nacieron alas y, amarrada al viento, se fue a andar los caminos y desde entonces no ha vuelto a parar. Caminar es su destino.<\/p>\n<p>Su abuela lo perdi\u00f3 todo en el bombardeo de Guernica de la aviaci\u00f3n franquista del 26 de abril de 1937 y le cont\u00f3 historias que ella, con una belleza adolorida, hizo constar en sus libros.<\/p>\n<p>Su segundo libro &#8211;<em>Los senderos del mar-<\/em> es la cr\u00f3nica de un largo andar por la costa vasca y, de alguna manera, un alegato contra las prisas y estridencias de la modernidad. \u201cPonerse una mochila a la espalda y calzarse unas botas para lanzarse al camino supone tambi\u00e9n un humilde acto de subversi\u00f3n, una manera de dar la espalda a una cultura que prima en exceso el beneficio inmediato, la eficiencia y la rapidez, y reh\u00faye las supuestas incomodidades de la vida al aire libre.\u201d<\/p>\n<p>En su tercer libro <em>En tierra de Dioniso. Vagabundeos por el norte de Grecia<\/em> est\u00e1 narrada la experiencia de un viaje a los lugares de la mitolog\u00eda griega. \u201cPor alguna misteriosa raz\u00f3n Grecia es para mi el lugar en el que una humilde flor del azafr\u00e1n, iluminada por el sol de la tarde, se agiganta hasta convertirse en el bello sicomoro que hizo detenerse a Jerjes y a su ej\u00e9rcito a su paso por las polvorientas llanuras de Lidia.\u201d<\/p>\n<p>\u201cLa contemplaci\u00f3n de ruinas -a la que he sido aficionada desde que tengo memoria- procura un intenso placer que va dando paso a una profunda melancol\u00eda, suscitada por la conciencia del inexorable paso del tiempo y la naturaleza ef\u00edmera de todo cuanto existe, incluidos nosotros mismos.\u201d<\/p>\n<p>Pero <em>Peregrinos de la belleza<\/em>. <em>Viajeros por Italia y Grecia,<\/em>su primer libro, es otra cosa. Es la cr\u00f3nica de los cronistas y el encuentro con unos artistas -de la palabra, de la pintura, de la aventura, de la vida, en sentido general- que se envolvieron en los aires del mar Mediterr\u00e1neo y all\u00ed dejaron sus huellas y convirtieron su vida en una met\u00e1fora.<\/p>\n<p>\u201cEs el resultado de mi propia pasi\u00f3n por el Mediterr\u00e1neo. Durante mucho tiempo me dediqu\u00e9 a leer y a investigar las vidas de personas \u2014escritores, pintores, poetas, aventureros\u2014 que compart\u00edan esa pasi\u00f3n y as\u00ed fui rellenando libretas de notas. Yo les preguntaba: \u00bfPor qu\u00e9 os atrae tanto el Mediterr\u00e1neo? Y cada uno de ellos me fue dando su respuesta. As\u00ed escrib\u00ed mi libro.\u201d<\/p>\n<p>Mar\u00eda Belmonte fue parte del equipo que tradujo <em>The Paris Assessment. Entrevistas 1953-2012<\/em>, dos vol\u00famenes de conversaciones con escritores publicados por Acantilado en 2020.<\/p>\n<picture class=\"image\"><img decoding=\"async\" loading=\"lazy\" alt=\" Mar\u00eda Belmonte. Fotograf\u00eda cortes\u00eda de Editorial Acantilado.\" attribution=\" Mar\u00eda Belmonte. Fotograf\u00eda cortes\u00eda de Editorial Acantilado.\" src=\"https:\/\/acentos3.s3.us-east-2.amazonaws.com\/media\/storage02\/uploads\/2022\/08\/maria-belmonte-escritora-de-viajes-catalana-4-full-728x410.webp\" width=\"1365\" height=\"2048\"\/><figcaption>Mar\u00eda Belmonte. Fotograf\u00eda cortes\u00eda de Editorial Acantilado.<\/figcaption><\/picture>\n<p>Belmonte solo es activista de la belleza. Pero hace poco, en el a\u00f1o 2020, en el pr\u00f3logo al libro <em>Los bosques perdidos<\/em> (Ediciones El Salm\u00f3n 2021), de la singular escritora y vehemente cient\u00edfica Rachel Carson norteamericana, hizo una llamada de atenci\u00f3n a seguir el ejemplo de esta autora para preservar los recursos naturales del planeta.<\/p>\n<p>\u201cHoy m\u00e1s que nunca \u2013escribi\u00f3 Belmonte- necesitamos a Rachel Carson. La necesitamos como una nueva llamada de atenci\u00f3n, pero tambi\u00e9n para, a trav\u00e9s de sus palabras y de su pasi\u00f3n por la naturaleza, maravillarnos ante el complejo entramado de la vida para aprender as\u00ed, de una vez, a respetarlo. Y en estos momentos, es mucho lo que est\u00e1 en juego.\u201d<\/p>\n<p>En la cofrad\u00eda de lectores y adoradores de la literatura de viaje dispersa por el mundo Mar\u00eda Belmonte ya es una referencia, no solo por las historias que cuenta, tambi\u00e9n por las maneras en que las cuenta y, sobre todo, por la galanura de una prosa l\u00edrica llena de lluvias, lejan\u00edas, horizontes y atardeceres.<\/p>\n<p>Su pr\u00f3ximo libro es el secreto mejor guardado.<\/p>\n<p><strong>\u00bfCu\u00e1les de los lugares visitados y de los caminos recorridos se acomodan mejor en la \u201cgeopo\u00e9tica personal\u201d que usted se invent\u00f3 en sus libros?<\/strong><\/p>\n<p>Siento una predilecci\u00f3n especial por los pa\u00edses de la cuenca mediterr\u00e1nea, en especial por Grecia, por su paisaje y su gente, y tambi\u00e9n por Italia. En esos dos pa\u00edses me siento en casa y no me canso de visitarlos y de explorarlos. Son los dos pa\u00edses que se acomodan mejor a mi \u201cgeopo\u00e9tica personal\u201d.<\/p>\n<p><strong>\u00bfUn cronista de viaje es un escritor que viaja o es un viajero que escribe?\u00a0<\/strong><\/p>\n<p>En mi caso creo que escribo sobre lugares y personas que me atraen, que me llaman\u2026 o tambi\u00e9n puedo decir que escribo para poder visitar ciertos lugares. Viajar teniendo la \u201cmisi\u00f3n\u201d de escribir despu\u00e9s me resulta mucho m\u00e1s interesante que viajar simplemente por placer o para hacer turismo.<\/p>\n<p><strong>\u00bfQu\u00e9 retos hay que enfrentar para reinventar los mundos perdidos y cu\u00e1ntas libertades son posibles en la escritura de no ficci\u00f3n?<\/strong><\/p>\n<p>Los relatos de viajes son producto de la mirada private del autor; nunca existir\u00e1n dos relatos iguales del mismo lugar, aunque en cierto modo las libertades para escribir la cr\u00f3nica de un viaje est\u00e1n limitadas por la historia y la realidad de los pa\u00edses que visitas, de lo contrario estar\u00edas escribiendo ficci\u00f3n.<\/p>\n<p>Antes de viajar procuro documentarme al m\u00e1ximo sobre los lugares que voy a recorrer, y una vez all\u00ed, estoy abierta a las experiencias, sorpresas y emociones que depara cada viaje.<\/p>\n<p><strong>Cube Eduardo Mart\u00ednez de Pis\u00f3n que \u201cel paisaje es la idea que tenemos del paisaje\u201d. \u00bfPuede decirse que los relatos y cr\u00f3nicas de viaje son una met\u00e1fora de las geograf\u00edas?<\/strong><\/p>\n<p>Cada uno de nosotros \u00ablee\u00bb e interpreta el paisaje de una manera diferente. S\u00f3lo vemos lo que conocemos\u2026 los relatos de viaje son la cr\u00f3nica de la experiencia subjetiva y private del autor que vierte en ellos lo que a \u00e9l le conmueve e interesa.<\/p>\n<p><strong>La literatura de viajes es vers\u00e1til y en ella se acomodan la poes\u00eda, la historia, la biograf\u00eda, la autobiograf\u00eda, lo epistolar, hasta la arqueolog\u00eda y la paleontolog\u00eda. \u00bfLa cr\u00f3nica de viajes es entonces un g\u00e9nero mestizo?<\/strong><\/p>\n<p>En la literatura de viajes puede entrar todo lo que interesa a un autor: la historia, la pol\u00edtica, el arte, la biolog\u00eda, la arqueolog\u00eda\u2026 Es un retrato muy certero del alma del propio autor, en ocasiones m\u00e1s que del propio lugar que visita.<\/p>\n<p><strong>\u00bfQu\u00e9 nacionalidad tiene la literatura de viajes?<\/strong><\/p>\n<p>La literatura de viajes es internacional, cosmopolita, mundial, ajena a fronteras y nacionalismos. La labor de los grandes autores de literatura de viajes, desde Marco Polo, ha sido difundir y darnos a conocer pa\u00edses, lugares y costumbres que ni siquiera sab\u00edamos que exist\u00edan.<\/p>\n<p><strong>Cube la colombiana Juliana Gonz\u00e1lez-Rivera que en el viaje el conocimiento no es completo sin el sentimiento. \u00bfQu\u00e9 trae usted de cada viaje a nivel humano, emocional y sentimental, y qu\u00e9 le susurran al o\u00eddo los lugares que visita?<\/strong><\/p>\n<p>Este es el punto quiz\u00e1s m\u00e1s importante de la literatura de viajes y coincido plenamente con Juliana. Hay que saber aunar el conocimiento con el sentimiento, y hacerlo con gracia y con arte.<\/p>\n<p>Cada viaje es una experiencia transformadora porque ampl\u00eda tu visi\u00f3n del mundo y est\u00e1 lleno de emociones positivas y negativas, y eso es lo que debes tratar de comunicar al lector.<\/p>\n<picture class=\"image\"><img decoding=\"async\" loading=\"lazy\" alt=\"\" attribution=\"\" src=\"https:\/\/acentos3.s3.us-east-2.amazonaws.com\/media\/storage02\/uploads\/2022\/08\/maria-belmonte-escritora-de-viajes-catalana-1-full-728x410.webp\" width=\"416\" height=\"659\"\/><figcaption\/><\/picture>\n<p><strong>\u00bfQu\u00e9 tiene que ver el sentido del viaje con el sentido de la libertad?<\/strong><\/p>\n<p>Durante el tiempo que dura un viaje est\u00e1s libre de las ataduras de la vida cotidiana; dejas atr\u00e1s lo conocido y te enfrentas a situaciones, personas, lugares, costumbres y problemas nuevos. Todo ello resulta liberador y estimulante.<\/p>\n<p><strong>\u00bfA usted le consta la libertad de la escritura?<\/strong><\/p>\n<p>S\u00ed, escribir es un acto de libertad porque nadie te pide que lo hagas. Eres t\u00fa quien se arriesga a acometer un trabajo que puede que no te lo acepten o que nadie te publique.<\/p>\n<p><strong>\u00bfC\u00f3mo funciona la mezcla de mujer, viajera y escritora en un mundo que no prefiere la libertad de las mujeres?<\/strong><\/p>\n<p>Para ser sincera, yo no he tenido nunca ning\u00fan problema ni para viajar ni para escribir y, adem\u00e1s, tuve la suerte de contar con un compa\u00f1ero que me animaba a viajar sola y, por supuesto, a escribir.<\/p>\n<p><strong>\u00bfPara usted la literatura siempre va a ser un destino?<\/strong><\/p>\n<p>S\u00ed, siempre\u2026 Vivo rodeada de libros, siempre estoy leyendo uno, comprando nuevos libros, leyendo sobre libros. Es mi vida y es mi mundo. No lo concibo de otra manera.<\/p>\n<picture class=\"image\"><img decoding=\"async\" loading=\"lazy\" alt=\" Fotograf\u00eda cortes\u00eda de Editorial Acantilado.\" attribution=\" Fotograf\u00eda cortes\u00eda de Editorial Acantilado.\" src=\"https:\/\/acentos3.s3.us-east-2.amazonaws.com\/media\/storage02\/uploads\/2022\/08\/maria-belmonte-escritora-de-viajes-catalana-6-full-728x410.webp\" width=\"8256\" height=\"5504\"\/><figcaption>Fotograf\u00eda cortes\u00eda de Editorial Acantilado.<\/figcaption><\/picture>\n<h2><strong>Mar\u00eda Belmonte y el mar<\/strong><\/h2>\n<p><strong>\u00bfEn qu\u00e9 circunstancias de su vida se le meti\u00f3 el mar adentro y qu\u00e9 ha hecho que su relaci\u00f3n con este sea tan distinguida?\u00a0<\/strong><\/p>\n<p>Recuerdo v\u00edvidamente el olor a salitre cuando caminaba de la mano de mi madre por el paseo mar\u00edtimo de un pueblo norte\u00f1o y hab\u00eda marea baja. Luego descubr\u00ed las pozas que se forman entre las rocas, llenas de tesoros que no me cansaba de investigar.<\/p>\n<p>Period un mundo m\u00e1gico y entabl\u00e9 una relaci\u00f3n \u00edntima con el mar que perdura todav\u00eda y fue para conocerlo mejor por lo que escrib\u00ed <em>Los senderos del mar<\/em>, un homenaje al mar de mi infancia y adolescencia.<\/p>\n<p><strong>\u00bfA qu\u00e9 le huelen a usted los mares que ha conocido?\u00a0<\/strong><\/p>\n<p>Cada mar tiene sus propios aromas destilados por su historia, sus protagonistas, sus h\u00e9roes, sus leyendas. Cada mar es \u00fanico y a la vez el mismo, porque forma parte de ese oc\u00e9ano que envuelve nuestro planeta y lo llena de vida. Cada mar huele a viajes, a ausencias, a esperas, a tragedias y alegr\u00edas. Y, sobre todo, el mar es el hogar de criaturas maravillosas y desconocidas.<\/p>\n<p><strong>\u00bfUsted es de las que disfruta el ritual de caminar descalza sobre la enviornment de los mares?<\/strong><\/p>\n<p>S\u00ed, pero en invierno y cuando las playas est\u00e1n vac\u00edas. No me gusta el ritual playero de pasar un d\u00eda entero al sol. Las playas se han convertido en lugares demasiado abarrotados de gente.<\/p>\n<p><strong>\u00bfCu\u00e1l es la magia que tiene el mar Mediterr\u00e1neo que, a pesar las tristezas de su historia, sigue encandilando a todos?<\/strong><\/p>\n<p>La historia del Mediterr\u00e1neo tiene tanta fuerza y tanto poder de fascinaci\u00f3n que ha dejado de ser un lugar f\u00edsico, para convertirse en un mito, o como cube el gran <em>mediterran\u00f3filo<\/em> Manuel Vicent, \u00abel Mediterr\u00e1neo no es un lugar, es una categor\u00eda del esp\u00edritu\u00bb.<\/p>\n<p><strong>\u00bfQu\u00e9 es lo que tanto le fascina de Rachel Carson y qu\u00e9 la llev\u00f3 a convertirla en su hero\u00edna?<\/strong><\/p>\n<p>De Rachel Carson me conmueve profundamente su valent\u00eda, tanto por ser capaz de denunciar en <em>Primavera silenciosa,<\/em>los desastres que los pesticidas estaban acarreando al mundo vegetal, como por ser capaz de seguir trabajando y escribiendo cuando ya la enfermedad la ten\u00eda muy minada.<\/p>\n<p>Tambi\u00e9n me gusta la pasi\u00f3n que derrocha en sus libros para darnos a conocer los tesoros del mar que ella conoc\u00eda tan bien.<\/p>\n<h2><strong>La pasi\u00f3n de los peregrinos<\/strong><\/h2>\n<p><strong>\u00bfQu\u00e9 tienen en com\u00fan sus<\/strong><strong>Peregrinos de la belleza y qu\u00e9 criterios utiliz\u00f3 para escribirlos?<\/strong><\/p>\n<picture class=\"image\"><img decoding=\"async\" loading=\"lazy\" alt=\"Peregrinos de la belleza&lt;\/em&gt; es el resultado de mi propia pasi\u00f3n por el Mediterr\u00e1neo. Durante mucho tiempo me dediqu\u00e9 a leer y a investigar las vidas de personas \u2014escritores, pintores, poetas, aventureros \u2014que compart\u00edan esa pasi\u00f3n y as\u00ed fui rellenando libretas de notas. Yo les preguntaba: \u00bfPor qu\u00e9 os atrae tanto el Mediterr\u00e1neo? Y cada uno de ellos me fue dando su respuesta. As\u00ed escrib\u00ed mi libro.\" attribution=\"Peregrinos de la belleza&lt;\/em&gt; es el resultado de mi propia pasi\u00f3n por el Mediterr\u00e1neo. Durante mucho tiempo me dediqu\u00e9 a leer y a investigar las vidas de personas \u2014escritores, pintores, poetas, aventureros \u2014que compart\u00edan esa pasi\u00f3n y as\u00ed fui rellenando libretas de notas. Yo les preguntaba: \u00bfPor qu\u00e9 os atrae tanto el Mediterr\u00e1neo? Y cada uno de ellos me fue dando su respuesta. As\u00ed escrib\u00ed mi libro.\" src=\"https:\/\/acentos3.s3.us-east-2.amazonaws.com\/media\/storage02\/uploads\/2022\/08\/maria-belmonte-escritora-de-viajes-catalana-5-full-728x410.webp\" width=\"416\" height=\"670\"\/><figcaption>Peregrinos de la belleza es el resultado de mi propia pasi\u00f3n por el Mediterr\u00e1neo. Durante mucho tiempo me dediqu\u00e9 a leer y a investigar las vidas de personas \u2014escritores, pintores, poetas, aventureros \u2014que compart\u00edan esa pasi\u00f3n y as\u00ed fui rellenando libretas de notas. Yo les preguntaba: \u00bfPor qu\u00e9 os atrae tanto el Mediterr\u00e1neo? Y cada uno de ellos me fue dando su respuesta. As\u00ed escrib\u00ed mi libro.<\/figcaption><\/picture>\n<p><strong>Eran geniales y eran seres de luz, pero algunos ten\u00edan temperamentos complejos y egos muy altos. \u00bfDesde la literatura se puede entender la complejidad de la naturaleza humana?<\/strong><\/p>\n<p>Creo que s\u00ed, la literatura, desde Homero, nos permite conocer los entresijos de la naturaleza humana en toda su complejidad. Shakespeare es un buen ejemplo de un autor que examina en su obra todas las luces y las sombras del ser humano.<\/p>\n<p><strong>\u00bfCu\u00e1l de sus <em>peregrinos<\/em> es su preferido, partiendo de la fuerza de su historia y de la belleza de sus acciones y escritos?<\/strong><\/p>\n<p>Es dif\u00edcil elegir porque me fui enamorando de cada uno a medida que me contaban su historia, pero si tuviera que elegir, quiz\u00e1 me quedar\u00eda con el m\u00e9dico Axel Munthe, porque fue el primero que descubr\u00ed en mi adolescencia y porque su libro, <em>La historia de san Michele<\/em>, me convirti\u00f3 en la lectora voraz que sigo siendo.<\/p>\n<p><strong>\u00bfNo le tienta escribir sobre<\/strong><strong>peregrinas de la belleza?<\/strong><\/p>\n<p>Me han preguntado muchas veces por qu\u00e9 no inclu\u00ed ninguna mujer en mi libro y siempre contesto que porque no conoc\u00eda ninguna cuya historia me interesara.<\/p>\n<p>Luego he hecho algunos descubrimientos de mujeres que vivieron en Italia y en Grecia y cuya historia es realmente interesante\u2026 Quiz\u00e1s alg\u00fan d\u00eda escribir\u00e9 sobre ellas.<\/p>\n<p><strong>\u00bfCon esa mirada de mujer que tiene usted, no le seduce la concept de escribir sobre<\/strong><strong>Circe, la diosa solitaria?<\/strong><\/p>\n<p>No lo hab\u00eda pensado, pero ahora que me lo pregunta, lo tendr\u00e9 en cuenta, porque es un personaje maravilloso y con mucho juego literario.<\/p>\n<h2><strong>El dios de la desmesura<\/strong><\/h2>\n<p><strong>\u00bfSiendo el dios de la desmesura, qu\u00e9 le llam\u00f3 tanto la atenci\u00f3n y qu\u00e9 le sedujo de Dioniso, para situarlo en el t\u00edtulo de su \u00faltimo libro publicado, <em>En tierra de Dioniso<\/em>?<\/strong><\/p>\n<picture class=\"image\"><img decoding=\"async\" loading=\"lazy\" alt=\"Me sedujo precisamente eso, que fuera el dios de la desmesura, de la sinraz\u00f3n, de todo lo oscuro de la naturaleza humana, y me llam\u00f3 la atenci\u00f3n que, en Macedonia, el lugar de Grecia sobre el que escrib\u00eda, hubiera un enorme culto a ese dios en la antig\u00fcedad, sin olvidar que fue all\u00ed, en Macedonia, donde Eur\u00edpides escribi\u00f3 esa inquietante tragedia que es &lt;em&gt;Las bacantes,&lt;\/em&gt;sobre el siniestro culto a Dioniso.\" attribution=\"Me sedujo precisamente eso, que fuera el dios de la desmesura, de la sinraz\u00f3n, de todo lo oscuro de la naturaleza humana, y me llam\u00f3 la atenci\u00f3n que, en Macedonia, el lugar de Grecia sobre el que escrib\u00eda, hubiera un enorme culto a ese dios en la antig\u00fcedad, sin olvidar que fue all\u00ed, en Macedonia, donde Eur\u00edpides escribi\u00f3 esa inquietante tragedia que es &lt;em&gt;Las bacantes,&lt;\/em&gt;sobre el siniestro culto a Dioniso.\" src=\"https:\/\/acentos3.s3.us-east-2.amazonaws.com\/media\/storage02\/uploads\/2022\/08\/maria-belmonte-escritora-de-viajes-catalana-2-full-728x410.webp\" width=\"416\" height=\"657\"\/><figcaption>Me sedujo precisamente eso, que fuera el dios de la desmesura, de la sinraz\u00f3n, de todo lo oscuro de la naturaleza humana, y me llam\u00f3 la atenci\u00f3n que, en Macedonia, el lugar de Grecia sobre el que escrib\u00eda, hubiera un enorme culto a ese dios en la antig\u00fcedad, sin olvidar que fue all\u00ed, en Macedonia, donde Eur\u00edpides escribi\u00f3 esa inquietante tragedia que es <em>Las bacantes,<\/em>sobre el siniestro culto a Dioniso.<\/figcaption><\/picture>\n<p><strong>\u00bfUsted pudo encontrar la Grecia que fue buscar?<\/strong><\/p>\n<p>En realidad, no conoc\u00eda casi nada del norte de Grecia y hab\u00eda le\u00eddo muy poco sobre su historia, as\u00ed que mientras viajaba iba de descubrimiento en descubrimiento, a cu\u00e1l m\u00e1s gozoso. Puedo decir que encontr\u00e9 lo que no estaba buscando.<\/p>\n<p><strong>\u00bfQu\u00e9 piensa que pasar\u00e1 cuando el mundo se quede sin cl\u00e1sicos y termine de olvidarse de Homero y de sus cantos?<\/strong><\/p>\n<p>Supongo que eso puede suceder dentro de muchos a\u00f1os, porque por muchas agresiones que sufren los cl\u00e1sicos en los planes de estudio, su fuerza es tan inmensa que siguen estando presentes en nuestra vida. De hecho, se siguen publicando cada a\u00f1o miles de libros en torno a los cl\u00e1sicos. Del mundo que vendr\u00e1 despu\u00e9s de ellos y por quienes ser\u00e1n reemplazados, no tengo ni concept.<\/p>\n<p><strong>\u00bfLa belleza y la capacidad de asombro siempre conciernen a la literatura de viajes?<\/strong><\/p>\n<p>Ser capaz de absorber la belleza o la capacidad de asombro no son privativos de la literatura, sino de cualquier persona smart y creo que afortunadamente, hay much\u00edsimas en el mundo, dedicadas a las m\u00e1s diversas profesiones.<\/p>\n<p><strong>\u00bfEn qu\u00e9 momento y circunstancias de su vida le salieron alas y empez\u00f3 a volar?<\/strong><\/p>\n<p>En el Pa\u00eds Vasco, donde nac\u00ed, hay mucha costumbre de ir a la monta\u00f1a, as\u00ed que desde muy joven comenc\u00e9 a frecuentar los senderos, los bosques y los montes de mi tierra. Desde entonces no he parado. No hay nada que me guste m\u00e1s que ponerme una mochila a la espalda y comenzar a andar. Viajar a pie me sigue pareciendo la forma m\u00e1s exquisita de hacerlo.<\/p>\n<p><strong>Usted cuenta al inicio de<\/strong><strong>Los senderos del mar que vivi\u00f3 una etapa de silencios profundos cuando, adolescente a\u00fan, se fue de Bilbao a Bayona. \u00bfPara qu\u00e9 le ha servido el silencio en su vida, incluyendo el silencio inside?<\/strong><\/p>\n<p>La adolescencia es una etapa dif\u00edcil para todo el mundo y durante un tiempo decid\u00ed no hablar en casa. Supongo que hice sufrir mucho a mis padres. Pero lo super\u00e9 gracias a la ayuda de mi madre.<\/p>\n<p>De adulta descubr\u00ed la importancia del silencio, porque te permite aislarte de los ruidos externos y deja que aflore tu mundo inside.<\/p>\n<p>Una de las razones de viajar sola es, precisamente \u00e9sa, poder estar en silencio, conmigo misma, en los lugares sobre los que quiero escribir. Es la manera de dejar que te hablen, de que te cuenten sus historias; son experiencias muy especiales que luego trato de poner en palabras en mis libros.<\/p>\n<p><strong>\u00bfCuando uno calla puede mirar mejor el mundo?<\/strong><\/p>\n<p>Cuando uno calla puede mirar mejor el mundo y tambi\u00e9n absorberlo mejor, porque permites que te hable y, a veces, en ocasiones muy especiales, te cuenta cosas sorprendentes y fabulosas.<\/p>\n<p>\u00bf<strong>Qu\u00e9 recuerdos le dej\u00f3 su abuela del d\u00eda que Guernica vivi\u00f3 bajo las bombas franquistas?<\/strong><\/p>\n<p>Todas eran historias muy tristes, porque mi abuela, mi abuelo y sus tres hijas lo perdieron todo el d\u00eda del bombardeo de Guernica; para empezar, se quedaron sin casa y a partir de aquel d\u00eda empez\u00f3 su peregrinaje por Francia como refugiada con tres ni\u00f1as peque\u00f1as mientras mi abuelo se quedaba en Bilbao. Toda una tragedia acquainted.<\/p>\n<p><strong>\u00bfUsted escribe para que el olvido no destruya la memoria?<\/strong><\/p>\n<p>La verdad es que no s\u00e9 muy bien por qu\u00e9 escribo; quiz\u00e1s porque soy traductora y he pasado toda mi vida entre libros y la consecuencia l\u00f3gica period empezar a escribir yo tambi\u00e9n. Y quiz\u00e1s s\u00ed, escribo para dar a conocer lugares e historias de personas que a m\u00ed me parecen importantes.<\/p>\n<p><strong>\u00bfEn sus manos la escritura es una urgencia?<\/strong><\/p>\n<p>No dir\u00eda que es una urgencia. Combino la escritura de un libro con mi trabajo como traductora, as\u00ed que lo voy sorteando como puedo. A veces me pregunto c\u00f3mo he sido capaz de terminar de escribir un libro.<\/p>\n<p><strong>\u00bfCu\u00e1l es su pr\u00f3ximo viaje, cu\u00e1l su pr\u00f3ximo libro?<\/strong><\/p>\n<p>Dicen que da mala suerte hablar sobre ello, as\u00ed que lo mantendr\u00e9 en secreto.<\/p>\n<p><strong>Si yo la tildo de andariega \u00bfse sentir\u00eda c\u00f3moda?<\/strong><\/p>\n<p>Me sentir\u00eda muy halagada, porque as\u00ed es como yo me veo a m\u00ed misma: como una andariega, una mujer que camina<\/p>\n<\/div>\n<p><script>!function(f,b,e,v,n,t,s)\n          {if(f.fbq)return;n=f.fbq=function(){n.callMethod?\n          n.callMethod.apply(n,arguments):n.queue.push(arguments)};\n          if(!f._fbq)f._fbq=n;n.push=n;n.loaded=!0;n.version='2.0';\n          n.queue=[];t=b.createElement(e);t.async=!0;\n          t.src=v;s=b.getElementsByTagName(e)[0];\n          s.parentNode.insertBefore(t,s)}(window, document,'script',\n          'https:\/\/connect.facebook.net\/en_US\/fbevents.js');\n          fbq('init', '381341867478063');\n          fbq('track', 'PageView');<\/script><br \/>\n<br \/><\/p>\n<p><em> &#8221; Fuentes acento.com.do &#8221; <\/em><\/p>\n","protected":false},"excerpt":{"rendered":"<p>Mar\u00eda Belmonte. Fotograf\u00eda cortes\u00eda de Editorial Acantilado. Lo que esta mujer tiene con el mar es una verdadera relaci\u00f3n de amor. Le gusta caminar descalza por sus orillas y que le cuenten las historias que traen las olas. \u201cCada mar tiene sus propios aromas destilados por su historia, sus protagonistas, sus h\u00e9roes, sus leyendas. Cada [&hellip;]<\/p>\n","protected":false},"author":4,"featured_media":374436,"comment_status":"open","ping_status":"closed","sticky":false,"template":"","format":"standard","meta":{"om_disable_all_campaigns":false,"jnews-multi-image_gallery":[],"jnews_single_post":[],"jnews_primary_category":[],"jnews_social_meta":[],"footnotes":""},"categories":[39],"tags":[51966,51967,1429,51968],"class_list":["post-374435","post","type-post","status-publish","format-standard","has-post-thumbnail","hentry","category-viajes","tag-cronista-de-la-lejania","tag-maria-belmonte","tag-santo-domingo","tag-vianco-martinez"],"_links":{"self":[{"href":"https:\/\/dimensionturistica.com\/es\/wp-json\/wp\/v2\/posts\/374435","targetHints":{"allow":["GET"]}}],"collection":[{"href":"https:\/\/dimensionturistica.com\/es\/wp-json\/wp\/v2\/posts"}],"about":[{"href":"https:\/\/dimensionturistica.com\/es\/wp-json\/wp\/v2\/types\/post"}],"author":[{"embeddable":true,"href":"https:\/\/dimensionturistica.com\/es\/wp-json\/wp\/v2\/users\/4"}],"replies":[{"embeddable":true,"href":"https:\/\/dimensionturistica.com\/es\/wp-json\/wp\/v2\/comments?post=374435"}],"version-history":[{"count":0,"href":"https:\/\/dimensionturistica.com\/es\/wp-json\/wp\/v2\/posts\/374435\/revisions"}],"wp:featuredmedia":[{"embeddable":true,"href":"https:\/\/dimensionturistica.com\/es\/wp-json\/wp\/v2\/media\/374436"}],"wp:attachment":[{"href":"https:\/\/dimensionturistica.com\/es\/wp-json\/wp\/v2\/media?parent=374435"}],"wp:term":[{"taxonomy":"category","embeddable":true,"href":"https:\/\/dimensionturistica.com\/es\/wp-json\/wp\/v2\/categories?post=374435"},{"taxonomy":"post_tag","embeddable":true,"href":"https:\/\/dimensionturistica.com\/es\/wp-json\/wp\/v2\/tags?post=374435"}],"curies":[{"name":"wp","href":"https:\/\/api.w.org\/{rel}","templated":true}]}}