{"id":374193,"date":"2022-08-23T02:28:23","date_gmt":"2022-08-23T02:28:23","guid":{"rendered":"https:\/\/dimensionturistica.com\/es\/?p=374193"},"modified":"2022-08-23T02:28:23","modified_gmt":"2022-08-23T02:28:23","slug":"gobierno-de-macron-quiere-restringir-los-viajes-en-jets-privados-para-frenar-las-emisiones-de-co2","status":"publish","type":"post","link":"https:\/\/dimensionturistica.com\/es\/gobierno-de-macron-quiere-restringir-los-viajes-en-jets-privados-para-frenar-las-emisiones-de-co2\/","title":{"rendered":"Gobierno de Macron quiere restringir los viajes en jets privados para frenar las emisiones de CO2"},"content":{"rendered":"<p> <br \/>\n<\/p>\n<div id=\"cuerpo-ad\">\n<p style=\"text-align: justify;\">El ministro franc\u00e9s de Transportes, <strong>Cl\u00e9ment Beaune<\/strong>, estudia <strong>limitar los vuelos en jet privado<\/strong> en un momento en que se exigen esfuerzos para limitar el cambio clim\u00e1tico y el consumo de energ\u00eda, y para que esa medida sea eficaz y tenga m\u00e1s efectos querr\u00eda que se aplicase<strong> a nivel europeo<\/strong>.<\/p>\n<p style=\"text-align: justify;\"><strong>&#8220;Creo que hay que actuar y regular los vuelos en jet privado. Se est\u00e1n convirtiendo en el s\u00edmbolo de un esfuerzo a dos velocidades&#8221;<\/strong>, explica Beaune en declaraciones publicadas este domingo por <em>Le Parisien<\/em>.<\/p>\n<p style=\"text-align: justify;\">Su intenci\u00f3n es plantear esta cuesti\u00f3n a la vuelta de las vacaciones de verano cuando el Ejecutivo de<strong> Emmanuel Macron<\/strong> discuta el conocido como <strong>&#8220;plan de sobriedad&#8221;<\/strong> que pretende poner en pr\u00e1ctica el <strong>ahorro energ\u00e9tico requerido por la Uni\u00f3n Europea<\/strong> para afrontar la disaster por la guerra en Ucrania.<\/p>\n<p style=\"text-align: justify;\">Pero tambi\u00e9n llevar este asunto a la pr\u00f3xima reuni\u00f3n con los otros responsables de transportes de la UE en octubre ya que estima que<strong> &#8220;lo m\u00e1s eficaz es actuar a nivel europeo para tener las mismas reglas y m\u00e1s impacto&#8221;.<\/strong><\/p>\n<p style=\"text-align: justify;\">Seg\u00fan la ONG Transport &amp; Environnement, <strong>una d\u00e9cima parte de los vuelos en Francia corresponden a reactores privados.<\/strong> En las \u00faltimas semanas est\u00e1n teniendo mucho eco las cuentas en redes sociales que hacen un seguimiento cr\u00edtico de los desplazamientos en aviones exclusivos de millonarios y famosos.<\/p>\n<p style=\"text-align: justify;\"><em>Le Parisien<\/em> precisa que el ministro franc\u00e9s baraja diferentes posibilidades, que ir\u00edan desde medidas de incitaci\u00f3n para reducir el recurso a esos vuelos a una reglamentaci\u00f3n que impusiera restricciones, pasando por grav\u00e1menes que tuvieran efecto disuasorio.<\/p>\n<p style=\"text-align: justify;\">Entre los escenarios est\u00e1 <strong>obligar a las empresas a hacer p\u00fablicos sus desplazamientos en avi\u00f3n privado<\/strong> o un dispositivo para enmarcar su uso e incluso <strong>impedirlo cuando existe una alternativa con vuelos comerciales o con tren.<\/strong><\/p>\n<p style=\"text-align: justify;\">Ser\u00eda una forma de extender el dispositivo que ya existe, que impide que las compa\u00f1\u00edas a\u00e9reas exploten l\u00edneas interiores en Francia cuando existe una alternativa en tren con una duraci\u00f3n de menos de dos horas y media, salvo si son para establecer vuelos en interconexi\u00f3n.<\/p>\n<p style=\"text-align: justify;\">Otra concept ser\u00eda integrar la aviaci\u00f3n privada en el sistema de cuotas del futuro impuesto sobre las emisiones de<strong> di\u00f3xido de carbono (CO2)<\/strong> que se est\u00e1 dise\u00f1ando en la UE.<\/p>\n<p style=\"text-align: justify;\">Detr\u00e1s de sus planes, est\u00e1 tambi\u00e9n la voluntad de que no crezca la impresi\u00f3n de que hay diferentes varas de medir a la hora de reclamar el ajuste del cintur\u00f3n por la urgencia clim\u00e1tica y energ\u00e9tica.<\/p>\n<\/div>\n\n<p><em> &#8221; Fuentes cooperativa.cl &#8221; <\/em><\/p>\n","protected":false},"excerpt":{"rendered":"<p>El ministro franc\u00e9s de Transportes, Cl\u00e9ment Beaune, estudia limitar los vuelos en jet privado en un momento en que se exigen esfuerzos para limitar el cambio clim\u00e1tico y el consumo de energ\u00eda, y para que esa medida sea eficaz y tenga m\u00e1s efectos querr\u00eda que se aplicase a nivel europeo. &#8220;Creo que hay que actuar [&hellip;]<\/p>\n","protected":false},"author":4,"featured_media":374194,"comment_status":"open","ping_status":"closed","sticky":false,"template":"","format":"standard","meta":{"om_disable_all_campaigns":false,"jnews-multi-image_gallery":[],"jnews_single_post":[],"jnews_primary_category":[],"jnews_social_meta":[],"footnotes":""},"categories":[39],"tags":[3918,797],"class_list":["post-374193","post","type-post","status-publish","format-standard","has-post-thumbnail","hentry","category-viajes","tag-francia","tag-mundo"],"_links":{"self":[{"href":"https:\/\/dimensionturistica.com\/es\/wp-json\/wp\/v2\/posts\/374193","targetHints":{"allow":["GET"]}}],"collection":[{"href":"https:\/\/dimensionturistica.com\/es\/wp-json\/wp\/v2\/posts"}],"about":[{"href":"https:\/\/dimensionturistica.com\/es\/wp-json\/wp\/v2\/types\/post"}],"author":[{"embeddable":true,"href":"https:\/\/dimensionturistica.com\/es\/wp-json\/wp\/v2\/users\/4"}],"replies":[{"embeddable":true,"href":"https:\/\/dimensionturistica.com\/es\/wp-json\/wp\/v2\/comments?post=374193"}],"version-history":[{"count":0,"href":"https:\/\/dimensionturistica.com\/es\/wp-json\/wp\/v2\/posts\/374193\/revisions"}],"wp:featuredmedia":[{"embeddable":true,"href":"https:\/\/dimensionturistica.com\/es\/wp-json\/wp\/v2\/media\/374194"}],"wp:attachment":[{"href":"https:\/\/dimensionturistica.com\/es\/wp-json\/wp\/v2\/media?parent=374193"}],"wp:term":[{"taxonomy":"category","embeddable":true,"href":"https:\/\/dimensionturistica.com\/es\/wp-json\/wp\/v2\/categories?post=374193"},{"taxonomy":"post_tag","embeddable":true,"href":"https:\/\/dimensionturistica.com\/es\/wp-json\/wp\/v2\/tags?post=374193"}],"curies":[{"name":"wp","href":"https:\/\/api.w.org\/{rel}","templated":true}]}}