{"id":374163,"date":"2022-08-22T23:37:54","date_gmt":"2022-08-22T23:37:54","guid":{"rendered":"https:\/\/dimensionturistica.com\/es\/?p=374163"},"modified":"2022-08-22T23:37:54","modified_gmt":"2022-08-22T23:37:54","slug":"exitosa-presentacion-de-cubaunica-en-barranquilla-fotos","status":"publish","type":"post","link":"https:\/\/dimensionturistica.com\/es\/exitosa-presentacion-de-cubaunica-en-barranquilla-fotos\/","title":{"rendered":"Exitosa presentaci\u00f3n de #CubaUnica en Barranquilla (+Fotos)"},"content":{"rendered":"<p> <br \/>\n<\/p>\n<div>\n<p>Con 24 expositores de entidades del turismo cubano, representantes de cadenas hoteleras extranjeras que manejan instalaciones en la isla caribe\u00f1a, se desarroll\u00f3 este evento al que asistieron m\u00e1s de un centenar de agencias.<\/p>\n<p><img decoding=\"async\" class=\"alignnone size-full wp-image-306647\" src=\"data:image\/svg+xml,%3Csvg%20xmlns=\" http:=\"\" alt=\"CubaUnica-en-Barranquilla-2\" width=\"748\" height=\"498\" data-lazy-srcset=\"https:\/\/www.prensa-latina.cu\/wp-content\/uploads\/2022\/08\/CubaUnica-en-Barranquilla-2.jpg 748w, https:\/\/www.prensa-latina.cu\/wp-content\/uploads\/2022\/08\/CubaUnica-en-Barranquilla-2-300x200.jpg 300w, https:\/\/www.prensa-latina.cu\/wp-content\/uploads\/2022\/08\/CubaUnica-en-Barranquilla-2-150x100.jpg 150w\" data-lazy-sizes=\"(max-width: 748px) 100vw, 748px\" data-lazy-src=\"https:\/\/www.prensa-latina.cu\/wp-content\/uploads\/2022\/08\/CubaUnica-en-Barranquilla-2.jpg\"\/><noscript><img decoding=\"async\" class=\"alignnone size-full wp-image-306647\" src=\"https:\/\/www.prensa-latina.cu\/wp-content\/uploads\/2022\/08\/CubaUnica-en-Barranquilla-2.jpg\" alt=\"CubaUnica-en-Barranquilla-2\" width=\"748\" height=\"498\" srcset=\"https:\/\/www.prensa-latina.cu\/wp-content\/uploads\/2022\/08\/CubaUnica-en-Barranquilla-2.jpg 748w, https:\/\/www.prensa-latina.cu\/wp-content\/uploads\/2022\/08\/CubaUnica-en-Barranquilla-2-300x200.jpg 300w, https:\/\/www.prensa-latina.cu\/wp-content\/uploads\/2022\/08\/CubaUnica-en-Barranquilla-2-150x100.jpg 150w\" sizes=\"(max-width: 748px) 100vw, 748px\"\/><\/noscript><\/p>\n<p>Las entidades cubanas presentes son el Ministerio de Turismo, Cubatur, Agencia de viajes Cubanacan, Cadena Islazul, Agencia Havanatur, Ecotur, Cubanacan, Gaviota, Gran Caribe, y las cadenas, Roc hoteles and Resorts Cuba, Blue Diamond, Meli\u00e1 Cuba, Sirenis y Be Dwell.<\/p>\n<p>El espacio propici\u00f3 el intercambio entre dichas entidades y agencias acerca del destino tur\u00edstico Cuba, sus novedades y bondades para los clientes y la actualizaci\u00f3n sobre las mejoras y los resultados de este sector.<\/p>\n<p>La aerol\u00ednea COPA brind\u00f3 sus itinerarios y posibles conexiones, lo cual facilitar\u00eda el traslado de los turistas a la naci\u00f3n antillana.<\/p>\n<p>El evento finaliz\u00f3 con dos rifas, las cuales incluyen noches de alojamiento, excursions y traslados, explic\u00f3 el funcionario.<\/p>\n<p>De acuerdo con Fern\u00e1ndez, el objetivo de estas jornadas, que se extender\u00e1n a otras ciudades del pa\u00eds, es crear demanda y ofrecer a los agentes de viajes la informaci\u00f3n normal que garantice el conocimiento sobre el destino Cuba.<\/p>\n<p>Adem\u00e1s, actualizar a toda la purple de ventas sobre las novedades, atractivos, nuevos sitios de inter\u00e9s, servicios y actividades para el turista.<\/p>\n<p>Buscan tambi\u00e9n la promoci\u00f3n del producto tur\u00edstico de las diferentes regiones de la isla y potenciar fundamentalmente a La Habana, los cayos, el oriente de Cuba y ciudades legendarias.<\/p>\n<p>Con estas acciones se promocionar\u00e1n los eventos a celebrarse en lo que resta del 2022, as\u00ed como la Feria Internacional de Trurismo (FitCuba 2023), a\u00f1adi\u00f3 Fern\u00e1ndez.<\/p>\n<p>En todas las ciudades colombianas donde se har\u00e1 la presentaci\u00f3n (adem\u00e1s de Barranquilla, Medell\u00edn, Cali, Bucaramanga y Bogot\u00e1), habr\u00e1 Workshop (momentos de coworking) con escritorios para quienes acompa\u00f1an desde Cuba y las agencias mayoristas colombianas que permitir\u00e1 intercambiar con los invitados, puntualiz\u00f3.<\/p>\n<p>oda\/otf<\/p>\n<\/p><\/div>\n\n<p><em> &#8221; Fuentes www.prensa-latina.cu &#8221; <\/em><\/p>\n","protected":false},"excerpt":{"rendered":"<p>Con 24 expositores de entidades del turismo cubano, representantes de cadenas hoteleras extranjeras que manejan instalaciones en la isla caribe\u00f1a, se desarroll\u00f3 este evento al que asistieron m\u00e1s de un centenar de agencias. Las entidades cubanas presentes son el Ministerio de Turismo, Cubatur, Agencia de viajes Cubanacan, Cadena Islazul, Agencia Havanatur, Ecotur, Cubanacan, Gaviota, Gran [&hellip;]<\/p>\n","protected":false},"author":4,"featured_media":374164,"comment_status":"open","ping_status":"closed","sticky":false,"template":"","format":"standard","meta":{"om_disable_all_campaigns":false,"jnews-multi-image_gallery":[],"jnews_single_post":[],"jnews_primary_category":[],"jnews_social_meta":[],"footnotes":""},"categories":[40],"tags":[771,956,715,35201,544],"class_list":["post-374163","post","type-post","status-publish","format-standard","has-post-thumbnail","hentry","category-industria","tag-colombia","tag-cuba","tag-economia","tag-nota-informativa","tag-turismo"],"_links":{"self":[{"href":"https:\/\/dimensionturistica.com\/es\/wp-json\/wp\/v2\/posts\/374163","targetHints":{"allow":["GET"]}}],"collection":[{"href":"https:\/\/dimensionturistica.com\/es\/wp-json\/wp\/v2\/posts"}],"about":[{"href":"https:\/\/dimensionturistica.com\/es\/wp-json\/wp\/v2\/types\/post"}],"author":[{"embeddable":true,"href":"https:\/\/dimensionturistica.com\/es\/wp-json\/wp\/v2\/users\/4"}],"replies":[{"embeddable":true,"href":"https:\/\/dimensionturistica.com\/es\/wp-json\/wp\/v2\/comments?post=374163"}],"version-history":[{"count":0,"href":"https:\/\/dimensionturistica.com\/es\/wp-json\/wp\/v2\/posts\/374163\/revisions"}],"wp:featuredmedia":[{"embeddable":true,"href":"https:\/\/dimensionturistica.com\/es\/wp-json\/wp\/v2\/media\/374164"}],"wp:attachment":[{"href":"https:\/\/dimensionturistica.com\/es\/wp-json\/wp\/v2\/media?parent=374163"}],"wp:term":[{"taxonomy":"category","embeddable":true,"href":"https:\/\/dimensionturistica.com\/es\/wp-json\/wp\/v2\/categories?post=374163"},{"taxonomy":"post_tag","embeddable":true,"href":"https:\/\/dimensionturistica.com\/es\/wp-json\/wp\/v2\/tags?post=374163"}],"curies":[{"name":"wp","href":"https:\/\/api.w.org\/{rel}","templated":true}]}}