{"id":374075,"date":"2022-08-22T20:41:13","date_gmt":"2022-08-22T20:41:13","guid":{"rendered":"https:\/\/dimensionturistica.com\/es\/?p=374075"},"modified":"2022-08-22T20:41:13","modified_gmt":"2022-08-22T20:41:13","slug":"exitosa-presentacion-de-entidades-turisticas-cubanas-en-barranquilla-colombia","status":"publish","type":"post","link":"https:\/\/dimensionturistica.com\/es\/exitosa-presentacion-de-entidades-turisticas-cubanas-en-barranquilla-colombia\/","title":{"rendered":"Exitosa presentaci\u00f3n de entidades tur\u00edsticas cubanas en Barranquilla, Colombia"},"content":{"rendered":"<p> <br \/>\n<\/p>\n<div>\n<p><span style=\"font-size:14px\"><span style=\"font-family:Arial,Helvetica,sans-serif\"><img decoding=\"async\" alt=\"\" src=\"https:\/\/www.cadenagramonte.cu\/images\/Collage-Maker-21-Aug-2022-09_00-PM.webp\" style=\"width:100%\"\/>Bogot\u00e1, 22 in the past.- La primera jornada de presentaci\u00f3n de #CubaUnica en Colombia, que tuvo lugar hoy en Barranquilla, fue calificada de exitosa por Mariano Fern\u00e1ndez, consejero de Turismo de Cuba para esta naci\u00f3n suramericana, Per\u00fa, Brasil y Ecuador.<\/span><\/span><\/p>\n<p><span style=\"font-size:14px\"><span style=\"font-family:Arial,Helvetica,sans-serif\">Con 24 expositores de entidades del turismo cubano, representantes de cadenas hoteleras extranjeras que manejan instalaciones en la isla caribe\u00f1a, se desarroll\u00f3 este evento al que asistieron m\u00e1s de un centenar de agencias.<\/span><\/span><\/p>\n<p><span style=\"font-size:14px\"><span style=\"font-family:Arial,Helvetica,sans-serif\">Las entidades cubanas presentes son el Ministerio de Turismo, Cubatur, Agencia de viajes Cubanacan, Cadena Islazul, Agencia Havanatur, Ecotur, Cubanacan, Gaviota, Gran Caribe, y las cadenas, Roc hoteles and Resorts Cuba, Blue Diamond, Meli\u00e1 Cuba, Sirenis y Be Reside.<\/span><\/span><\/p>\n<p><span style=\"font-size:14px\"><span style=\"font-family:Arial,Helvetica,sans-serif\">El espacio propici\u00f3 el intercambio entre dichas entidades y agencias acerca del destino tur\u00edstico Cuba, sus novedades y bondades para los clientes y la actualizaci\u00f3n sobre las mejoras y los resultados de este sector.<\/span><\/span><\/p>\n<p><span style=\"font-size:14px\"><span style=\"font-family:Arial,Helvetica,sans-serif\">La aerol\u00ednea COPA brind\u00f3 sus itinerarios y posibles conexiones, lo cual facilitar\u00eda el traslado de los turistas a la naci\u00f3n antillana.<\/span><\/span><\/p>\n<p><span style=\"font-size:14px\"><span style=\"font-family:Arial,Helvetica,sans-serif\">El evento finaliz\u00f3 con dos rifas, las cuales incluyen noches de alojamiento, excursions y traslados, explic\u00f3 el funcionario.<\/span><\/span><\/p>\n<p><span style=\"font-size:14px\"><span style=\"font-family:Arial,Helvetica,sans-serif\">De acuerdo con Fern\u00e1ndez, el objetivo de estas jornadas, que se extender\u00e1n a otras ciudades del pa\u00eds, es crear demanda y ofrecer a los agentes de viajes la informaci\u00f3n basic que garantice el conocimiento sobre el destino Cuba.<\/span><\/span><\/p>\n<p><span style=\"font-size:14px\"><span style=\"font-family:Arial,Helvetica,sans-serif\">Adem\u00e1s, actualizar a toda la purple de ventas sobre las novedades, atractivos, nuevos sitios de inter\u00e9s, servicios y actividades para el turista.<\/span><\/span><\/p>\n<p><span style=\"font-size:14px\"><span style=\"font-family:Arial,Helvetica,sans-serif\">Buscan tambi\u00e9n la promoci\u00f3n del producto tur\u00edstico de las diferentes regiones de la isla y potenciar fundamentalmente a La Habana, los cayos, el oriente de Cuba y ciudades legendarias.<\/span><\/span><\/p>\n<p><span style=\"font-size:14px\"><span style=\"font-family:Arial,Helvetica,sans-serif\">Con estas acciones se promocionar\u00e1n los eventos a celebrarse en lo que resta del 2022, as\u00ed como la Feria Internacional de Trurismo (FitCuba 2023), a\u00f1adi\u00f3 Fern\u00e1ndez.<\/span><\/span><\/p>\n<p><span style=\"font-size:14px\"><span style=\"font-family:Arial,Helvetica,sans-serif\">En todas las ciudades colombianas donde se har\u00e1 la presentaci\u00f3n (adem\u00e1s de Barranquilla, Medell\u00edn, Cali, Bucaramanga y Bogot\u00e1), habr\u00e1 Workshop (momentos de coworking) con escritorios para quienes acompa\u00f1an desde Cuba y las agencias mayoristas colombianas que permitir\u00e1 intercambiar con los invitados, puntualiz\u00f3. <strong>(PL)<\/strong><\/span><\/span><\/p>\n<hr\/>\n<p>                    <!-- Related post START --><\/p>\n<section class=\"pt-4 pb-0\" style=\"margin-top: -30px;\">&#13;<br \/>\n                    &#13;<br \/>\n                <\/section>\n<p>                <!-- Related post END --><\/p>\n<hr\/>\n<p>                <!-- Comments START --><br \/>\n                <!-- form message --><\/p>\n<p>                <!-- end message --><\/p>\n<div id=\"formulario\">\n<p>&#13;<\/p>\n<h3>&#13;<br \/>\n                        <span><i class=\"bi bi-chat-quote\"\/> Comentarios<\/span>&#13;<br \/>\n                    <\/h3>\n<p>&#13;<br \/>\n                   &#13;\n                <\/p>\n<p>                <!-- Comments END --><br \/>\n                <!-- Reply START --><\/p>\n<hr\/>\n<p>                    <small>Tu direcci&amp;oacuten de correo no ser&amp;aacute publicada *<\/small><\/p><\/div>\n<p>                <!-- Reply END -->\n            <\/div>\n\n<p><em> &#8221; Fuentes www.cadenagramonte.cu &#8221; <\/em><\/p>\n","protected":false},"excerpt":{"rendered":"<p>Bogot\u00e1, 22 in the past.- La primera jornada de presentaci\u00f3n de #CubaUnica en Colombia, que tuvo lugar hoy en Barranquilla, fue calificada de exitosa por Mariano Fern\u00e1ndez, consejero de Turismo de Cuba para esta naci\u00f3n suramericana, Per\u00fa, Brasil y Ecuador. Con 24 expositores de entidades del turismo cubano, representantes de cadenas hoteleras extranjeras que manejan [&hellip;]<\/p>\n","protected":false},"author":4,"featured_media":374076,"comment_status":"open","ping_status":"closed","sticky":false,"template":"","format":"standard","meta":{"om_disable_all_campaigns":false,"jnews-multi-image_gallery":[],"jnews_single_post":[],"jnews_primary_category":[],"jnews_social_meta":[],"footnotes":""},"categories":[40],"tags":[771,956,544],"class_list":["post-374075","post","type-post","status-publish","format-standard","has-post-thumbnail","hentry","category-industria","tag-colombia","tag-cuba","tag-turismo"],"_links":{"self":[{"href":"https:\/\/dimensionturistica.com\/es\/wp-json\/wp\/v2\/posts\/374075","targetHints":{"allow":["GET"]}}],"collection":[{"href":"https:\/\/dimensionturistica.com\/es\/wp-json\/wp\/v2\/posts"}],"about":[{"href":"https:\/\/dimensionturistica.com\/es\/wp-json\/wp\/v2\/types\/post"}],"author":[{"embeddable":true,"href":"https:\/\/dimensionturistica.com\/es\/wp-json\/wp\/v2\/users\/4"}],"replies":[{"embeddable":true,"href":"https:\/\/dimensionturistica.com\/es\/wp-json\/wp\/v2\/comments?post=374075"}],"version-history":[{"count":0,"href":"https:\/\/dimensionturistica.com\/es\/wp-json\/wp\/v2\/posts\/374075\/revisions"}],"wp:featuredmedia":[{"embeddable":true,"href":"https:\/\/dimensionturistica.com\/es\/wp-json\/wp\/v2\/media\/374076"}],"wp:attachment":[{"href":"https:\/\/dimensionturistica.com\/es\/wp-json\/wp\/v2\/media?parent=374075"}],"wp:term":[{"taxonomy":"category","embeddable":true,"href":"https:\/\/dimensionturistica.com\/es\/wp-json\/wp\/v2\/categories?post=374075"},{"taxonomy":"post_tag","embeddable":true,"href":"https:\/\/dimensionturistica.com\/es\/wp-json\/wp\/v2\/tags?post=374075"}],"curies":[{"name":"wp","href":"https:\/\/api.w.org\/{rel}","templated":true}]}}