{"id":374057,"date":"2022-08-22T20:25:54","date_gmt":"2022-08-22T20:25:54","guid":{"rendered":"https:\/\/dimensionturistica.com\/es\/?p=374057"},"modified":"2022-08-22T20:27:35","modified_gmt":"2022-08-22T20:27:35","slug":"aeromexico-informa-sus-clientes","status":"publish","type":"post","link":"https:\/\/dimensionturistica.com\/es\/aeromexico-informa-sus-clientes\/","title":{"rendered":"Aerom\u00e9xico informa a sus clientes"},"content":{"rendered":"<p>En relaci\u00f3n a la informaci\u00f3n proporcionada el d\u00eda de hoy por la Procuradur\u00eda Federal del Consumidor (Profeco), respecto a la operaci\u00f3n a\u00e9rea de esta temporada alta de verano, Aerom\u00e9xico expresa lo siguiente:<br \/>\n1. Desde julio y a la fecha, la compa\u00f1\u00eda ha realizado casi 29 mil vuelos y ha sido la aerol\u00ednea m\u00e1s puntual del Aeropuerto Internacional de la Ciudad de M\u00e9xico (AICM), teniendo una puntualidad de salida de 81.3% y de llegada de 78.8%. Estos resultados se encuentran 4 puntos porcentuales por encima del promedio general de esa terminal a\u00e9rea, y 13 puntos porcentuales arriba de los otros dos principales operadores en esa estaci\u00f3n. Asimismo, el 99.9% de los vuelos planeados por la empresa en este periodo, se llevaron a cabo.<img decoding=\"async\" class=\"size-medium wp-image-374060 alignright\" src=\"https:\/\/dimensionturistica.com\/es\/wp-content\/uploads\/2022\/08\/profeco-300x300.jpg\" alt=\"\" width=\"300\" height=\"300\" srcset=\"https:\/\/dimensionturistica.com\/es\/wp-content\/uploads\/2022\/08\/profeco-300x300.jpg 300w, https:\/\/dimensionturistica.com\/es\/wp-content\/uploads\/2022\/08\/profeco-150x150.jpg 150w, https:\/\/dimensionturistica.com\/es\/wp-content\/uploads\/2022\/08\/profeco-75x75.jpg 75w, https:\/\/dimensionturistica.com\/es\/wp-content\/uploads\/2022\/08\/profeco-350x350.jpg 350w, https:\/\/dimensionturistica.com\/es\/wp-content\/uploads\/2022\/08\/profeco.jpg 474w\" sizes=\"(max-width: 300px) 100vw, 300px\" \/><br \/>\n2. De enero a julio del presente a\u00f1o, la empresa recibi\u00f3 una queja por cada 20 mil clientes atendidos y a cada caso se le ha dado seguimiento puntual bajo los procesos internos de la aerol\u00ednea y los que dicta la Profeco.<br \/>\nAerom\u00e9xico contin\u00faa trabajando para garantizar que sus operaciones se realicen bajo los m\u00e1s altos est\u00e1ndares de salud y seguridad de la industria, y seguir\u00e1 manteniendo una estrecha coordinaci\u00f3n con las autoridades gubernamentales para elevar a\u00fan m\u00e1s los niveles de servicio que demandan nuestros clientes.<\/p>\n","protected":false},"excerpt":{"rendered":"<p>En relaci\u00f3n a la informaci\u00f3n proporcionada el d\u00eda de hoy por la Procuradur\u00eda Federal del Consumidor (Profeco), respecto a la operaci\u00f3n a\u00e9rea de esta temporada alta de verano, Aerom\u00e9xico expresa lo siguiente: 1. Desde julio y a la fecha, la compa\u00f1\u00eda ha realizado casi 29 mil vuelos y ha sido la aerol\u00ednea m\u00e1s puntual del [&hellip;]<\/p>\n","protected":false},"author":1,"featured_media":374058,"comment_status":"open","ping_status":"closed","sticky":false,"template":"","format":"standard","meta":{"om_disable_all_campaigns":false,"jnews-multi-image_gallery":[],"jnews_single_post":{"source_name":"","source_url":"","via_name":"","via_url":"","override_template":"0","override":[{"template":"1","single_blog_custom":"","parallax":"1","fullscreen":"1","layout":"right-sidebar","sidebar":"default-sidebar","second_sidebar":"default-sidebar","sticky_sidebar":"1","share_position":"top","share_float_style":"share-monocrhome","show_share_counter":"1","show_view_counter":"1","show_featured":"1","show_post_meta":"1","show_post_author":"1","show_post_author_image":"1","show_post_date":"1","post_date_format":"default","post_date_format_custom":"Y\/m\/d","show_post_category":"1","show_post_reading_time":"0","post_reading_time_wpm":"300","show_zoom_button":"0","zoom_button_out_step":"2","zoom_button_in_step":"3","show_post_tag":"1","show_prev_next_post":"1","show_popup_post":"1","number_popup_post":"1","show_author_box":"0","show_post_related":"0","show_inline_post_related":"0"}],"override_image_size":"0","image_override":[{"single_post_thumbnail_size":"crop-500","single_post_gallery_size":"crop-500"}],"trending_post":"0","trending_post_position":"meta","trending_post_label":"Trending","sponsored_post":"0","sponsored_post_label":"Sponsored by","sponsored_post_name":"","sponsored_post_url":"","sponsored_post_logo_enable":"0","sponsored_post_logo":"","sponsored_post_desc":"","disable_ad":"0"},"jnews_primary_category":{"id":""},"jnews_social_meta":{"fb_title":"","fb_description":"","fb_image":"","twitter_title":"","twitter_description":"","twitter_image":""},"footnotes":""},"categories":[39],"tags":[],"class_list":["post-374057","post","type-post","status-publish","format-standard","has-post-thumbnail","hentry","category-viajes"],"_links":{"self":[{"href":"https:\/\/dimensionturistica.com\/es\/wp-json\/wp\/v2\/posts\/374057","targetHints":{"allow":["GET"]}}],"collection":[{"href":"https:\/\/dimensionturistica.com\/es\/wp-json\/wp\/v2\/posts"}],"about":[{"href":"https:\/\/dimensionturistica.com\/es\/wp-json\/wp\/v2\/types\/post"}],"author":[{"embeddable":true,"href":"https:\/\/dimensionturistica.com\/es\/wp-json\/wp\/v2\/users\/1"}],"replies":[{"embeddable":true,"href":"https:\/\/dimensionturistica.com\/es\/wp-json\/wp\/v2\/comments?post=374057"}],"version-history":[{"count":0,"href":"https:\/\/dimensionturistica.com\/es\/wp-json\/wp\/v2\/posts\/374057\/revisions"}],"wp:featuredmedia":[{"embeddable":true,"href":"https:\/\/dimensionturistica.com\/es\/wp-json\/wp\/v2\/media\/374058"}],"wp:attachment":[{"href":"https:\/\/dimensionturistica.com\/es\/wp-json\/wp\/v2\/media?parent=374057"}],"wp:term":[{"taxonomy":"category","embeddable":true,"href":"https:\/\/dimensionturistica.com\/es\/wp-json\/wp\/v2\/categories?post=374057"},{"taxonomy":"post_tag","embeddable":true,"href":"https:\/\/dimensionturistica.com\/es\/wp-json\/wp\/v2\/tags?post=374057"}],"curies":[{"name":"wp","href":"https:\/\/api.w.org\/{rel}","templated":true}]}}