{"id":374029,"date":"2022-08-22T20:16:09","date_gmt":"2022-08-22T20:16:09","guid":{"rendered":"https:\/\/dimensionturistica.com\/es\/?p=374029"},"modified":"2022-08-22T20:16:09","modified_gmt":"2022-08-22T20:16:09","slug":"el-ibero-american-film-festival-miami-iaffm-hace-una-alianza-con-popvision-media-empresa-multimedia-de-produccion-de-contenidos-audiovisuales-y-fabrica-de-talentos","status":"publish","type":"post","link":"https:\/\/dimensionturistica.com\/es\/el-ibero-american-film-festival-miami-iaffm-hace-una-alianza-con-popvision-media-empresa-multimedia-de-produccion-de-contenidos-audiovisuales-y-fabrica-de-talentos\/","title":{"rendered":"El Ibero-American Film Festival Miami (IAFFM) hace una alianza con Popvision Media, empresa multimedia de producci\u00f3n de contenidos audiovisuales y f\u00e1brica de talentos."},"content":{"rendered":"<p>El Ibero-American Film Festival Miami (IAFFM) que desde 2016 tiene la misi\u00f3n de celebrar, formar y nutrir la cultura cinematogr\u00e1fica local e beroamericana hace una alianza con Popvision, empresa multimedia de producci\u00f3n de contenidos audiovisuales y f\u00e1brica de talentos con los mejores contenidos tales como series, reality shows, documentales, pel\u00edculas, programas propios y contenido premium exclusivo.<br \/>\nPor esta alianza y por el lanzamiento simult\u00e1neo de la plataforma Popvision +, nos es grato informar que las nuevas fechas para la realizaci\u00f3n de la 5\u00aa edici\u00f3n del Ibero American Film Festival Miami, ser\u00e1n del 24 al 29 de enero 2023.<br \/>\n\u201cEn esta nuestra 5\u00aa edici\u00f3n nos sentimos muy felices de anunciar esta alianza con la empresa Popvision,<img decoding=\"async\" class=\" wp-image-374044 alignright\" src=\"https:\/\/dimensionturistica.com\/es\/wp-content\/uploads\/2022\/08\/unnamed-13-225x300.jpg\" alt=\"\" width=\"308\" height=\"411\" srcset=\"https:\/\/dimensionturistica.com\/es\/wp-content\/uploads\/2022\/08\/unnamed-13-225x300.jpg 225w, https:\/\/dimensionturistica.com\/es\/wp-content\/uploads\/2022\/08\/unnamed-13-768x1024.jpg 768w, https:\/\/dimensionturistica.com\/es\/wp-content\/uploads\/2022\/08\/unnamed-13-1152x1536.jpg 1152w, https:\/\/dimensionturistica.com\/es\/wp-content\/uploads\/2022\/08\/unnamed-13-750x1000.jpg 750w, https:\/\/dimensionturistica.com\/es\/wp-content\/uploads\/2022\/08\/unnamed-13-1140x1520.jpg 1140w, https:\/\/dimensionturistica.com\/es\/wp-content\/uploads\/2022\/08\/unnamed-13.jpg 1200w\" sizes=\"(max-width: 308px) 100vw, 308px\" \/> mancuerna que nos permitir\u00e1 robustecer la difusi\u00f3n y presencia del IAFFM, adem\u00e1s de sumar la oferta para que los cineastas y valores emergentes tengan oportunidad de una plataforma propia con contenidos totalmente en espa\u00f1ol para la Uni\u00f3n Americana\u201d<br \/>\nFernando Arciniega, director IAFFM<br \/>\n\u201cEstamos muy contentos de formar parte del Ibero American Film Festival Miami, el poder tener una ventana en esta ciudad tan importante para exponer el talento y el arte del cine Iberoamericano abrir\u00e1 muchas ventanas a todos los productores\u201d., expreso Emilio Braun Codirector Popvision, mientras que por su parte Ricardo C\u00e1rdenas, su socio y Codirector, expreso: \u201cVamos a lograr que este Festival de cine por su posici\u00f3n geogr\u00e1fica en Miami sea el m\u00e1s importante de Latinoam\u00e9rica, que sus obras sean vistas a nivel mundial\u201d.<br \/>\nSin duda esta alianza no solamente beneficiar\u00e1 a la poblaci\u00f3n latina de Estados Unidos, sino que a todos los pa\u00edses iberoamericanos, ya que tanto el IAFFM como Popvision comparten la idea de apoyar al talento iberoamericano para que se sigan exhibiendo -tanto en el Festival como en la plataforma- los mejores largometrajes, cortometrajes documentales y series que de alguna manera promueven y enriquecen nuestras historias, nuestra cultura, nuestros sabores, nuestra diversidad y nuestras emociones con el fin de transformar una oferta cultural diversa, inclusiva y convertirnos en un punto de encuentro y referencia entre hermanos iberoamericanos.<\/p>\n","protected":false},"excerpt":{"rendered":"<p>El Ibero-American Film Festival Miami (IAFFM) que desde 2016 tiene la misi\u00f3n de celebrar, formar y nutrir la cultura cinematogr\u00e1fica local e beroamericana hace una alianza con Popvision, empresa multimedia de producci\u00f3n de contenidos audiovisuales y f\u00e1brica de talentos con los mejores contenidos tales como series, reality shows, documentales, pel\u00edculas, programas propios y contenido premium [&hellip;]<\/p>\n","protected":false},"author":1,"featured_media":374048,"comment_status":"open","ping_status":"closed","sticky":false,"template":"","format":"standard","meta":{"om_disable_all_campaigns":false,"jnews-multi-image_gallery":[],"jnews_single_post":{"source_name":"","source_url":"","via_name":"","via_url":"","override_template":"0","override":[{"template":"1","single_blog_custom":"","parallax":"1","fullscreen":"1","layout":"right-sidebar","sidebar":"default-sidebar","second_sidebar":"default-sidebar","sticky_sidebar":"1","share_position":"top","share_float_style":"share-monocrhome","show_share_counter":"1","show_view_counter":"1","show_featured":"1","show_post_meta":"1","show_post_author":"1","show_post_author_image":"1","show_post_date":"1","post_date_format":"default","post_date_format_custom":"Y\/m\/d","show_post_category":"1","show_post_reading_time":"0","post_reading_time_wpm":"300","show_zoom_button":"0","zoom_button_out_step":"2","zoom_button_in_step":"3","show_post_tag":"1","show_prev_next_post":"1","show_popup_post":"1","number_popup_post":"1","show_author_box":"0","show_post_related":"0","show_inline_post_related":"0"}],"override_image_size":"0","image_override":[{"single_post_thumbnail_size":"crop-500","single_post_gallery_size":"crop-500"}],"trending_post":"0","trending_post_position":"meta","trending_post_label":"Trending","sponsored_post":"0","sponsored_post_label":"Sponsored by","sponsored_post_name":"","sponsored_post_url":"","sponsored_post_logo_enable":"0","sponsored_post_logo":"","sponsored_post_desc":"","disable_ad":"0"},"jnews_primary_category":{"id":""},"jnews_social_meta":{"fb_title":"","fb_description":"","fb_image":"","twitter_title":"","twitter_description":"","twitter_image":""},"footnotes":""},"categories":[40],"tags":[],"class_list":["post-374029","post","type-post","status-publish","format-standard","has-post-thumbnail","hentry","category-industria"],"_links":{"self":[{"href":"https:\/\/dimensionturistica.com\/es\/wp-json\/wp\/v2\/posts\/374029","targetHints":{"allow":["GET"]}}],"collection":[{"href":"https:\/\/dimensionturistica.com\/es\/wp-json\/wp\/v2\/posts"}],"about":[{"href":"https:\/\/dimensionturistica.com\/es\/wp-json\/wp\/v2\/types\/post"}],"author":[{"embeddable":true,"href":"https:\/\/dimensionturistica.com\/es\/wp-json\/wp\/v2\/users\/1"}],"replies":[{"embeddable":true,"href":"https:\/\/dimensionturistica.com\/es\/wp-json\/wp\/v2\/comments?post=374029"}],"version-history":[{"count":0,"href":"https:\/\/dimensionturistica.com\/es\/wp-json\/wp\/v2\/posts\/374029\/revisions"}],"wp:featuredmedia":[{"embeddable":true,"href":"https:\/\/dimensionturistica.com\/es\/wp-json\/wp\/v2\/media\/374048"}],"wp:attachment":[{"href":"https:\/\/dimensionturistica.com\/es\/wp-json\/wp\/v2\/media?parent=374029"}],"wp:term":[{"taxonomy":"category","embeddable":true,"href":"https:\/\/dimensionturistica.com\/es\/wp-json\/wp\/v2\/categories?post=374029"},{"taxonomy":"post_tag","embeddable":true,"href":"https:\/\/dimensionturistica.com\/es\/wp-json\/wp\/v2\/tags?post=374029"}],"curies":[{"name":"wp","href":"https:\/\/api.w.org\/{rel}","templated":true}]}}