{"id":373977,"date":"2022-08-22T19:22:27","date_gmt":"2022-08-22T19:22:27","guid":{"rendered":"https:\/\/dimensionturistica.com\/es\/?p=373977"},"modified":"2022-08-22T19:22:27","modified_gmt":"2022-08-22T19:22:27","slug":"reinserta-gobierno-del-estado-de-mexico-a-traves-de-la-secretaria-de-seguridad-y-amazon-mexico-inauguran-bebeteca-en-centro-penitenciario-de-ecatepec","status":"publish","type":"post","link":"https:\/\/dimensionturistica.com\/es\/reinserta-gobierno-del-estado-de-mexico-a-traves-de-la-secretaria-de-seguridad-y-amazon-mexico-inauguran-bebeteca-en-centro-penitenciario-de-ecatepec\/","title":{"rendered":"Reinserta, Gobierno del Estado de M\u00e9xico, a trav\u00e9s de la Secretar\u00eda de Seguridad, y Amazon M\u00e9xico inauguran \u201cbebeteca\u201d en Centro Penitenciario de Ecatepec"},"content":{"rendered":"<p><img decoding=\"async\" class=\" wp-image-373984 alignright\" src=\"https:\/\/dimensionturistica.com\/es\/wp-content\/uploads\/2022\/08\/1-300x200.jpg\" alt=\"\" width=\"240\" height=\"160\" srcset=\"https:\/\/dimensionturistica.com\/es\/wp-content\/uploads\/2022\/08\/1-300x200.jpg 300w, https:\/\/dimensionturistica.com\/es\/wp-content\/uploads\/2022\/08\/1.jpg 400w\" sizes=\"(max-width: 240px) 100vw, 240px\" \/> Despu\u00e9s de seis meses de construcci\u00f3n que incluy\u00f3 su equipamiento, la asociaci\u00f3n Reinserta, el Gobierno del Estado de M\u00e9xico, a trav\u00e9s de la Secretar\u00eda de Seguridad, de la Subsecretar\u00eda de Control Penitenciario, y Amazon M\u00e9xico inauguraron la \u201cbebeteca\u201d en el Centro Penitenciario y de Reinserci\u00f3n Social (CPRS) de Chiconautla, Ecatepec. Este es un espacio l\u00fadico y libre de violencia, el cual permitir\u00e1 la sana convivencia y el desarrollo integral a los m\u00e1s de 110 ni\u00f1os y ni\u00f1as que viven o visitan a sus madres en el Reclusorio.<br \/>\nDentro de su programa \u201cNi\u00f1ez y Prisi\u00f3n\u201d, Reinserta inici\u00f3 la adecuaci\u00f3n de espacios f\u00edsicos llamados \u201cbebetecas\u201d, que posibilitan la interacci\u00f3n de las madres con sus hijas e hijos. En estas \u00e1reas se promueve la<img decoding=\"async\" class=\" wp-image-373986 alignright\" src=\"https:\/\/dimensionturistica.com\/es\/wp-content\/uploads\/2022\/08\/3-1-300x200.jpg\" alt=\"\" width=\"245\" height=\"163\" srcset=\"https:\/\/dimensionturistica.com\/es\/wp-content\/uploads\/2022\/08\/3-1-300x200.jpg 300w, https:\/\/dimensionturistica.com\/es\/wp-content\/uploads\/2022\/08\/3-1.jpg 400w\" sizes=\"(max-width: 245px) 100vw, 245px\" \/> estimulaci\u00f3n temprana, la libertad de movimiento, fortaleciendo el v\u00ednculo materno-infantil, la psicomotricidad, lenguaje y la creatividad; todo ello dentro de una realidad penitenciaria que les permite acceder a otro tipo de herramientas y recursos que no se encuentran al interior de las prisiones.<br \/>\n<img decoding=\"async\" class=\" wp-image-373996 alignleft\" src=\"https:\/\/dimensionturistica.com\/es\/wp-content\/uploads\/2022\/08\/9-300x200.jpg\" alt=\"\" width=\"228\" height=\"152\" srcset=\"https:\/\/dimensionturistica.com\/es\/wp-content\/uploads\/2022\/08\/9-300x200.jpg 300w, https:\/\/dimensionturistica.com\/es\/wp-content\/uploads\/2022\/08\/9.jpg 400w\" sizes=\"(max-width: 228px) 100vw, 228px\" \/>De acuerdo con Saskia Ni\u00f1o de Rivera, cofundadora vocera de Reinserta: \u201cPara nuestra asociaci\u00f3n la creaci\u00f3n de esta segunda \u201cbebeteca\u201d en el Estado de M\u00e9xico simboliza nuestro compromiso por transformar la vida de ni\u00f1as y ni\u00f1os que est\u00e1n en contacto con la violencia. Hoy se cristaliza un esfuerzo de seis meses de la mano de la iniciativa privada con Amazon y el Gobierno del Estado de M\u00e9xico a trav\u00e9s de la Secretar\u00eda de Seguridad. Hoy, lo importante son las ni\u00f1as y ni\u00f1os que ser\u00e1n beneficiados de este espacio al encontrar en la \u201cbebeteca\u201d un lugar seguro para convivir con sus madres\u201d.<img decoding=\"async\" class=\" wp-image-373987 alignright\" src=\"https:\/\/dimensionturistica.com\/es\/wp-content\/uploads\/2022\/08\/4-1-300x200.jpg\" alt=\"\" width=\"251\" height=\"167\" srcset=\"https:\/\/dimensionturistica.com\/es\/wp-content\/uploads\/2022\/08\/4-1-300x200.jpg 300w, https:\/\/dimensionturistica.com\/es\/wp-content\/uploads\/2022\/08\/4-1.jpg 400w\" sizes=\"(max-width: 251px) 100vw, 251px\" \/><br \/>\nAsimismo, agradeci\u00f3 a \u201cAmazon M\u00e9xico por apoyar este proyecto, a la Secretar\u00eda de Seguridad y a la Subsecretar\u00eda de Control Penitenciario por las facilidades brindadas, al equipo de Reinserta que con su apoyo brind\u00f3 seguimiento de principio a fin, a COMEX por su disposici\u00f3n para ponerle color a este espacio y a todas aquellas personas que con sus aportaciones individuales equiparon este espacio para que las ni\u00f1as y ni\u00f1os encuentren un espacio digno\u201d.<br \/>\nAmazon M\u00e9xico brind\u00f3 los recursos econ\u00f3micos y materiales para construir este espacio y promovi\u00f3 en su tienda una Wish List o Lista de deseos para que la gente que as\u00ed lo deseara, pudiera contribuir en el equipamiento y habilitaci\u00f3n de la bebeteca, con productos que iban desde cunas, juguetes, almohadas, mecedoras hasta alfombras de juego y materiales para hacer actividades l\u00fadicas,<img decoding=\"async\" class=\" wp-image-373988 alignright\" src=\"https:\/\/dimensionturistica.com\/es\/wp-content\/uploads\/2022\/08\/5-2-300x200.jpg\" alt=\"\" width=\"263\" height=\"175\" srcset=\"https:\/\/dimensionturistica.com\/es\/wp-content\/uploads\/2022\/08\/5-2-300x200.jpg 300w, https:\/\/dimensionturistica.com\/es\/wp-content\/uploads\/2022\/08\/5-2.jpg 400w\" sizes=\"(max-width: 263px) 100vw, 263px\" \/> desarrollar la coordinaci\u00f3n y la agilidad.<br \/>\n\u201cAmazon naci\u00f3 hace 28 a\u00f1os como una tienda de libros convencidos que el aprendizaje diario es parte fundamental en el desarrollo de cualquier persona, m\u00e1s a\u00fan cuando se trata de la ni\u00f1ez. Por eso, cuando conocimos el programa \u201cNi\u00f1ez y Prisi\u00f3n\u201d de Reinserta, que justamente busca que la ni\u00f1ez tenga un adecuado desarrollo sano y seguro, independientemente del lugar en que se encuentre, decidimos apoyarlo. Es una gran satisfacci\u00f3n poder contribuir al desarrollo de estos peque\u00f1os y a generar momentos de calidad para ellos con sus madres en los que seguramente habr\u00e1 muchas sonrisas\u201d, se\u00f1al\u00f3 David Miller, director general de Amazon M\u00e9xico.<br \/>\nEn el evento particip\u00f3 Rodrigo Mart\u00ednez-Celis Wogau, Secretario de Seguridad del Estado de M\u00e9xico, quien se\u00f1al\u00f3: \u201cla reinserci\u00f3n social implica una mirada profunda para entender los v\u00ednculos de aquellas personas que hoy est\u00e1n privadas de la libertad. No podemos pensar en una reinserci\u00f3n social efectiva si dejamos a un lado<img decoding=\"async\" class=\" wp-image-373992 alignright\" src=\"https:\/\/dimensionturistica.com\/es\/wp-content\/uploads\/2022\/08\/6-300x200.jpg\" alt=\"\" width=\"260\" height=\"173\" srcset=\"https:\/\/dimensionturistica.com\/es\/wp-content\/uploads\/2022\/08\/6-300x200.jpg 300w, https:\/\/dimensionturistica.com\/es\/wp-content\/uploads\/2022\/08\/6.jpg 400w\" sizes=\"(max-width: 260px) 100vw, 260px\" \/> uno de sus pilares: la familia. Celebramos desde la Secretar\u00eda de Seguridad esta iniciativa que ayuda a nuestra misi\u00f3n de dignificar la realidad penitenciaria y nos ayuden a construir m\u00e1s y mejores oportunidades para todas aquellas personas que est\u00e1n en contacto con el Sistema Penitenciario. Agradecemos a Reinserta y a Amazon M\u00e9xico por este esfuerzo, en el Estado de M\u00e9xico encontrar\u00e1n las <img decoding=\"async\" class=\" wp-image-373994 alignleft\" src=\"https:\/\/dimensionturistica.com\/es\/wp-content\/uploads\/2022\/08\/8-1-300x200.jpg\" alt=\"\" width=\"237\" height=\"158\" srcset=\"https:\/\/dimensionturistica.com\/es\/wp-content\/uploads\/2022\/08\/8-1-300x200.jpg 300w, https:\/\/dimensionturistica.com\/es\/wp-content\/uploads\/2022\/08\/8-1.jpg 500w\" sizes=\"(max-width: 237px) 100vw, 237px\" \/>puertas abiertas para seguir colaborando\u201d.<br \/>\nCon una superficie de 50 metros cuadrados, la \u201cbebeteca\u201d tiene las siguientes caracter\u00edsticas:<br \/>\n\u00c1reas seguras que faciliten la expresi\u00f3n l\u00fadica y la crianza positiva.<br \/>\nLibros de tela, mu\u00f1ecas de trapo, objetos f\u00e1ciles de manipular que no lastimen y que potencialicen el desarrollo cognitivo de las ni\u00f1as y ni\u00f1os.<br \/>\nMateriales para la estimulaci\u00f3n temprana y el desarrollo de materiales psicomotrices.<br \/>\nObjetos coloridos que propician la creatividad y desarrollan la inteligencia.<\/p>\n","protected":false},"excerpt":{"rendered":"<p>Despu\u00e9s de seis meses de construcci\u00f3n que incluy\u00f3 su equipamiento, la asociaci\u00f3n Reinserta, el Gobierno del Estado de M\u00e9xico, a trav\u00e9s de la Secretar\u00eda de Seguridad, de la Subsecretar\u00eda de Control Penitenciario, y Amazon M\u00e9xico inauguraron la \u201cbebeteca\u201d en el Centro Penitenciario y de Reinserci\u00f3n Social (CPRS) de Chiconautla, Ecatepec. Este es un espacio l\u00fadico [&hellip;]<\/p>\n","protected":false},"author":1,"featured_media":373985,"comment_status":"open","ping_status":"closed","sticky":false,"template":"","format":"standard","meta":{"om_disable_all_campaigns":false,"jnews-multi-image_gallery":[],"jnews_single_post":{"source_name":"","source_url":"","via_name":"","via_url":"","override_template":"0","override":[{"template":"1","single_blog_custom":"","parallax":"1","fullscreen":"1","layout":"right-sidebar","sidebar":"default-sidebar","second_sidebar":"default-sidebar","sticky_sidebar":"1","share_position":"top","share_float_style":"share-monocrhome","show_share_counter":"1","show_view_counter":"1","show_featured":"1","show_post_meta":"1","show_post_author":"1","show_post_author_image":"1","show_post_date":"1","post_date_format":"default","post_date_format_custom":"Y\/m\/d","show_post_category":"1","show_post_reading_time":"0","post_reading_time_wpm":"300","show_zoom_button":"0","zoom_button_out_step":"2","zoom_button_in_step":"3","show_post_tag":"1","show_prev_next_post":"1","show_popup_post":"1","number_popup_post":"1","show_author_box":"0","show_post_related":"0","show_inline_post_related":"0"}],"override_image_size":"0","image_override":[{"single_post_thumbnail_size":"crop-500","single_post_gallery_size":"crop-500"}],"trending_post":"0","trending_post_position":"meta","trending_post_label":"Trending","sponsored_post":"0","sponsored_post_label":"Sponsored by","sponsored_post_name":"","sponsored_post_url":"","sponsored_post_logo_enable":"0","sponsored_post_logo":"","sponsored_post_desc":"","disable_ad":"0"},"jnews_primary_category":{"id":""},"jnews_social_meta":{"fb_title":"","fb_description":"","fb_image":"","twitter_title":"","twitter_description":"","twitter_image":""},"footnotes":""},"categories":[40],"tags":[],"class_list":["post-373977","post","type-post","status-publish","format-standard","has-post-thumbnail","hentry","category-industria"],"_links":{"self":[{"href":"https:\/\/dimensionturistica.com\/es\/wp-json\/wp\/v2\/posts\/373977","targetHints":{"allow":["GET"]}}],"collection":[{"href":"https:\/\/dimensionturistica.com\/es\/wp-json\/wp\/v2\/posts"}],"about":[{"href":"https:\/\/dimensionturistica.com\/es\/wp-json\/wp\/v2\/types\/post"}],"author":[{"embeddable":true,"href":"https:\/\/dimensionturistica.com\/es\/wp-json\/wp\/v2\/users\/1"}],"replies":[{"embeddable":true,"href":"https:\/\/dimensionturistica.com\/es\/wp-json\/wp\/v2\/comments?post=373977"}],"version-history":[{"count":0,"href":"https:\/\/dimensionturistica.com\/es\/wp-json\/wp\/v2\/posts\/373977\/revisions"}],"wp:featuredmedia":[{"embeddable":true,"href":"https:\/\/dimensionturistica.com\/es\/wp-json\/wp\/v2\/media\/373985"}],"wp:attachment":[{"href":"https:\/\/dimensionturistica.com\/es\/wp-json\/wp\/v2\/media?parent=373977"}],"wp:term":[{"taxonomy":"category","embeddable":true,"href":"https:\/\/dimensionturistica.com\/es\/wp-json\/wp\/v2\/categories?post=373977"},{"taxonomy":"post_tag","embeddable":true,"href":"https:\/\/dimensionturistica.com\/es\/wp-json\/wp\/v2\/tags?post=373977"}],"curies":[{"name":"wp","href":"https:\/\/api.w.org\/{rel}","templated":true}]}}