{"id":373872,"date":"2022-08-22T15:12:35","date_gmt":"2022-08-22T15:12:35","guid":{"rendered":"https:\/\/dimensionturistica.com\/es\/?p=373872"},"modified":"2022-08-22T15:12:35","modified_gmt":"2022-08-22T15:12:35","slug":"vicky-foods-pone-en-marcha-un-centro-de-innovacion-para-impulsar-la-investigacion-nutricional","status":"publish","type":"post","link":"https:\/\/dimensionturistica.com\/es\/vicky-foods-pone-en-marcha-un-centro-de-innovacion-para-impulsar-la-investigacion-nutricional\/","title":{"rendered":"Vicky Foods pone en marcha un Centro de Innovaci\u00f3n para impulsar la investigaci\u00f3n nutricional"},"content":{"rendered":"<p> <br \/>\n<\/p>\n<div id=\"wtr-content\" data-bg=\"#ffffff\" data-fg=\"#ff8400\" data-width=\"7\" data-mute=\"1\" data-fgopacity=\"1.00\" data-mutedopacity=\"1.00\" data-placement=\"top\" data-placement-offset=\"0\" data-content-offset=\"0\" data-placement-touch=\"top\" data-placement-offset-touch=\"0\" data-transparent=\"0\" data-shadow=\"1\" data-touch=\"1\" data-non-touch=\"1\" data-comments=\"0\" data-commentsbg=\"#ffcece\" data-location=\"page\" data-mutedfg=\"#ff8400\" data-endfg=\"#f44813\" data-rtl=\"\">\n<h3>Vicky Meals invierte 6,5 millones de euros en un centro de innovaci\u00f3n enfocado al desarrollo y la investigaci\u00f3n nutricional<\/h3>\n<p><span class=\"bctt-click-to-tweet\"><span class=\"bctt-ctt-text\"><a target=\"_blank\" href=\"https:\/\/twitter.com\/intent\/tweet?url=https%3A%2F%2Fdirectivosygerentes.es%2Finnovacion%2Fnoticias-innovacion%2Fvicky-foods-centro-de-innovacion&amp;text=.%40vickyfoods%20pone%20en%20marcha%20un%20Centro%20de%20%23Innovaci%C3%B3n%20para%20impulsar%20la%20%23investigaci%C3%B3n%20nutricional&amp;related\" rel=\"noopener noreferrer\">.@vickyfoods pone en marcha un Centro de #Innovaci\u00f3n para impulsar la #investigaci\u00f3n nutricional <\/a><\/span><a target=\"_blank\" href=\"https:\/\/twitter.com\/intent\/tweet?url=https%3A%2F%2Fdirectivosygerentes.es%2Finnovacion%2Fnoticias-innovacion%2Fvicky-foods-centro-de-innovacion&amp;text=.%40vickyfoods%20pone%20en%20marcha%20un%20Centro%20de%20%23Innovaci%C3%B3n%20para%20impulsar%20la%20%23investigaci%C3%B3n%20nutricional&amp;related\" class=\"bctt-ctt-btn\" rel=\"noopener noreferrer\">\ufeffClic para tuitear<\/a><\/span><\/p>\n<p>La marca ha puesto en marcha un Centro de Innovaci\u00f3n en la sede que la compa\u00f1\u00eda tiene en Villalonga. El proyecto pretende abanderar la investigaci\u00f3n nutricional y de la salud desarrollando todo su potencial tecnol\u00f3gico. As\u00ed, la empresa<strong> ha invertido 6,5 millones de euros en un centro de 9.500 metros cuadrados <\/strong>en los que se llevar\u00e1n a cabo diversos proyectos con un equipo de 150 profesionales internos y externos. <\/p>\n<p>El centro se encuentra en la localidad de Villalonga, lugar en el que nacieron las conocidas magdalenas que en los a\u00f1os 70 supusieron el salto a la fama de esta empresa acquainted y que ahora ha expandido sus productos a m\u00e1s de 2.400 y <strong>se ha colocado entre las marcas de referencia en el mercado espa\u00f1ol. <\/strong><\/p>\n<p>Rafael Juan, CEO de Vicky Meals, ha destacado que \u201cla innovaci\u00f3n forma parte de nuestro ADN y este centro nos va a ayudar a cumplir con los compromisos que tenemos con la sociedad, los consumidores y nuestros trabajadores porque como empresa del sector agroalimentario <strong>tenemos el deber de ser responsables favoreciendo una alimentaci\u00f3n y un estilo de vida saludables\u201d<\/strong>. <\/p>\n<p>Rafael Juan tambi\u00e9n ha se\u00f1alado que la estrategia de la compa\u00f1\u00eda pasa por aprovechar al m\u00e1ximo el talento de sus equipos y continuar haciendo de la <a target=\"_blank\" href=\"https:\/\/vickyfoods.es\/innovacion\/#ctl-story-473\" rel=\"noopener\">innovaci\u00f3n la principal palanca de crecimiento<\/a>. <\/p>\n<p>El acto de presentaci\u00f3n ha contado con la presencia de Victoria Fern\u00e1ndez, madre de Juan Jos\u00e9, Mariola y Rafael, y quien desde hace unos meses da nombre a la empresa que aglutina todas las marcas del Grupo Dulcesol. Otras personalidades de la esfera p\u00fablica como el conseller de Econom\u00eda, la consellera de Agricultura o el alcalde de Villalonga tambi\u00e9n han acudido al encuentro. <\/p>\n<p style=\"text-align:right\"><a target=\"_blank\" rel=\"noreferrer noopener nofollow\" aria-label=\"Fuente Las Provincias (abre en una nueva pesta\u00f1a)\" href=\"https:\/\/www.lasprovincias.es\/safor\/vicky-foods-centro-innovacion-20191204154115-nt.html\">Fuente Las Provincias<\/a><\/p>\n<h5 style=\"text-align:center\">\u00bfQuieres estar al d\u00eda de las\u00a0<a target=\"_blank\" rel=\"noreferrer noopener\" href=\"https:\/\/directivosygerentes.es\/suscribete-a-nuestros-comunicados?utm_source=ARTgen&amp;utm_medium=Nurturing&amp;utm_campaign=SUSCRIPcoms\">\u00faltimas noticias<\/a>\u00a0de\u00a0<em>innovaci\u00f3n<\/em>?<\/h5>\n<\/div>\n<p><script async src=\"\/\/platform.twitter.com\/widgets.js\" charset=\"utf-8\"><\/script><br \/>\n<br \/><\/p>\n<p><em> \u2018 The preceding article may include information circulated by third parties \u2019 <\/em><\/p>\n<p><em> \u2018 Some details of this article were extracted from the following source directivosygerentes.es \u2019 <\/em><\/p>\n","protected":false},"excerpt":{"rendered":"<p>Vicky Meals invierte 6,5 millones de euros en un centro de innovaci\u00f3n enfocado al desarrollo y la investigaci\u00f3n nutricional .@vickyfoods pone en marcha un Centro de #Innovaci\u00f3n para impulsar la #investigaci\u00f3n nutricional \ufeffClic para tuitear La marca ha puesto en marcha un Centro de Innovaci\u00f3n en la sede que la compa\u00f1\u00eda tiene en Villalonga. El [&hellip;]<\/p>\n","protected":false},"author":2,"featured_media":373873,"comment_status":"open","ping_status":"closed","sticky":false,"template":"","format":"standard","meta":{"om_disable_all_campaigns":false,"jnews-multi-image_gallery":[],"jnews_single_post":[],"jnews_primary_category":[],"jnews_social_meta":[],"footnotes":""},"categories":[43],"tags":[],"class_list":["post-373872","post","type-post","status-publish","format-standard","has-post-thumbnail","hentry","category-gourmet"],"_links":{"self":[{"href":"https:\/\/dimensionturistica.com\/es\/wp-json\/wp\/v2\/posts\/373872","targetHints":{"allow":["GET"]}}],"collection":[{"href":"https:\/\/dimensionturistica.com\/es\/wp-json\/wp\/v2\/posts"}],"about":[{"href":"https:\/\/dimensionturistica.com\/es\/wp-json\/wp\/v2\/types\/post"}],"author":[{"embeddable":true,"href":"https:\/\/dimensionturistica.com\/es\/wp-json\/wp\/v2\/users\/2"}],"replies":[{"embeddable":true,"href":"https:\/\/dimensionturistica.com\/es\/wp-json\/wp\/v2\/comments?post=373872"}],"version-history":[{"count":0,"href":"https:\/\/dimensionturistica.com\/es\/wp-json\/wp\/v2\/posts\/373872\/revisions"}],"wp:featuredmedia":[{"embeddable":true,"href":"https:\/\/dimensionturistica.com\/es\/wp-json\/wp\/v2\/media\/373873"}],"wp:attachment":[{"href":"https:\/\/dimensionturistica.com\/es\/wp-json\/wp\/v2\/media?parent=373872"}],"wp:term":[{"taxonomy":"category","embeddable":true,"href":"https:\/\/dimensionturistica.com\/es\/wp-json\/wp\/v2\/categories?post=373872"},{"taxonomy":"post_tag","embeddable":true,"href":"https:\/\/dimensionturistica.com\/es\/wp-json\/wp\/v2\/tags?post=373872"}],"curies":[{"name":"wp","href":"https:\/\/api.w.org\/{rel}","templated":true}]}}