{"id":373810,"date":"2022-08-22T13:59:51","date_gmt":"2022-08-22T13:59:51","guid":{"rendered":"https:\/\/dimensionturistica.com\/es\/?p=373810"},"modified":"2022-08-22T14:03:37","modified_gmt":"2022-08-22T14:03:37","slug":"chihuahua-sede-de-la-semifinal-de-cocinero-del-ano-mexico","status":"publish","type":"post","link":"https:\/\/dimensionturistica.com\/es\/chihuahua-sede-de-la-semifinal-de-cocinero-del-ano-mexico\/","title":{"rendered":"Chihuahua, sede de la semifinal de Cocinero del A\u00f1o M\u00e9xico"},"content":{"rendered":"<p><img decoding=\"async\" class=\"size-medium wp-image-373822 alignright\" src=\"https:\/\/dimensionturistica.com\/es\/wp-content\/uploads\/2022\/08\/Cocinero-del-Ano_2-300x200.jpg\" alt=\"\" width=\"300\" height=\"200\" srcset=\"https:\/\/dimensionturistica.com\/es\/wp-content\/uploads\/2022\/08\/Cocinero-del-Ano_2-300x200.jpg 300w, https:\/\/dimensionturistica.com\/es\/wp-content\/uploads\/2022\/08\/Cocinero-del-Ano_2.jpg 400w\" sizes=\"(max-width: 300px) 100vw, 300px\" \/>En esta 7a edici\u00f3n y en colaboraci\u00f3n con el Fideicomiso de Administraci\u00f3n para la Promoci\u00f3n y Fomento de las Actividades Tur\u00edsticas en el estado, Cocinero del A\u00f1o M\u00e9xico realizara\u00b4 por primera vez una semifinal en la ciudad de Chihuahua.<br \/>\nEn este evento tambi\u00e9n se han sumado el Instituto Superior de Artes Gastron\u00f3micas ISAG (instituci\u00f3n sede), as\u00ed como de la C\u00e1mara Nacional de Comercio, Servicios y Turismo de Chihuahua (CANACO).<br \/>\nLa semifinal se llevara\u00b4 a cabo los d\u00edas 30 y 31 de agosto en el Instituto de Artes Gastron\u00f3micas (ISAG); se trata de una semifinal regional y participan los estados de Chihuahua, Sinaloa y Sonora.<br \/>\nYa se han seleccionado a los 10 semifinalistas:<br \/>\nFrancisco Javier Ju\u00e1rez Baeza &#8211; Alimentaria del Norte &#8211; Ciudad Ju\u00e1rez, Chihuahua.<br \/>\nMijael Isa\u00ed Sarmiento Manr\u00edquez &#8211; Banquetes Joco \u2013 Chihuahua, Chihuahua.<br \/>\nFernando L\u00f3pez Cardoso &#8211; Instituto Gastron\u00f3mico Casserole \u2013 Culiac\u00e1n, Sinaloa.<br \/>\nAlberto Javier Covarrubias Castro &#8211; 1910 Cocina de M\u00e9xico \u2013 Hermosillo, Sonora.<br \/>\nEduardo Manuel Cruz Flores &#8211; La Tostaderia del Mar \u2013 Mazatl\u00e1n, Sinaloa.<br \/>\nCarlos Alejandro Chac\u00f3n Sarmiento &#8211; Agave Mexican Bistro &#8211; Ciudad Delicias, Chihuahua.<br \/>\nCarlos de la Rosa Gonz\u00e1lez &#8211; Rest. La Caleta de Grupo Marea \u2013 Mazatl\u00e1n, Sinaloa.<br \/>\nFernando Cuellar Mu\u00f1oz &#8211; Eventos Villa Toscana \u2013 Hermosillo, Sonora.<br \/>\nDiego Ricardo Santiago Aguilar &#8211; NOX Soul Kitchen \u2013 Chihuahua, Chihuahua.<br \/>\nSamuel Flores L\u00f3pez &#8211; La Bodega \u2013 Hermosillo, Sonora.<br \/>\nEn esta semifinal, en las pr\u00f3ximas y en la Gran Final, gracias a la alianza con los vinos L.A Cetto, los participantes<img decoding=\"async\" class=\"size-medium wp-image-373823 alignright\" src=\"https:\/\/dimensionturistica.com\/es\/wp-content\/uploads\/2022\/08\/Cocinero-del-Ano_1-300x200.jpg\" alt=\"\" width=\"300\" height=\"200\" srcset=\"https:\/\/dimensionturistica.com\/es\/wp-content\/uploads\/2022\/08\/Cocinero-del-Ano_1-300x200.jpg 300w, https:\/\/dimensionturistica.com\/es\/wp-content\/uploads\/2022\/08\/Cocinero-del-Ano_1.jpg 400w\" sizes=\"(max-width: 300px) 100vw, 300px\" \/> tendr\u00e1n un curso de cata de una hora impartido por la sommelier Pilar Mer\u00e9, para conocer las caracter\u00edsticas de los vinos que tendr\u00e1n a su disposici\u00f3n, y presentar sus platillos maridados al jurado. Con ello, la competencia ser\u00e1 a\u00fan mayor y reflejar\u00e1 la experiencia real en restaurantes, con men\u00fas maridados.<br \/>\nEn todas las semifinales, as\u00ed como en la gran final, el jurado de degustaci\u00f3n estar\u00e1 compuesto por destacados Chefs y personalidades del mundo gastron\u00f3mico. En esta semifinal, los jurados que participar\u00e1n son:<br \/>\nJurado de degustaci\u00f3n:<br \/>\nGustavo Granados, Chef ejecutivo y propietario del restaurante Barboka (CHIH).<br \/>\nDavid Cetina, Chef ejecutivo y propietario restaurantes La Tradici\u00f3n (YUC y QRO).<br \/>\nAdri\u00e1n Herrera, Chef propietario de los restaurantes fonda San Francisco y Chef Herrera y jurado de Master Chef (NL).<br \/>\nSergio Camacho, Chef propietario de Sergio Camacho Catering (CDMX).<br \/>\nEduardo Morali, Chef de desarrollo corporativo y socio de Grupo Pangea (NL).<br \/>\nDavid Clorio, Chef y Director Ejecutivo de Taller de Cocina (CDMX).<br \/>\nXano Saguer, Chef co-propietario \u00c7uina (CDMX).<br \/>\nPilar Mer\u00e9, Periodista enogastron\u00f3mica y vocera de L.A. Cetto.<br \/>\nJes\u00fas Pedraza, Chef ejecutivo Bulla (CDMX y San Miguel de Allende).<br \/>\nComo jurado de piso estar\u00e1n los chefs:<br \/>\nAlex Rodarte, Chef y sommelier (CHIH).<br \/>\nDavid Trillo, Chef propietario de Food Works (CHIH).<br \/>\nCompartiendo su amor por la cocina, los chefs y figuras de la industria gastron\u00f3mica que participan en el evento como jurado, impartir\u00e1n Clases Magistrales, Talleres y Conferencias sin costo alguno para todo el p\u00fablico, durante los dos d\u00edas en los que se lleva a cabo la semifinal.<br \/>\nTambi\u00e9n se contar\u00e1 con un Mercado de Productores regionales para dar a conocer los insumos de la zona y apoyar su comercializaci\u00f3n.<br \/>\nTanto las clases como el mercado de productores se realizar\u00e1n dentro de las instalaciones del Instituto Superior de Artes Gastron\u00f3micas y no tiene ning\u00fan costo para el p\u00fablico, la entrada es abierta.<br \/>\nDe esta manera, Cocinero del A\u00f1o M\u00e9xico se convierte en un foro gastron\u00f3mico gratuito y abierto a todo p\u00fablico.<br \/>\nCocinero del A\u00f1o en su s\u00e9ptima edici\u00f3n en M\u00e9xico busca impulsar a todos los Cocineros de Construir. Se trata de construir una idea, construir un platillo, construir un sue\u00f1o. El ganador de la Gran Final Nacional, que se llevar\u00e1 a cabo en 2023, ser\u00e1 apoyarle a montar su propio restaurante.<br \/>\nLa finalidad que impulsa a Cocinero del A\u00f1o M\u00e9xico es promover la gastronom\u00eda mexicana, apoyar al turismo gastron\u00f3mico y a los peque\u00f1os productores en un momento tan importante para la cocina tradicional mexicana, que en 2010 fue nombrada Patrimonio Cultural Inmaterial de la Humanidad por la UNESCO. Es por ello que las mejores empresas del sector y entidades como Alimentaria M\u00e9xico, Electrolux Profesional &#8211; Cocinas y Lavander\u00edas, Vinos L.A. Cetto, L\u2019Bistro, Proepta, entre otras, unen esfuerzos para encontrar al mejor chef de nuestro pa\u00eds.<\/p>\n","protected":false},"excerpt":{"rendered":"<p>En esta 7a edici\u00f3n y en colaboraci\u00f3n con el Fideicomiso de Administraci\u00f3n para la Promoci\u00f3n y Fomento de las Actividades Tur\u00edsticas en el estado, Cocinero del A\u00f1o M\u00e9xico realizara\u00b4 por primera vez una semifinal en la ciudad de Chihuahua. En este evento tambi\u00e9n se han sumado el Instituto Superior de Artes Gastron\u00f3micas ISAG (instituci\u00f3n sede), [&hellip;]<\/p>\n","protected":false},"author":1,"featured_media":373824,"comment_status":"open","ping_status":"closed","sticky":false,"template":"","format":"standard","meta":{"om_disable_all_campaigns":false,"jnews-multi-image_gallery":[],"jnews_single_post":{"source_name":"","source_url":"","via_name":"","via_url":"","override_template":"0","override":[{"template":"1","single_blog_custom":"","parallax":"1","fullscreen":"1","layout":"right-sidebar","sidebar":"default-sidebar","second_sidebar":"default-sidebar","sticky_sidebar":"1","share_position":"top","share_float_style":"share-monocrhome","show_share_counter":"1","show_view_counter":"1","show_featured":"1","show_post_meta":"1","show_post_author":"1","show_post_author_image":"1","show_post_date":"1","post_date_format":"default","post_date_format_custom":"Y\/m\/d","show_post_category":"1","show_post_reading_time":"0","post_reading_time_wpm":"300","show_zoom_button":"0","zoom_button_out_step":"2","zoom_button_in_step":"3","show_post_tag":"1","show_prev_next_post":"1","show_popup_post":"1","number_popup_post":"1","show_author_box":"0","show_post_related":"0","show_inline_post_related":"0"}],"override_image_size":"0","image_override":[{"single_post_thumbnail_size":"crop-500","single_post_gallery_size":"crop-500"}],"trending_post":"0","trending_post_position":"meta","trending_post_label":"Trending","sponsored_post":"0","sponsored_post_label":"Sponsored by","sponsored_post_name":"","sponsored_post_url":"","sponsored_post_logo_enable":"0","sponsored_post_logo":"","sponsored_post_desc":"","disable_ad":"0"},"jnews_primary_category":{"id":""},"jnews_social_meta":{"fb_title":"","fb_description":"","fb_image":"","twitter_title":"","twitter_description":"","twitter_image":""},"footnotes":""},"categories":[43],"tags":[],"class_list":["post-373810","post","type-post","status-publish","format-standard","has-post-thumbnail","hentry","category-gourmet"],"_links":{"self":[{"href":"https:\/\/dimensionturistica.com\/es\/wp-json\/wp\/v2\/posts\/373810","targetHints":{"allow":["GET"]}}],"collection":[{"href":"https:\/\/dimensionturistica.com\/es\/wp-json\/wp\/v2\/posts"}],"about":[{"href":"https:\/\/dimensionturistica.com\/es\/wp-json\/wp\/v2\/types\/post"}],"author":[{"embeddable":true,"href":"https:\/\/dimensionturistica.com\/es\/wp-json\/wp\/v2\/users\/1"}],"replies":[{"embeddable":true,"href":"https:\/\/dimensionturistica.com\/es\/wp-json\/wp\/v2\/comments?post=373810"}],"version-history":[{"count":0,"href":"https:\/\/dimensionturistica.com\/es\/wp-json\/wp\/v2\/posts\/373810\/revisions"}],"wp:featuredmedia":[{"embeddable":true,"href":"https:\/\/dimensionturistica.com\/es\/wp-json\/wp\/v2\/media\/373824"}],"wp:attachment":[{"href":"https:\/\/dimensionturistica.com\/es\/wp-json\/wp\/v2\/media?parent=373810"}],"wp:term":[{"taxonomy":"category","embeddable":true,"href":"https:\/\/dimensionturistica.com\/es\/wp-json\/wp\/v2\/categories?post=373810"},{"taxonomy":"post_tag","embeddable":true,"href":"https:\/\/dimensionturistica.com\/es\/wp-json\/wp\/v2\/tags?post=373810"}],"curies":[{"name":"wp","href":"https:\/\/api.w.org\/{rel}","templated":true}]}}