{"id":373778,"date":"2022-08-22T12:54:08","date_gmt":"2022-08-22T12:54:08","guid":{"rendered":"https:\/\/dimensionturistica.com\/es\/?p=373778"},"modified":"2024-02-29T17:16:15","modified_gmt":"2024-02-29T17:16:15","slug":"aman-new-york-todo-sobre-la-apertura-mas-sorprendente-de-nueva-york","status":"publish","type":"post","link":"https:\/\/dimensionturistica.com\/es\/aman-new-york-todo-sobre-la-apertura-mas-sorprendente-de-nueva-york\/","title":{"rendered":"Aman New York: todo sobre la apertura m\u00e1s sorprendente de Nueva York"},"content":{"rendered":"<p> <br \/>\n<\/p>\n<div>\n<p><strong>COMIDA Y BEBIDA<\/strong><\/p>\n<p>Desayunamos y almorzamos en <strong>Arva<\/strong>, el <strong>restaurante italiano<\/strong> de Aman, dirigido por el chef <strong>Dario Ossolo<\/strong> (antiguo chef ejecutivo de <a rel=\"nofollow noopener\" target=\"_blank\" data-offer-url=\"https:\/\/www.aman.com\/hotels\/aman-venice\" class=\"external-link\" data-event-click=\"{&quot;element&quot;:&quot;ExternalLink&quot;,&quot;outgoingURL&quot;:&quot;https:\/\/www.aman.com\/hotels\/aman-venice&quot;}\" href=\"https:\/\/www.aman.com\/hotels\/aman-venice\"><strong>Aman Venecia<\/strong><\/a>), y ambas comidas resultaron magn\u00edficas; los platos \u2013un sedoso <strong>crudo de<\/strong> <em><strong>hamachi<\/strong><\/em>, <strong>chuletas de cordero<\/strong> muy tiernas en una salsa sabrosa y ligera, una <strong>tortilla a la florentina<\/strong> cuidadosamente doblada\u2013 ejemplifican la moderaci\u00f3n bien estudiada del resort.\u00a0<\/p>\n<p>Aunque el espacio en s\u00ed es hermoso, con <strong>mucha luz photo voltaic<\/strong> y un <strong>dise\u00f1o limpio y con fundamento<\/strong>, nos habr\u00eda gustado disfrutar una de esas comidas, o al menos un tentempi\u00e9, en la <strong>amplia terraza del jard\u00edn<\/strong>. La terraza est\u00e1 dividida en varias zonas, casi todas conectadas entre s\u00ed. Est\u00e1 la zona de <strong>asientos al aire libre para Arva<\/strong>, y a la vuelta de la esquina, la <strong>zona de asientos abierta del vest\u00edbulo<\/strong>, donde los clientes pueden sentarse y tomar una copa del <strong>Bar Lounge<\/strong>; al lado est\u00e1 el <strong>espacio exclusivo para socios<\/strong>. <strong>Nama<\/strong> tambi\u00e9n tendr\u00e1 su propio espacio para comer al aire libre. Con todo ese espacio exterior tan codiciado \u2013y raro\u2013 en el centro de la ciudad, parece una oportunidad perdida.<\/p>\n<p>En el <strong>Membership de Jazz<\/strong> subterr\u00e1neo asistimos a un espect\u00e1culo nocturno, dirigido por el virtuoso m\u00fasico <strong>Brian Newman<\/strong> (precise director de orquesta y arreglista del espect\u00e1culo de jazz y piano en la residencia de <a rel=\"nofollow noopener\" target=\"_blank\" href=\"https:\/\/www.traveler.es\/articulos\/la-casa-gucci-lady-gaga-donde-se-rodo\"><strong>Lady Gaga<\/strong><\/a> en <a rel=\"nofollow noopener\" target=\"_blank\" href=\"https:\/\/www.traveler.es\/articulos\/primer-hotel-forma-de-luna-las-vegas\"><strong>Las Vegas<\/strong><\/a>), y tomamos unos cuantos de los exquisitos <strong>martinis<\/strong> del bar.\u00a0<\/p>\n<p>Para la cena quisimos probar <strong>el servicio de habitaciones,<\/strong> todo un acierto: el carrito, con sus bandejas <strong>calefactoras<\/strong> cubiertas de lino blanco, lleg\u00f3 con m\u00e1s de un toque de estilo de mediados de siglo, y luego ofrecieron todo el servicio de habitaciones, un espect\u00e1culo en s\u00ed mismo: <strong>un mantel blanco extendido sobre la mesa de bistr\u00f3 de dos plazas, con una hamburguesa perfectamente cocinada<\/strong> que sali\u00f3 de debajo de una campana y un martini premezclado servido en un vaso fr\u00edo.\u00a0<\/p>\n<p><strong>El restaurante japon\u00e9s Nama tambi\u00e9n se inaugurar\u00e1 a finales de mes<\/strong>. Su apertura se ha retrasado un poco, seg\u00fan hemos podido saber, por la encimera <em>omakase<\/em> y, en concreto, por la obtenci\u00f3n de madera de <em>hinoki<\/em> que, seg\u00fan su chef japon\u00e9s, con <strong>tres estrellas Michelin en el Aman de<\/strong> <a rel=\"nofollow noopener\" target=\"_blank\" href=\"https:\/\/www.traveler.es\/articulos\/nuevo-teatro-nacional-tokio-visita-virtual\"><strong>Tokio<\/strong><\/a>, es un requisito para una verdadera experiencia <em>omakase<\/em>.\u00a0<\/p>\n<p>El Jazz Membership est\u00e1 abierto al p\u00fablico, e inicialmente Arva y Nama estar\u00e1n en periodo de preestreno, <strong>abiertos solo a los hu\u00e9spedes del resort, a los miembros del membership y a los propietarios de las residencias<\/strong>; el resort tiene previsto abrir ambos en r\u00e9gimen de reserva para comensales externos si la disponibilidad lo permite.<\/p>\n<figure class=\"AssetEmbedWrapper-iKAnWF bhyIoG asset-embed\">\n<div class=\"AssetEmbedAssetContainer-foMCXx bomDaa asset-embed__asset-container\"><span class=\"SpanWrapper-kHmjLe dukugq responsive-asset AssetEmbedResponsiveAsset-eWcsO lgxMZN asset-embed__responsive-asset\"><picture class=\"ResponsiveImagePicture-jJpQhK jEPxaV AssetEmbedResponsiveAsset-eWcsO lgxMZN asset-embed__responsive-asset responsive-image\"><noscript><img decoding=\"async\" alt=\"Sala del spa de Aman New York en piedra negra y gris para un ambiente relajante en penumbra.\" class=\"ResponsiveImageContainer-dmuwLx fydubv responsive-image__image\" src=\"https:\/\/media.traveler.es\/photos\/62ff6aac909107f49a8f0f8d\/master\/w_1600%2Cc_limit\/Aman-New-York%2C-USA---Spa-&amp;-Wellness%2C-Hammam_37364-aug22-pr-global.jpg\" srcset=\"https:\/\/media.traveler.es\/photos\/62ff6aac909107f49a8f0f8d\/master\/w_120,c_limit\/Aman-New-York,-USA---Spa-&amp;-Wellness,-Hammam_37364-aug22-pr-global.jpg 120w, https:\/\/media.traveler.es\/photos\/62ff6aac909107f49a8f0f8d\/master\/w_240,c_limit\/Aman-New-York,-USA---Spa-&amp;-Wellness,-Hammam_37364-aug22-pr-global.jpg 240w, https:\/\/media.traveler.es\/photos\/62ff6aac909107f49a8f0f8d\/master\/w_320,c_limit\/Aman-New-York,-USA---Spa-&amp;-Wellness,-Hammam_37364-aug22-pr-global.jpg 320w, https:\/\/media.traveler.es\/photos\/62ff6aac909107f49a8f0f8d\/master\/w_640,c_limit\/Aman-New-York,-USA---Spa-&amp;-Wellness,-Hammam_37364-aug22-pr-global.jpg 640w, https:\/\/media.traveler.es\/photos\/62ff6aac909107f49a8f0f8d\/master\/w_960,c_limit\/Aman-New-York,-USA---Spa-&amp;-Wellness,-Hammam_37364-aug22-pr-global.jpg 960w, https:\/\/media.traveler.es\/photos\/62ff6aac909107f49a8f0f8d\/master\/w_1280,c_limit\/Aman-New-York,-USA---Spa-&amp;-Wellness,-Hammam_37364-aug22-pr-global.jpg 1280w, https:\/\/media.traveler.es\/photos\/62ff6aac909107f49a8f0f8d\/master\/w_1600,c_limit\/Aman-New-York,-USA---Spa-&amp;-Wellness,-Hammam_37364-aug22-pr-global.jpg 1600w\" sizes=\"100vw\"\/><\/noscript><\/picture><\/span><\/div>\n<div class=\"CaptionWrapper-brOcMc bKxIfl caption AssetEmbedCaption-eYEpeY fElLVp asset-embed__caption\"><span class=\"BaseWrap-sc-UABmB BaseText-fETRLB CaptionText-cNZZli hkSZSE iLsSmS faGSa-d caption__text\"><\/p>\n<p><em>Elegante, relajante y sobrio: as\u00ed es el spa del resort.<\/em><\/p>\n<p><\/span><span class=\"BaseWrap-sc-UABmB BaseText-fETRLB CaptionCredit-cSxGsC hkSZSE hpUtwY iOEyAO caption__credit\">Robert Rieger<\/span><\/div>\n<\/figure>\n<\/div>\n\n<p><em> &#8221; Fuentes www.traveler.es &#8221; <\/em><\/p>\n","protected":false},"excerpt":{"rendered":"<p>COMIDA Y BEBIDA Desayunamos y almorzamos en Arva, el restaurante italiano de Aman, dirigido por el chef Dario Ossolo (antiguo chef ejecutivo de Aman Venecia), y ambas comidas resultaron magn\u00edficas; los platos \u2013un sedoso crudo de hamachi, chuletas de cordero muy tiernas en una salsa sabrosa y ligera, una tortilla a la florentina cuidadosamente doblada\u2013 [&hellip;]<\/p>\n","protected":false},"author":4,"featured_media":373779,"comment_status":"open","ping_status":"closed","sticky":false,"template":"","format":"standard","meta":{"om_disable_all_campaigns":false,"jnews-multi-image_gallery":[],"jnews_single_post":[],"jnews_primary_category":[],"jnews_social_meta":[],"footnotes":""},"categories":[144872,39],"tags":[707,1363,1289,20607,2096,4772,2506],"class_list":["post-373778","post","type-post","status-publish","format-standard","has-post-thumbnail","hentry","category-fashion","category-viajes","tag-actualidad","tag-estados-unidos","tag-hoteles","tag-inspiracion","tag-lujo","tag-manhattan","tag-nueva-york"],"_links":{"self":[{"href":"https:\/\/dimensionturistica.com\/es\/wp-json\/wp\/v2\/posts\/373778","targetHints":{"allow":["GET"]}}],"collection":[{"href":"https:\/\/dimensionturistica.com\/es\/wp-json\/wp\/v2\/posts"}],"about":[{"href":"https:\/\/dimensionturistica.com\/es\/wp-json\/wp\/v2\/types\/post"}],"author":[{"embeddable":true,"href":"https:\/\/dimensionturistica.com\/es\/wp-json\/wp\/v2\/users\/4"}],"replies":[{"embeddable":true,"href":"https:\/\/dimensionturistica.com\/es\/wp-json\/wp\/v2\/comments?post=373778"}],"version-history":[{"count":0,"href":"https:\/\/dimensionturistica.com\/es\/wp-json\/wp\/v2\/posts\/373778\/revisions"}],"wp:featuredmedia":[{"embeddable":true,"href":"https:\/\/dimensionturistica.com\/es\/wp-json\/wp\/v2\/media\/373779"}],"wp:attachment":[{"href":"https:\/\/dimensionturistica.com\/es\/wp-json\/wp\/v2\/media?parent=373778"}],"wp:term":[{"taxonomy":"category","embeddable":true,"href":"https:\/\/dimensionturistica.com\/es\/wp-json\/wp\/v2\/categories?post=373778"},{"taxonomy":"post_tag","embeddable":true,"href":"https:\/\/dimensionturistica.com\/es\/wp-json\/wp\/v2\/tags?post=373778"}],"curies":[{"name":"wp","href":"https:\/\/api.w.org\/{rel}","templated":true}]}}