{"id":373452,"date":"2022-08-21T19:56:19","date_gmt":"2022-08-21T19:56:19","guid":{"rendered":"https:\/\/dimensionturistica.com\/es\/?p=373452"},"modified":"2022-08-21T19:56:19","modified_gmt":"2022-08-21T19:56:19","slug":"accor-anuncia-la-apertura-de-su-cuarto-hotel-novotel-en-el-pais-novotel-mexico-city-world-trade-center","status":"publish","type":"post","link":"https:\/\/dimensionturistica.com\/es\/accor-anuncia-la-apertura-de-su-cuarto-hotel-novotel-en-el-pais-novotel-mexico-city-world-trade-center\/","title":{"rendered":"Accor anuncia la apertura de su cuarto Hotel Novotel en el pais: Novotel M\u00e9xico City World Trade Center"},"content":{"rendered":"<p><img decoding=\"async\" class=\" wp-image-373456 alignright\" src=\"https:\/\/dimensionturistica.com\/es\/wp-content\/uploads\/2022\/08\/NOVO1-300x225.jpg\" alt=\"\" width=\"252\" height=\"189\" srcset=\"https:\/\/dimensionturistica.com\/es\/wp-content\/uploads\/2022\/08\/NOVO1-300x225.jpg 300w, https:\/\/dimensionturistica.com\/es\/wp-content\/uploads\/2022\/08\/NOVO1.jpg 500w\" sizes=\"(max-width: 252px) 100vw, 252px\" \/>Este a\u00f1o la marca de segmento medio Novotel est\u00e1 cumpliendo 20 a\u00f1os desde su llegada a M\u00e9xico Accor, grupo hotelero l\u00edder en el mundo, anuncia su expansi\u00f3n en M\u00e9xico al brindar mejores alternativas para los viajeros de negocios y placer con el nuevo Novotel Mexico City World Trade Center, un moderno hotel con una ubicaci\u00f3n extraordinaria frente al World Trade Center, uno de los centros de <img decoding=\"async\" class=\" wp-image-373457 alignleft\" src=\"https:\/\/dimensionturistica.com\/es\/wp-content\/uploads\/2022\/08\/NOVO3-300x225.jpg\" alt=\"\" width=\"255\" height=\"191\" srcset=\"https:\/\/dimensionturistica.com\/es\/wp-content\/uploads\/2022\/08\/NOVO3-300x225.jpg 300w, https:\/\/dimensionturistica.com\/es\/wp-content\/uploads\/2022\/08\/NOVO3.jpg 500w\" sizes=\"(max-width: 255px) 100vw, 255px\" \/>negocios m\u00e1s importantes a nivel nacional.<br \/>\n\u201cLa marca Novotel est\u00e1 cumpliendo 20 a\u00f1os desde su llegada al pa\u00eds, y la construcci\u00f3n de este hotel es un proyecto estrat\u00e9gico que nos permite tener una mayor visibilidad en una de las zonas de negocios m\u00e1s importantes de la Ciudad de M\u00e9xico y que viene a complementar el portafolio de Accor y la oferta de hoteles en el pa\u00eds\u201d, comento Javier L\u00f3pez Jim\u00e9nez, vicepresidente de operaciones de Accor M\u00e9xico, Centroam\u00e9rica y el<img decoding=\"async\" class=\" wp-image-373458 alignright\" src=\"https:\/\/dimensionturistica.com\/es\/wp-content\/uploads\/2022\/08\/NOVO4-300x225.jpg\" alt=\"\" width=\"264\" height=\"198\" srcset=\"https:\/\/dimensionturistica.com\/es\/wp-content\/uploads\/2022\/08\/NOVO4-300x225.jpg 300w, https:\/\/dimensionturistica.com\/es\/wp-content\/uploads\/2022\/08\/NOVO4.jpg 500w\" sizes=\"(max-width: 264px) 100vw, 264px\" \/> Caribe. \u201cHoy por hoy, el turismo de negocios busca alojamientos con altos est\u00e1ndares de calidad en los servicios b\u00e1sicos, precios accesibles y un sistema de reservas directo y amigable\u201d, puntualiz\u00f3.<br \/>\nDelia Bar dentro de Novotel Mexico City World Trade Center<br \/>\nNovotel Mexico City World Trade Cente Suite<br \/>\nNovotel Mexico City World Trade Center, ofrece 106 habitaciones con impresionantes vistas a la ciudad y que fueron desarrolladas bajo uno de los cuatro nuevos conceptos de dise\u00f1o de la marca: el de las hermanas Sundokovy, para llevar la marca a un estilo moderno y <img decoding=\"async\" class=\" wp-image-373459 alignleft\" src=\"https:\/\/dimensionturistica.com\/es\/wp-content\/uploads\/2022\/08\/NOVO5-300x300.jpg\" alt=\"\" width=\"223\" height=\"223\" srcset=\"https:\/\/dimensionturistica.com\/es\/wp-content\/uploads\/2022\/08\/NOVO5-300x300.jpg 300w, https:\/\/dimensionturistica.com\/es\/wp-content\/uploads\/2022\/08\/NOVO5-150x150.jpg 150w, https:\/\/dimensionturistica.com\/es\/wp-content\/uploads\/2022\/08\/NOVO5-75x75.jpg 75w, https:\/\/dimensionturistica.com\/es\/wp-content\/uploads\/2022\/08\/NOVO5-350x350.jpg 350w, https:\/\/dimensionturistica.com\/es\/wp-content\/uploads\/2022\/08\/NOVO5.jpg 500w\" sizes=\"(max-width: 223px) 100vw, 223px\" \/>actual. Por su parte Sello N, un estudio de arquitectura y dise\u00f1o basado en la Ciudad de M\u00e9xico, fueron los encargados de tropicalizar los dise\u00f1os Sundokovy, y crear una experiencia memorable para los hu\u00e9spedes llena de color en los espacios abiertos y entornos sociales animados, con tendencias actuales y comodidades atemporales.<br \/>\nLa inspiraci\u00f3n de las suites, enfatiza el uso de elementos de dise\u00f1o contempor\u00e1neos con un fuerte enfoque en la herencia Mexicana, donde el s\u00edmbolo Maya y la paleta de colores llamada \u201cCaminante del Cielo\u201d, hacen que las habitaciones se sientan \u00edntimas para que los hu\u00e9spedes puedan<img decoding=\"async\" class=\" wp-image-373460 alignright\" src=\"https:\/\/dimensionturistica.com\/es\/wp-content\/uploads\/2022\/08\/NOVO6-300x225.jpg\" alt=\"\" width=\"256\" height=\"192\" srcset=\"https:\/\/dimensionturistica.com\/es\/wp-content\/uploads\/2022\/08\/NOVO6-300x225.jpg 300w, https:\/\/dimensionturistica.com\/es\/wp-content\/uploads\/2022\/08\/NOVO6.jpg 500w\" sizes=\"(max-width: 256px) 100vw, 256px\" \/> descansar y so\u00f1ar. Cada espacio est\u00e1 trabajado con patrones y paletas de color dise\u00f1adas espec\u00edficamente para cada espacio, para que las personas experimenten muchos espacios en un mismo lugar, justo como se siente vivir en esta Ciudad.<br \/>\nLa marca Novotel se caracteriza por brindar las mejores opciones para los viajeros de negocios y placer, por sus dise\u00f1os coloridos y novedosos, que equilibran con lo urbano para cumplir su promesa de marca.<br \/>\n<img decoding=\"async\" class=\" wp-image-373461 alignleft\" src=\"https:\/\/dimensionturistica.com\/es\/wp-content\/uploads\/2022\/08\/NOVO7-300x300.jpg\" alt=\"\" width=\"236\" height=\"236\" srcset=\"https:\/\/dimensionturistica.com\/es\/wp-content\/uploads\/2022\/08\/NOVO7-300x300.jpg 300w, https:\/\/dimensionturistica.com\/es\/wp-content\/uploads\/2022\/08\/NOVO7-150x150.jpg 150w, https:\/\/dimensionturistica.com\/es\/wp-content\/uploads\/2022\/08\/NOVO7-75x75.jpg 75w, https:\/\/dimensionturistica.com\/es\/wp-content\/uploads\/2022\/08\/NOVO7-350x350.jpg 350w, https:\/\/dimensionturistica.com\/es\/wp-content\/uploads\/2022\/08\/NOVO7.jpg 500w\" sizes=\"(max-width: 236px) 100vw, 236px\" \/>Tambi\u00e9n destaca por su flexibilidad, pues permite que cada propiedad sea personalizada de acuerdo al car\u00e1cter \u00fanico del destino y con inspiraci\u00f3n en uno de los cuatro conceptos de dise\u00f1o de la marca.<br \/>\n\u201cEstoy muy orgulloso de abrir el cuarto hotel Novotel en M\u00e9xico, un hito importante en la oferta tur\u00edstica de la Ciudad de M\u00e9xico, con una ubicaci\u00f3n privilegiada, dise\u00f1os m\u00e1s coloridos y a unos minutos de los principales centros de negocios, plazas comerciales y destinos tur\u00edsticos de la ciudad\u201d, coment\u00f3 Joan Ferrer, Gerente General de Novotel Mexico City World Trade Center.<br \/>\nDelia Bistr\u00f3, ser\u00e1 el restaurante que deleite a los hu\u00e9spedes y comensales, con sabores mediterr\u00e1neos con toques mexicanos en un ambiente similar al de las cocinas familiares, inspirado en diferentes espacios de la ciudad y en el sello Maya de la luna. Se servir\u00e1 un desayuno buffet y las comidas y cenas ofrecer\u00e1n una 5carta completa con los mejores sabores de la<img decoding=\"async\" class=\" wp-image-373462 alignright\" src=\"https:\/\/dimensionturistica.com\/es\/wp-content\/uploads\/2022\/08\/NOVO8-300x225.jpg\" alt=\"\" width=\"259\" height=\"194\" srcset=\"https:\/\/dimensionturistica.com\/es\/wp-content\/uploads\/2022\/08\/NOVO8-300x225.jpg 300w, https:\/\/dimensionturistica.com\/es\/wp-content\/uploads\/2022\/08\/NOVO8.jpg 500w\" sizes=\"(max-width: 259px) 100vw, 259px\" \/> ciudad. El Lobby Bar, con una propuesta de mixolog\u00eda imperdible para hu\u00e9spedes y locales, abrir\u00e1 de 11:00 am a la 1:00 am y hace alusi\u00f3n a la constante muestra de arte urbano con un mural dise\u00f1ado por Luis<br \/>\nC\u00e9sar Rocca.<br \/>\nEl nuevo Novotel Mexico City World Trade Center contar\u00e1 con diferentes espacios abiertos para la comodidad de los hu\u00e9spedes, una sala para llevar a cabo reuniones en un espacio moderno y colorido; adem\u00e1s de un gimnasio In Balance by Novotel con todo lo necesario para la mejor rutina. El hotel ofrecer\u00e1 hospedaje y desayuno gratis a ni\u00f1os menores de 15 a\u00f1os en la misma <img decoding=\"async\" class=\" wp-image-373463 alignleft\" src=\"https:\/\/dimensionturistica.com\/es\/wp-content\/uploads\/2022\/08\/NOVO9-300x225.jpg\" alt=\"\" width=\"221\" height=\"166\" srcset=\"https:\/\/dimensionturistica.com\/es\/wp-content\/uploads\/2022\/08\/NOVO9-300x225.jpg 300w, https:\/\/dimensionturistica.com\/es\/wp-content\/uploads\/2022\/08\/NOVO9.jpg 500w\" sizes=\"(max-width: 221px) 100vw, 221px\" \/>habitaci\u00f3n, opci\u00f3n de salida los domingos extendida hasta las 17:00 horas (sujeto a disponibilidad). Se admiten mascotas.<br \/>\n\u201cM\u00e9xico, es uno de los pa\u00edses donde los ojos de todo el mundo est\u00e1n puestos y donde el Grupo ya cuenta con 33 propiedades de nueve marcas y vemos m\u00e1s oportunidades, sobre todo porque hay una gama muy amplia: desde hoteles econ\u00f3micos, hasta hoteler\u00eda de lujo. Como parte del plan de expansi\u00f3n global en M\u00e9xico en los pr\u00f3ximos 5 a\u00f1os, se est\u00e1 contemplando la llegada de otros hoteles y marcas nuevas al pa\u00eds como: ibis Guasave, Mayaliah Tulum Hotel &amp;amp; Residences &#8211; MGallery Hotel Collection y Fairmont La Paz Puerta Cort\u00e9s, entre otros\u201d, finaliz\u00f3 L\u00f3pez Jim\u00e9nez.<img decoding=\"async\" class=\" wp-image-373464 alignright\" src=\"https:\/\/dimensionturistica.com\/es\/wp-content\/uploads\/2022\/08\/NOVO10-300x225.jpg\" alt=\"\" width=\"259\" height=\"194\" srcset=\"https:\/\/dimensionturistica.com\/es\/wp-content\/uploads\/2022\/08\/NOVO10-300x225.jpg 300w, https:\/\/dimensionturistica.com\/es\/wp-content\/uploads\/2022\/08\/NOVO10.jpg 500w\" sizes=\"(max-width: 259px) 100vw, 259px\" \/><br \/>\nEste cuarto Novotel en M\u00e9xico, viene a complementar las 3 ubicaciones anteriores: Novotel Monterrey Valle, Novotel Mexico City Santa Fe y Novotel Mexico City Toreo.<br \/>\nRestaurante Delia Bistr\u00f3<br \/>\nEl nuevo Novotel Mexico City World Trade Center, forma parte del programa de lealtad ALL &#8211; Accor Live Limitless, un programa de estilo de vida que va mucho m\u00e1s all\u00e1 de ofertas y hoteles, al ofrecer experiencias realmente espectaculares, adem\u00e1s de recompensas a diario desde la primera reserva.<\/p>\n","protected":false},"excerpt":{"rendered":"<p>Este a\u00f1o la marca de segmento medio Novotel est\u00e1 cumpliendo 20 a\u00f1os desde su llegada a M\u00e9xico Accor, grupo hotelero l\u00edder en el mundo, anuncia su expansi\u00f3n en M\u00e9xico al brindar mejores alternativas para los viajeros de negocios y placer con el nuevo Novotel Mexico City World Trade Center, un moderno hotel con una ubicaci\u00f3n [&hellip;]<\/p>\n","protected":false},"author":1,"featured_media":373465,"comment_status":"open","ping_status":"closed","sticky":false,"template":"","format":"standard","meta":{"om_disable_all_campaigns":false,"jnews-multi-image_gallery":[],"jnews_single_post":{"source_name":"","source_url":"","via_name":"","via_url":"","override_template":"0","override":[{"template":"1","single_blog_custom":"","parallax":"1","fullscreen":"1","layout":"right-sidebar","sidebar":"default-sidebar","second_sidebar":"default-sidebar","sticky_sidebar":"1","share_position":"top","share_float_style":"share-monocrhome","show_share_counter":"1","show_view_counter":"1","show_featured":"1","show_post_meta":"1","show_post_author":"1","show_post_author_image":"1","show_post_date":"1","post_date_format":"default","post_date_format_custom":"Y\/m\/d","show_post_category":"1","show_post_reading_time":"0","post_reading_time_wpm":"300","show_zoom_button":"0","zoom_button_out_step":"2","zoom_button_in_step":"3","show_post_tag":"1","show_prev_next_post":"1","show_popup_post":"1","number_popup_post":"1","show_author_box":"0","show_post_related":"0","show_inline_post_related":"0"}],"override_image_size":"0","image_override":[{"single_post_thumbnail_size":"crop-500","single_post_gallery_size":"crop-500"}],"trending_post":"0","trending_post_position":"meta","trending_post_label":"Trending","sponsored_post":"0","sponsored_post_label":"Sponsored by","sponsored_post_name":"","sponsored_post_url":"","sponsored_post_logo_enable":"0","sponsored_post_logo":"","sponsored_post_desc":"","disable_ad":"0"},"jnews_primary_category":{"id":""},"jnews_social_meta":{"fb_title":"","fb_description":"","fb_image":"","twitter_title":"","twitter_description":"","twitter_image":""},"footnotes":""},"categories":[40],"tags":[],"class_list":["post-373452","post","type-post","status-publish","format-standard","has-post-thumbnail","hentry","category-industria"],"_links":{"self":[{"href":"https:\/\/dimensionturistica.com\/es\/wp-json\/wp\/v2\/posts\/373452","targetHints":{"allow":["GET"]}}],"collection":[{"href":"https:\/\/dimensionturistica.com\/es\/wp-json\/wp\/v2\/posts"}],"about":[{"href":"https:\/\/dimensionturistica.com\/es\/wp-json\/wp\/v2\/types\/post"}],"author":[{"embeddable":true,"href":"https:\/\/dimensionturistica.com\/es\/wp-json\/wp\/v2\/users\/1"}],"replies":[{"embeddable":true,"href":"https:\/\/dimensionturistica.com\/es\/wp-json\/wp\/v2\/comments?post=373452"}],"version-history":[{"count":0,"href":"https:\/\/dimensionturistica.com\/es\/wp-json\/wp\/v2\/posts\/373452\/revisions"}],"wp:featuredmedia":[{"embeddable":true,"href":"https:\/\/dimensionturistica.com\/es\/wp-json\/wp\/v2\/media\/373465"}],"wp:attachment":[{"href":"https:\/\/dimensionturistica.com\/es\/wp-json\/wp\/v2\/media?parent=373452"}],"wp:term":[{"taxonomy":"category","embeddable":true,"href":"https:\/\/dimensionturistica.com\/es\/wp-json\/wp\/v2\/categories?post=373452"},{"taxonomy":"post_tag","embeddable":true,"href":"https:\/\/dimensionturistica.com\/es\/wp-json\/wp\/v2\/tags?post=373452"}],"curies":[{"name":"wp","href":"https:\/\/api.w.org\/{rel}","templated":true}]}}