{"id":373376,"date":"2022-08-21T16:19:47","date_gmt":"2022-08-21T16:19:47","guid":{"rendered":"https:\/\/dimensionturistica.com\/es\/?p=373376"},"modified":"2022-08-21T16:19:47","modified_gmt":"2022-08-21T16:19:47","slug":"necesaria-la-atencion-integral-de-los-adultos-mayores","status":"publish","type":"post","link":"https:\/\/dimensionturistica.com\/es\/necesaria-la-atencion-integral-de-los-adultos-mayores\/","title":{"rendered":"Necesaria la atenci\u00f3n integral de los adultos mayores"},"content":{"rendered":"<p><img decoding=\"async\" class=\"size-medium wp-image-373386 alignright\" src=\"https:\/\/dimensionturistica.com\/es\/wp-content\/uploads\/2022\/08\/ADULKTOS3-300x199.jpg\" alt=\"\" width=\"300\" height=\"199\" srcset=\"https:\/\/dimensionturistica.com\/es\/wp-content\/uploads\/2022\/08\/ADULKTOS3-300x199.jpg 300w, https:\/\/dimensionturistica.com\/es\/wp-content\/uploads\/2022\/08\/ADULKTOS3.jpg 450w\" sizes=\"(max-width: 300px) 100vw, 300px\" \/> En M\u00e9xico, 56% de las muertes ocurren en poblaci\u00f3n de 65 a\u00f1os en adelante, entre las principales causas est\u00e1n diabetes mellitus, enfermedades del coraz\u00f3n y tumores malignos (c\u00e1ncer), seg\u00fan indica el censo de poblaci\u00f3n y vivienda 2020 del Instituto Nacional de Estad\u00edstica, Geograf\u00eda e Inform\u00e1tica (INEGI).<br \/>\n\u201cResulta esencial comenzar con la atenci\u00f3n y el delicado cuidado de los adultos mayores, si es posible antes de que lleguen a esta etapa de su vida, porque eso les permitir\u00e1 tener un peso saludable, mayor fuerza y energ\u00eda logrando as\u00ed mantener la actividad f\u00edsica y como consecuencia ser menos vulnerable\u201d, afirm\u00f3 el doctor Jorge Chirino, especialista en cirug\u00eda general y nutriolog\u00eda cl\u00ednica.<br \/>\nLo anterior cobra mayor importancia debido a que se estima que, para 2050, 1 de cada 4 mexicanos ser\u00e1 mayor de 60 a\u00f1os, lo que representar\u00e1 el 25% del total de la poblaci\u00f3n del pa\u00eds.<br \/>\nMario S\u00e1nchez, director general de SANULAC Nutrici\u00f3n M\u00e9xico, agreg\u00f3 que \u201cdebido a esta necesidad de atenci\u00f3n es necesario lanzar programas integrales, bien dirigidos y conformados por asociaciones m\u00e9dicas, de pacientes, gobierno a trav\u00e9s de sistemas de salud y la propia industria farmac\u00e9utica para que se pueda tener un cambio cultural en el cuidado de la poblaci\u00f3n adulta mayor, s\u00f3lo de esta manera lograremos aminorar los riesgos de salud que tienen.\u201d<br \/>\nLa prevenci\u00f3n y asistencia con los especialistas en salud es la base para que un adulto mayor tenga una buena salud, un estado de desnutrici\u00f3n implica un mayor costo en su atenci\u00f3n, por cada d\u00f3lar invertido en nutrici\u00f3n se ahorran hasta 52 d\u00f3lares por cada paciente en atenci\u00f3n m\u00e9dica.<br \/>\nSanulac Nutrici\u00f3n M\u00e9xico<br \/>\nEncuentra m\u00e1s informaci\u00f3n sobre el cuidado de adultos mayores en: https:\/\/delicalpro.lat\/senior- care-center\/<br \/>\nEl Dr. Benjam\u00edn Su\u00e1rez Negroe, maestro en Salud P\u00fablica y director m\u00e9dico de SANULAC Nutrici\u00f3n M\u00e9xico, afirm\u00f3 que \u201chay que dejar atr\u00e1s esa idea de que la vejez es sin\u00f3nimo de discapacidad. La base para vivir un<img decoding=\"async\" class=\"size-medium wp-image-373387 alignright\" src=\"https:\/\/dimensionturistica.com\/es\/wp-content\/uploads\/2022\/08\/ADULTOS1-300x157.jpg\" alt=\"\" width=\"300\" height=\"157\" srcset=\"https:\/\/dimensionturistica.com\/es\/wp-content\/uploads\/2022\/08\/ADULTOS1-300x157.jpg 300w, https:\/\/dimensionturistica.com\/es\/wp-content\/uploads\/2022\/08\/ADULTOS1.jpg 474w\" sizes=\"(max-width: 300px) 100vw, 300px\" \/> envejecimiento saludable es tener un buen estado nutricional\u201d.<br \/>\nAnte este panorama SANULAC Nutrici\u00f3n M\u00e9xico decidi\u00f3 incursionar en el mercado de suplementos alimenticios para adultos mayores con Delicalpro, el cual est\u00e1 enfocado en cubrir los d\u00e9ficits nutrimentales de los adultos mayores.<br \/>\nSanulac reitera su compromiso para contribuir al desarrollo de una vida sana en los adultos mayores mexicanos, con la finalidad de que tengan acceso a esta opci\u00f3n que har\u00e1 la diferencia para vivir una vejez saludable.<\/p>\n","protected":false},"excerpt":{"rendered":"<p>En M\u00e9xico, 56% de las muertes ocurren en poblaci\u00f3n de 65 a\u00f1os en adelante, entre las principales causas est\u00e1n diabetes mellitus, enfermedades del coraz\u00f3n y tumores malignos (c\u00e1ncer), seg\u00fan indica el censo de poblaci\u00f3n y vivienda 2020 del Instituto Nacional de Estad\u00edstica, Geograf\u00eda e Inform\u00e1tica (INEGI). \u201cResulta esencial comenzar con la atenci\u00f3n y el delicado [&hellip;]<\/p>\n","protected":false},"author":1,"featured_media":373388,"comment_status":"open","ping_status":"closed","sticky":false,"template":"","format":"standard","meta":{"om_disable_all_campaigns":false,"jnews-multi-image_gallery":[],"jnews_single_post":{"source_name":"","source_url":"","via_name":"","via_url":"","override_template":"0","override":[{"template":"1","single_blog_custom":"","parallax":"1","fullscreen":"1","layout":"right-sidebar","sidebar":"default-sidebar","second_sidebar":"default-sidebar","sticky_sidebar":"1","share_position":"top","share_float_style":"share-monocrhome","show_share_counter":"1","show_view_counter":"1","show_featured":"1","show_post_meta":"1","show_post_author":"1","show_post_author_image":"1","show_post_date":"1","post_date_format":"default","post_date_format_custom":"Y\/m\/d","show_post_category":"1","show_post_reading_time":"0","post_reading_time_wpm":"300","show_zoom_button":"0","zoom_button_out_step":"2","zoom_button_in_step":"3","show_post_tag":"1","show_prev_next_post":"1","show_popup_post":"1","number_popup_post":"1","show_author_box":"0","show_post_related":"0","show_inline_post_related":"0"}],"override_image_size":"0","image_override":[{"single_post_thumbnail_size":"crop-500","single_post_gallery_size":"crop-500"}],"trending_post":"0","trending_post_position":"meta","trending_post_label":"Trending","sponsored_post":"0","sponsored_post_label":"Sponsored by","sponsored_post_name":"","sponsored_post_url":"","sponsored_post_logo_enable":"0","sponsored_post_logo":"","sponsored_post_desc":"","disable_ad":"0"},"jnews_primary_category":{"id":""},"jnews_social_meta":{"fb_title":"","fb_description":"","fb_image":"","twitter_title":"","twitter_description":"","twitter_image":""},"footnotes":""},"categories":[40],"tags":[],"class_list":["post-373376","post","type-post","status-publish","format-standard","has-post-thumbnail","hentry","category-industria"],"_links":{"self":[{"href":"https:\/\/dimensionturistica.com\/es\/wp-json\/wp\/v2\/posts\/373376","targetHints":{"allow":["GET"]}}],"collection":[{"href":"https:\/\/dimensionturistica.com\/es\/wp-json\/wp\/v2\/posts"}],"about":[{"href":"https:\/\/dimensionturistica.com\/es\/wp-json\/wp\/v2\/types\/post"}],"author":[{"embeddable":true,"href":"https:\/\/dimensionturistica.com\/es\/wp-json\/wp\/v2\/users\/1"}],"replies":[{"embeddable":true,"href":"https:\/\/dimensionturistica.com\/es\/wp-json\/wp\/v2\/comments?post=373376"}],"version-history":[{"count":0,"href":"https:\/\/dimensionturistica.com\/es\/wp-json\/wp\/v2\/posts\/373376\/revisions"}],"wp:featuredmedia":[{"embeddable":true,"href":"https:\/\/dimensionturistica.com\/es\/wp-json\/wp\/v2\/media\/373388"}],"wp:attachment":[{"href":"https:\/\/dimensionturistica.com\/es\/wp-json\/wp\/v2\/media?parent=373376"}],"wp:term":[{"taxonomy":"category","embeddable":true,"href":"https:\/\/dimensionturistica.com\/es\/wp-json\/wp\/v2\/categories?post=373376"},{"taxonomy":"post_tag","embeddable":true,"href":"https:\/\/dimensionturistica.com\/es\/wp-json\/wp\/v2\/tags?post=373376"}],"curies":[{"name":"wp","href":"https:\/\/api.w.org\/{rel}","templated":true}]}}