{"id":373353,"date":"2022-08-21T15:56:14","date_gmt":"2022-08-21T15:56:14","guid":{"rendered":"https:\/\/dimensionturistica.com\/es\/?p=373353"},"modified":"2022-08-21T15:56:14","modified_gmt":"2022-08-21T15:56:14","slug":"en-guadalajara-los-amantes-de-la-fotografia-encontraran-los-lugares-idoneos-para-sus-trabajos","status":"publish","type":"post","link":"https:\/\/dimensionturistica.com\/es\/en-guadalajara-los-amantes-de-la-fotografia-encontraran-los-lugares-idoneos-para-sus-trabajos\/","title":{"rendered":"En Guadalajara los amantes de la fotograf\u00eda encontraran los lugares id\u00f3neos para sus trabajos"},"content":{"rendered":"<p><img decoding=\"async\" class=\"size-medium wp-image-373364 alignright\" src=\"https:\/\/dimensionturistica.com\/es\/wp-content\/uploads\/2022\/08\/unnamed-2-3-300x200.jpg\" alt=\"\" width=\"300\" height=\"200\" srcset=\"https:\/\/dimensionturistica.com\/es\/wp-content\/uploads\/2022\/08\/unnamed-2-3-300x200.jpg 300w, https:\/\/dimensionturistica.com\/es\/wp-content\/uploads\/2022\/08\/unnamed-2-3-1024x682.jpg 1024w, https:\/\/dimensionturistica.com\/es\/wp-content\/uploads\/2022\/08\/unnamed-2-3-768x512.jpg 768w, https:\/\/dimensionturistica.com\/es\/wp-content\/uploads\/2022\/08\/unnamed-2-3-750x500.jpg 750w, https:\/\/dimensionturistica.com\/es\/wp-content\/uploads\/2022\/08\/unnamed-2-3-1140x760.jpg 1140w, https:\/\/dimensionturistica.com\/es\/wp-content\/uploads\/2022\/08\/unnamed-2-3.jpg 1229w\" sizes=\"(max-width: 300px) 100vw, 300px\" \/>En Guadalajara existen sitios que regalan a los amantes de la lente incre\u00edbles postales llenas de historia, folklore, colores, arquitectura tradicional y moderna. Es por esta raz\u00f3n que, en el marco del D\u00eda Mundial de la Fotograf\u00eda, la Oficina de Visitantes y Convenciones de Guadalajara\u00a0 te presenta algunos de los mejores spots en la ciudad para tomar im\u00e1genes y postales memorables.<br \/>\nColonia Americana<br \/>\nSe trata de una hermosa colonias que esconden grandes secretos en sus calles, adem\u00e1s de que alberga muchos bares y restaurantes y joyas arquitect\u00f3nicas para fotografiar.<br \/>\nMansi\u00f3n Clover Lawn ubicada en Avenida La Paz, se trata de un espacio de estilo fant\u00e1stico. Fue construida en<img decoding=\"async\" class=\"size-medium wp-image-373366 alignright\" src=\"https:\/\/dimensionturistica.com\/es\/wp-content\/uploads\/2022\/08\/Andador_tlaquepaque-300x200.jpg\" alt=\"\" width=\"300\" height=\"200\" srcset=\"https:\/\/dimensionturistica.com\/es\/wp-content\/uploads\/2022\/08\/Andador_tlaquepaque-300x200.jpg 300w, https:\/\/dimensionturistica.com\/es\/wp-content\/uploads\/2022\/08\/Andador_tlaquepaque-1024x683.jpg 1024w, https:\/\/dimensionturistica.com\/es\/wp-content\/uploads\/2022\/08\/Andador_tlaquepaque-768x512.jpg 768w, https:\/\/dimensionturistica.com\/es\/wp-content\/uploads\/2022\/08\/Andador_tlaquepaque-1536x1024.jpg 1536w, https:\/\/dimensionturistica.com\/es\/wp-content\/uploads\/2022\/08\/Andador_tlaquepaque-2048x1366.jpg 2048w, https:\/\/dimensionturistica.com\/es\/wp-content\/uploads\/2022\/08\/Andador_tlaquepaque-750x500.jpg 750w, https:\/\/dimensionturistica.com\/es\/wp-content\/uploads\/2022\/08\/Andador_tlaquepaque-1140x760.jpg 1140w\" sizes=\"(max-width: 300px) 100vw, 300px\" \/> 1912 por el arquitecto Juan Kipp como residencia. Sus techos a dos vertientes, sus ventanales y todos los motivos relacionados con los tr\u00e9boles convierten este en un espacio \u00fanico en la ciudad.<br \/>\nOtra casa destacada de la zona es la Casa G\u00f3mez Luna en la calle Libertad; fue\u00a0 construida a finales del porfirismo por el arquitecto Guillermo de Alba, qui\u00e9n buscaba generar un s\u00edmil con la imagen medieval, d\u00e1ndole un toque oscuro a trav\u00e9s de las almenas y torreones con los que cuenta.<br \/>\nEl m\u00e1s importante arquitecto mexicano, Luis Barrag\u00e1n, dej\u00f3 parte de su legado en su ciudad natal, y, en ese sentido, la Casa ITESO- Clavigero, es un gran representante de inicios de su carrera. Se construy\u00f3 en 1929\u00a0 para el abogado Efra\u00edn Gonz\u00e1lez Luna. Actualmente forma parte del Instituto Tecnol\u00f3gico de Estudios Superiores de<img decoding=\"async\" class=\"size-medium wp-image-373367 alignright\" src=\"https:\/\/dimensionturistica.com\/es\/wp-content\/uploads\/2022\/08\/cae37-300x200.jpg\" alt=\"\" width=\"300\" height=\"200\" srcset=\"https:\/\/dimensionturistica.com\/es\/wp-content\/uploads\/2022\/08\/cae37-300x200.jpg 300w, https:\/\/dimensionturistica.com\/es\/wp-content\/uploads\/2022\/08\/cae37-1024x683.jpg 1024w, https:\/\/dimensionturistica.com\/es\/wp-content\/uploads\/2022\/08\/cae37-768x512.jpg 768w, https:\/\/dimensionturistica.com\/es\/wp-content\/uploads\/2022\/08\/cae37-750x500.jpg 750w, https:\/\/dimensionturistica.com\/es\/wp-content\/uploads\/2022\/08\/cae37-1140x760.jpg 1140w, https:\/\/dimensionturistica.com\/es\/wp-content\/uploads\/2022\/08\/cae37.jpg 1455w\" sizes=\"(max-width: 300px) 100vw, 300px\" \/> Occidente como un recinto cultural. Muestra una impecable belleza a trav\u00e9s de un estilo que recuerda a las casonas mexicanas, pero con marcadas influencias \u00e1rabes y andaluzas. Resalta el uso contrastante de colores, que fluye en los espacios tanto abiertos como cerrados.<br \/>\nPuente Matute Remus<br \/>\nIdeado por los arquitectos Miguel Echauri y \u00c1lvaro Morales, este puente representa modernidad y dise\u00f1o; a pesar de ser una construcci\u00f3n joven en la ciudad, se ha convertido en un referente fotogr\u00e1fico gracias a sus \u00e1reas para peatones y las luminarias que por la noche lo convierten en un imponente monumento lum\u00ednico.<br \/>\nConjunto de Artes Esc\u00e9nicas<br \/>\nEs un espacio de arquitectura contempor\u00e1nea que concentra eventos culturales y art\u00edsticos; sin embargo,<img decoding=\"async\" class=\"size-medium wp-image-373368 alignright\" src=\"https:\/\/dimensionturistica.com\/es\/wp-content\/uploads\/2022\/08\/cae47-300x200.jpg\" alt=\"\" width=\"300\" height=\"200\" srcset=\"https:\/\/dimensionturistica.com\/es\/wp-content\/uploads\/2022\/08\/cae47-300x200.jpg 300w, https:\/\/dimensionturistica.com\/es\/wp-content\/uploads\/2022\/08\/cae47-1024x683.jpg 1024w, https:\/\/dimensionturistica.com\/es\/wp-content\/uploads\/2022\/08\/cae47-768x512.jpg 768w, https:\/\/dimensionturistica.com\/es\/wp-content\/uploads\/2022\/08\/cae47-750x500.jpg 750w, https:\/\/dimensionturistica.com\/es\/wp-content\/uploads\/2022\/08\/cae47-1140x760.jpg 1140w, https:\/\/dimensionturistica.com\/es\/wp-content\/uploads\/2022\/08\/cae47.jpg 1477w\" sizes=\"(max-width: 300px) 100vw, 300px\" \/> adem\u00e1s de la agenda cultural, los visitantes se sorprenden con su dise\u00f1o en interiores y las impresionantes fachadas que dan mucho juego a la hora de hacer fotograf\u00edas y sin duda se convertir\u00e1n en los protagonistas de tu c\u00e1mara. No olvides darte una vuelta por el impresionante mural de Ricardo Lu\u00e9vanos, en el lobby de la Cineteca FICG.<br \/>\nCentro Hist\u00f3rico<br \/>\nCon una impactante arquitectura y una gran historia en sus muros, las calles y edificios del Centro Hist\u00f3rico de la capital jalisciense han sido inspiraci\u00f3n para muchos fot\u00f3grafos y estamos seguros que, al recorrerlo, querr\u00e1s inmortalizarlo desde tu propia perspectiva. Los imperdibles son la Catedral Metropolitana, Teatro Degollado, Museo Caba\u00f1as o Templo del Expiatorio.<br \/>\nBosque Colomos<br \/>\nLa postal perfecta que est\u00e1s buscando puede ser en este bosque en medio de la ciudad, rodeado de diferentes tonalidades verdes de su vegetaci\u00f3n. Este lugar se encuentra entre Guadalajara y Zapopan, a la orilla del R\u00edo<img decoding=\"async\" class=\"size-medium wp-image-373369 alignright\" src=\"https:\/\/dimensionturistica.com\/es\/wp-content\/uploads\/2022\/08\/Jalisco-29-300x201.jpg\" alt=\"\" width=\"300\" height=\"201\" srcset=\"https:\/\/dimensionturistica.com\/es\/wp-content\/uploads\/2022\/08\/Jalisco-29-300x201.jpg 300w, https:\/\/dimensionturistica.com\/es\/wp-content\/uploads\/2022\/08\/Jalisco-29.jpg 368w\" sizes=\"(max-width: 300px) 100vw, 300px\" \/> Atemajac y brinda un gran ambiente para jugar con las im\u00e1genes en sus espacios libres, el \u00e1rea de eucaliptos, sus lagos y terminar con cerrar el d\u00eda de fotos en el hermoso jard\u00edn japon\u00e9s.<br \/>\nBarranca de Huentit\u00e1n<br \/>\nA las orillas de la ciudad se encuentra esta joya natural, que es el lugar perfecto para realizar fotograf\u00edas de paisaje. Recorrer esta \u00c1rea Natural Protegida no s\u00f3lo te da la oportunidad de relajarte, respirar aire fresco y reencontrarte con la naturaleza, sino que te dar\u00e1 diferentes escenarios para conseguir im\u00e1genes y retratos inigualables en sus tres miradores, La Capilla o en el Puente de Arcediano.<br \/>\nTlaquepaque<br \/>\nAndadores de Tlaquepaque. En la Zona Metropolitana de Guadalajara, los visitantes encontrar\u00e1n calles con expresiones multicoloridas que adornan sus cielos, sin mencionar sus pintorescos locales, casas, tiendas de artesan\u00edas y esculturas.<br \/>\nCasa Luna es un imperdible gastron\u00f3mico de Tlaquepaque, donde se conserva la esencia de la cocina<\/p>\n<figure id=\"attachment_373370\" aria-describedby=\"caption-attachment-373370\" style=\"width: 300px\" class=\"wp-caption alignright\"><img decoding=\"async\" class=\"size-medium wp-image-373370\" src=\"https:\/\/dimensionturistica.com\/es\/wp-content\/uploads\/2022\/08\/Joyas-arquitectonicas-en-la-Americana-2-300x225.jpg\" alt=\"\" width=\"300\" height=\"225\" srcset=\"https:\/\/dimensionturistica.com\/es\/wp-content\/uploads\/2022\/08\/Joyas-arquitectonicas-en-la-Americana-2-300x225.jpg 300w, https:\/\/dimensionturistica.com\/es\/wp-content\/uploads\/2022\/08\/Joyas-arquitectonicas-en-la-Americana-2-1024x768.jpg 1024w, https:\/\/dimensionturistica.com\/es\/wp-content\/uploads\/2022\/08\/Joyas-arquitectonicas-en-la-Americana-2-768x576.jpg 768w, https:\/\/dimensionturistica.com\/es\/wp-content\/uploads\/2022\/08\/Joyas-arquitectonicas-en-la-Americana-2-750x562.jpg 750w, https:\/\/dimensionturistica.com\/es\/wp-content\/uploads\/2022\/08\/Joyas-arquitectonicas-en-la-Americana-2-1140x855.jpg 1140w, https:\/\/dimensionturistica.com\/es\/wp-content\/uploads\/2022\/08\/Joyas-arquitectonicas-en-la-Americana-2.jpg 1451w\" sizes=\"(max-width: 300px) 100vw, 300px\" \/><figcaption id=\"caption-attachment-373370\" class=\"wp-caption-text\">Processed with VSCO with a6 preset<\/figcaption><\/figure>\n<p>tradicional mexicana y la fusiona con la oriental. Adem\u00e1s de ser una gran opci\u00f3n para deleitar el paladar, el espacio enamora con un ambiente acogedor que mezcla piezas art\u00edsticas, esculturas, fuentes, m\u00f3viles y l\u00e1mparas de m\u00faltiples colores y tama\u00f1os.<br \/>\nTequila<br \/>\nEn este emblem\u00e1tico Pueblo M\u00e1gico, que es el coraz\u00f3n de la industria tequilera, est\u00e1 lleno de historia y tradici\u00f3n. Su impresionante escenario agavero es \u00fanico en el mundo, por ello fue declarado en el 2006 como Patrimonio Mundial por la UNESCO. La extensi\u00f3n de plantas de agave es sin duda una imagen que tu lente no querr\u00e1 dejar de capturar.<\/p>\n","protected":false},"excerpt":{"rendered":"<p>En Guadalajara existen sitios que regalan a los amantes de la lente incre\u00edbles postales llenas de historia, folklore, colores, arquitectura tradicional y moderna. Es por esta raz\u00f3n que, en el marco del D\u00eda Mundial de la Fotograf\u00eda, la Oficina de Visitantes y Convenciones de Guadalajara\u00a0 te presenta algunos de los mejores spots en la ciudad [&hellip;]<\/p>\n","protected":false},"author":1,"featured_media":373362,"comment_status":"open","ping_status":"closed","sticky":false,"template":"","format":"standard","meta":{"om_disable_all_campaigns":false,"jnews-multi-image_gallery":[],"jnews_single_post":{"source_name":"","source_url":"","via_name":"","via_url":"","override_template":"0","override":[{"template":"1","single_blog_custom":"","parallax":"1","fullscreen":"1","layout":"right-sidebar","sidebar":"default-sidebar","second_sidebar":"default-sidebar","sticky_sidebar":"1","share_position":"top","share_float_style":"share-monocrhome","show_share_counter":"1","show_view_counter":"1","show_featured":"1","show_post_meta":"1","show_post_author":"1","show_post_author_image":"1","show_post_date":"1","post_date_format":"default","post_date_format_custom":"Y\/m\/d","show_post_category":"1","show_post_reading_time":"0","post_reading_time_wpm":"300","show_zoom_button":"0","zoom_button_out_step":"2","zoom_button_in_step":"3","show_post_tag":"1","show_prev_next_post":"1","show_popup_post":"1","number_popup_post":"1","show_author_box":"0","show_post_related":"0","show_inline_post_related":"0"}],"override_image_size":"0","image_override":[{"single_post_thumbnail_size":"crop-500","single_post_gallery_size":"crop-500"}],"trending_post":"0","trending_post_position":"meta","trending_post_label":"Trending","sponsored_post":"0","sponsored_post_label":"Sponsored by","sponsored_post_name":"","sponsored_post_url":"","sponsored_post_logo_enable":"0","sponsored_post_logo":"","sponsored_post_desc":"","disable_ad":"0"},"jnews_primary_category":{"id":""},"jnews_social_meta":{"fb_title":"","fb_description":"","fb_image":"","twitter_title":"","twitter_description":"","twitter_image":""},"footnotes":""},"categories":[39],"tags":[],"class_list":["post-373353","post","type-post","status-publish","format-standard","has-post-thumbnail","hentry","category-viajes"],"_links":{"self":[{"href":"https:\/\/dimensionturistica.com\/es\/wp-json\/wp\/v2\/posts\/373353","targetHints":{"allow":["GET"]}}],"collection":[{"href":"https:\/\/dimensionturistica.com\/es\/wp-json\/wp\/v2\/posts"}],"about":[{"href":"https:\/\/dimensionturistica.com\/es\/wp-json\/wp\/v2\/types\/post"}],"author":[{"embeddable":true,"href":"https:\/\/dimensionturistica.com\/es\/wp-json\/wp\/v2\/users\/1"}],"replies":[{"embeddable":true,"href":"https:\/\/dimensionturistica.com\/es\/wp-json\/wp\/v2\/comments?post=373353"}],"version-history":[{"count":0,"href":"https:\/\/dimensionturistica.com\/es\/wp-json\/wp\/v2\/posts\/373353\/revisions"}],"wp:featuredmedia":[{"embeddable":true,"href":"https:\/\/dimensionturistica.com\/es\/wp-json\/wp\/v2\/media\/373362"}],"wp:attachment":[{"href":"https:\/\/dimensionturistica.com\/es\/wp-json\/wp\/v2\/media?parent=373353"}],"wp:term":[{"taxonomy":"category","embeddable":true,"href":"https:\/\/dimensionturistica.com\/es\/wp-json\/wp\/v2\/categories?post=373353"},{"taxonomy":"post_tag","embeddable":true,"href":"https:\/\/dimensionturistica.com\/es\/wp-json\/wp\/v2\/tags?post=373353"}],"curies":[{"name":"wp","href":"https:\/\/api.w.org\/{rel}","templated":true}]}}