{"id":373342,"date":"2022-08-21T15:26:17","date_gmt":"2022-08-21T15:26:17","guid":{"rendered":"https:\/\/dimensionturistica.com\/es\/?p=373342"},"modified":"2022-08-21T15:26:17","modified_gmt":"2022-08-21T15:26:17","slug":"belize-celebra-el-30-aniversario-de-la-organizacion-mundo-maya","status":"publish","type":"post","link":"https:\/\/dimensionturistica.com\/es\/belize-celebra-el-30-aniversario-de-la-organizacion-mundo-maya\/","title":{"rendered":"Belize celebra el 30\u00b0 aniversario de la Organizaci\u00f3n Mundo Maya"},"content":{"rendered":"<p><img decoding=\"async\" class=\"size-medium wp-image-373345 alignright\" src=\"https:\/\/dimensionturistica.com\/es\/wp-content\/uploads\/2022\/08\/unnamed-9-300x200.jpg\" alt=\"\" width=\"300\" height=\"200\" srcset=\"https:\/\/dimensionturistica.com\/es\/wp-content\/uploads\/2022\/08\/unnamed-9-300x200.jpg 300w, https:\/\/dimensionturistica.com\/es\/wp-content\/uploads\/2022\/08\/unnamed-9-1024x684.jpg 1024w, https:\/\/dimensionturistica.com\/es\/wp-content\/uploads\/2022\/08\/unnamed-9-768x513.jpg 768w, https:\/\/dimensionturistica.com\/es\/wp-content\/uploads\/2022\/08\/unnamed-9-750x501.jpg 750w, https:\/\/dimensionturistica.com\/es\/wp-content\/uploads\/2022\/08\/unnamed-9-1140x761.jpg 1140w, https:\/\/dimensionturistica.com\/es\/wp-content\/uploads\/2022\/08\/unnamed-9.jpg 1200w\" sizes=\"(max-width: 300px) 100vw, 300px\" \/> En el marco de la celebraci\u00f3n de los 30 a\u00f1os de la Organizaci\u00f3n del Mundo Maya, Belize present\u00f3 los secretos del Mundo Maya en el destino.<br \/>\nNicole Solano, viceministra de Turismo y Relaciones de la Di\u00e1spora de Belize, as\u00ed como los representantes de la Junta de Turismo de Belize, Deborah Gilharry, oficial principal de viajes y Mike Hern\u00e1ndez, oficial de prensa y comunicaciones, presentaron los atractivos del pa\u00eds y la importancia cultural para unirse a la promoci\u00f3n y reconocimiento del patrimonio que conforma la regi\u00f3n del Mundo Maya.<br \/>\n<img decoding=\"async\" class=\"size-medium wp-image-373347 alignleft\" src=\"https:\/\/dimensionturistica.com\/es\/wp-content\/uploads\/2022\/08\/unnamed-1-5-300x200.jpg\" alt=\"\" width=\"300\" height=\"200\" srcset=\"https:\/\/dimensionturistica.com\/es\/wp-content\/uploads\/2022\/08\/unnamed-1-5-300x200.jpg 300w, https:\/\/dimensionturistica.com\/es\/wp-content\/uploads\/2022\/08\/unnamed-1-5-1024x683.jpg 1024w, https:\/\/dimensionturistica.com\/es\/wp-content\/uploads\/2022\/08\/unnamed-1-5-768x512.jpg 768w, https:\/\/dimensionturistica.com\/es\/wp-content\/uploads\/2022\/08\/unnamed-1-5-750x500.jpg 750w, https:\/\/dimensionturistica.com\/es\/wp-content\/uploads\/2022\/08\/unnamed-1-5-1140x760.jpg 1140w, https:\/\/dimensionturistica.com\/es\/wp-content\/uploads\/2022\/08\/unnamed-1-5.jpg 1200w\" sizes=\"(max-width: 300px) 100vw, 300px\" \/>Belize cuenta con 1,400 sitios arqueol\u00f3gicos, entre los que se encuentran Xunantunich, Caracol, Lamanai y Altun Ha, que destacan por su belleza e importancia en el Mundo Maya.<br \/>\nEl 40% de los visitantes de Belize acuden a los sitios arqueol\u00f3gicos mayas. \u201cHemos compartido nuestra diversidad cultural con el mundo como una sola regi\u00f3n durante los \u00faltimos 30 a\u00f1os, y continuaremos recibiendo m\u00e1s visitantes\u201d, coment\u00f3 la viceministra, Nicole Solano.<br \/>\n\u201cLos parques y santuarios de vida silvestre en Belize; albergan la barrera de coral m\u00e1s larga del hemisferio<img decoding=\"async\" class=\"size-medium wp-image-373346 alignright\" src=\"https:\/\/dimensionturistica.com\/es\/wp-content\/uploads\/2022\/08\/unnamed-2-2-200x300.jpg\" alt=\"\" width=\"200\" height=\"300\" srcset=\"https:\/\/dimensionturistica.com\/es\/wp-content\/uploads\/2022\/08\/unnamed-2-2-200x300.jpg 200w, https:\/\/dimensionturistica.com\/es\/wp-content\/uploads\/2022\/08\/unnamed-2-2-683x1024.jpg 683w, https:\/\/dimensionturistica.com\/es\/wp-content\/uploads\/2022\/08\/unnamed-2-2-768x1152.jpg 768w, https:\/\/dimensionturistica.com\/es\/wp-content\/uploads\/2022\/08\/unnamed-2-2-750x1125.jpg 750w, https:\/\/dimensionturistica.com\/es\/wp-content\/uploads\/2022\/08\/unnamed-2-2.jpg 800w\" sizes=\"(max-width: 200px) 100vw, 200px\" \/> occidental, el Blue Hole, tres de los cuatro atolones de coral que se encuentran en el Caribe, la \u00fanica reserva del jaguar que existe en el mundo, r\u00edos, selvas, cascadas y hermosas playas\u201d. As\u00ed mismo, hay numerosas ciudades mayas esparcidas por todo el pa\u00eds; \u201cdonde quiera que usted visite, hay un sitio maya cercano\u201d, concluy\u00f3 Mike Hern\u00e1ndez, oficial de prensa y comunicaciones.<br \/>\nTambi\u00e9n estuvo presente el arque\u00f3logo Josu\u00e9 Ramos, experto del Instituto Nacional de Arqueolog\u00eda de Belize, quien present\u00f3 los sitios arqueol\u00f3gicos y cuevas que se pueden visitar en el destino: Los principales son Altun Ha, Xunantunich, Lamanai, Caracol, Cahal Pech, Nohoch Che\u2019en, Actun Tunichil Muknal y Nim Li Punit. Sin embargo, tambi\u00e9n se encuentran Barton Creek Cave, Cerro Maya, Santa Rita, El Pilar, Lubaantun, Serpon sugar mill, Yarborough Cementery, Marco Gonzalez, St. George\u00b4s Caye y Benque Viejo.<br \/>\n\u201cEs importante mencionar que no son todos los sitios que se encuentran en Belize, porque no todas las cuevas est\u00e1n abiertas al turismo\u201d, indic\u00f3 el arque\u00f3logo. Destac\u00f3 que el Instituto Nacional de Arqueolog\u00eda de Belize se encarga de regular los sitios arqueol\u00f3gicos con el objetivo de lograr un destino seguro y sostenible con su integridad cultural.<br \/>\n\u201cEn las cuevas existen restos humanos, as\u00ed como m\u00faltiples vasijas y utensilios antiguos de cer\u00e1mica, por lo que son espacios culturales y sagrados. Se necesita una seguridad colectiva para proteger estos secretos mayas, y as\u00ed, futuras generaciones puedan sorprenderse con estos hallazgos\u201d, finaliz\u00f3 Josu\u00e9 Ramos.<br \/>\nPara conocer los protocolos actualizados para visitar Belize, visite: https:\/\/www.travelbelize.org\/health-safety<\/p>\n","protected":false},"excerpt":{"rendered":"<p>En el marco de la celebraci\u00f3n de los 30 a\u00f1os de la Organizaci\u00f3n del Mundo Maya, Belize present\u00f3 los secretos del Mundo Maya en el destino. Nicole Solano, viceministra de Turismo y Relaciones de la Di\u00e1spora de Belize, as\u00ed como los representantes de la Junta de Turismo de Belize, Deborah Gilharry, oficial principal de viajes [&hellip;]<\/p>\n","protected":false},"author":1,"featured_media":373351,"comment_status":"open","ping_status":"closed","sticky":false,"template":"","format":"standard","meta":{"om_disable_all_campaigns":false,"jnews-multi-image_gallery":[],"jnews_single_post":{"source_name":"","source_url":"","via_name":"","via_url":"","override_template":"0","override":[{"template":"1","single_blog_custom":"","parallax":"1","fullscreen":"1","layout":"right-sidebar","sidebar":"default-sidebar","second_sidebar":"default-sidebar","sticky_sidebar":"1","share_position":"top","share_float_style":"share-monocrhome","show_share_counter":"1","show_view_counter":"1","show_featured":"1","show_post_meta":"1","show_post_author":"1","show_post_author_image":"1","show_post_date":"1","post_date_format":"default","post_date_format_custom":"Y\/m\/d","show_post_category":"1","show_post_reading_time":"0","post_reading_time_wpm":"300","show_zoom_button":"0","zoom_button_out_step":"2","zoom_button_in_step":"3","show_post_tag":"1","show_prev_next_post":"1","show_popup_post":"1","number_popup_post":"1","show_author_box":"0","show_post_related":"0","show_inline_post_related":"0"}],"override_image_size":"0","image_override":[{"single_post_thumbnail_size":"crop-500","single_post_gallery_size":"crop-500"}],"trending_post":"0","trending_post_position":"meta","trending_post_label":"Trending","sponsored_post":"0","sponsored_post_label":"Sponsored by","sponsored_post_name":"","sponsored_post_url":"","sponsored_post_logo_enable":"0","sponsored_post_logo":"","sponsored_post_desc":"","disable_ad":"0"},"jnews_primary_category":{"id":""},"jnews_social_meta":{"fb_title":"","fb_description":"","fb_image":"","twitter_title":"","twitter_description":"","twitter_image":""},"footnotes":""},"categories":[39],"tags":[],"class_list":["post-373342","post","type-post","status-publish","format-standard","has-post-thumbnail","hentry","category-viajes"],"_links":{"self":[{"href":"https:\/\/dimensionturistica.com\/es\/wp-json\/wp\/v2\/posts\/373342","targetHints":{"allow":["GET"]}}],"collection":[{"href":"https:\/\/dimensionturistica.com\/es\/wp-json\/wp\/v2\/posts"}],"about":[{"href":"https:\/\/dimensionturistica.com\/es\/wp-json\/wp\/v2\/types\/post"}],"author":[{"embeddable":true,"href":"https:\/\/dimensionturistica.com\/es\/wp-json\/wp\/v2\/users\/1"}],"replies":[{"embeddable":true,"href":"https:\/\/dimensionturistica.com\/es\/wp-json\/wp\/v2\/comments?post=373342"}],"version-history":[{"count":0,"href":"https:\/\/dimensionturistica.com\/es\/wp-json\/wp\/v2\/posts\/373342\/revisions"}],"wp:featuredmedia":[{"embeddable":true,"href":"https:\/\/dimensionturistica.com\/es\/wp-json\/wp\/v2\/media\/373351"}],"wp:attachment":[{"href":"https:\/\/dimensionturistica.com\/es\/wp-json\/wp\/v2\/media?parent=373342"}],"wp:term":[{"taxonomy":"category","embeddable":true,"href":"https:\/\/dimensionturistica.com\/es\/wp-json\/wp\/v2\/categories?post=373342"},{"taxonomy":"post_tag","embeddable":true,"href":"https:\/\/dimensionturistica.com\/es\/wp-json\/wp\/v2\/tags?post=373342"}],"curies":[{"name":"wp","href":"https:\/\/api.w.org\/{rel}","templated":true}]}}