{"id":373105,"date":"2022-08-20T22:49:04","date_gmt":"2022-08-20T22:49:04","guid":{"rendered":"https:\/\/dimensionturistica.com\/es\/?p=373105"},"modified":"2022-08-20T22:49:04","modified_gmt":"2022-08-20T22:49:04","slug":"otorga-sectur-constancia-de-clasificacion-hotelera-a-hoteles-city-en-cdmx","status":"publish","type":"post","link":"https:\/\/dimensionturistica.com\/es\/otorga-sectur-constancia-de-clasificacion-hotelera-a-hoteles-city-en-cdmx\/","title":{"rendered":"Otorga Sectur constancia de Clasificaci\u00f3n Hotelera a Hoteles City en CDMX"},"content":{"rendered":"<p><img decoding=\"async\" class=\"size-medium wp-image-373115 alignright\" src=\"https:\/\/dimensionturistica.com\/es\/wp-content\/uploads\/2022\/08\/WhatsApp-Image-2022-08-18-at-1.04.05-PM-1-300x200.jpeg\" alt=\"\" width=\"300\" height=\"200\" srcset=\"https:\/\/dimensionturistica.com\/es\/wp-content\/uploads\/2022\/08\/WhatsApp-Image-2022-08-18-at-1.04.05-PM-1-300x200.jpeg 300w, https:\/\/dimensionturistica.com\/es\/wp-content\/uploads\/2022\/08\/WhatsApp-Image-2022-08-18-at-1.04.05-PM-1-1024x682.jpeg 1024w, https:\/\/dimensionturistica.com\/es\/wp-content\/uploads\/2022\/08\/WhatsApp-Image-2022-08-18-at-1.04.05-PM-1-768x512.jpeg 768w, https:\/\/dimensionturistica.com\/es\/wp-content\/uploads\/2022\/08\/WhatsApp-Image-2022-08-18-at-1.04.05-PM-1-750x500.jpeg 750w, https:\/\/dimensionturistica.com\/es\/wp-content\/uploads\/2022\/08\/WhatsApp-Image-2022-08-18-at-1.04.05-PM-1-1140x760.jpeg 1140w, https:\/\/dimensionturistica.com\/es\/wp-content\/uploads\/2022\/08\/WhatsApp-Image-2022-08-18-at-1.04.05-PM-1.jpeg 1280w\" sizes=\"(max-width: 300px) 100vw, 300px\" \/>\u00a0Con el compromiso de acrecentar el nivel tur\u00edstico en el pa\u00eds, Hoteles City se ha sumado al esfuerzo realizado por el gobierno federal por fortalecer dicho sector, al obtener la constancia de Clasificaci\u00f3n Hotelera, la cual fue otorgada al Ingeniero Luis Barrios, CEO de la cadena hotelera, de manos del subsecretario de Turismo, Humberto Hern\u00e1ndez Haddad, en las instalaciones del Hotel City Express Plus Santa Fe de la Ciudad de M\u00e9xico.<br \/>\nEn el evento se entregaron constancias a 121 hoteles de las marcas City Centro, City Express Plus, City Express Suites, City Express y City Express Junior, todos ellos acreditaron cumplir con las caracter\u00edsticas de clasificaci\u00f3n de 3 y 4 estrellas respectivamente.<br \/>\nEn su discurso, el Ing. Luis Barrios, CEO de Hoteles City, invit\u00f3 a los miembros de la industria hotelera a cumplir con esta certificaci\u00f3n por ser una forma tangible y efectiva de promover el turismo en M\u00e9xico y elevar el nivel de servicio en el sector. Adem\u00e1s, el Ing. Barrios coment\u00f3: \u201cEs importante que el sector cumpla con las normas regulatorias que le permitan definir sus est\u00e1ndares de calidad y a la vez dar a los hu\u00e9spedes certeza sobre el servicio que est\u00e1n por recibir, este es un camino que garantizar\u00e1 acrecentar cada a\u00f1o la afluencia de turistas en el territorio nacional\u201d.<br \/>\nLa Clasificaci\u00f3n Hotelera es un tr\u00e1mite obligatorio y gratuito que faculta a todas las empresas del pa\u00eds prestadoras de servicios de hospedaje a obtener una distinci\u00f3n basada en estrellas tomando en cuenta 8 ejes principales; aspectos arquitect\u00f3nicos, aspectos de comunicaci\u00f3n, habitaci\u00f3n y sanitarios, alimentos y bebidas, recepci\u00f3n, control de temperatura servicios espec\u00edficos y \u00e1reas p\u00fablicas.<br \/>\nEl mejoramiento de dichas \u00e1reas dentro de las instalaciones de las diversas cadenas hoteleras en el pa\u00eds es esencial para satisfacer las necesidades de los turistas, sobre todo en temporada alta como verano, pues de acuerdo con CONCANACO SERVYTUR para este 2022 se espera una derrama econ\u00f3mica de hasta 670 mil<img decoding=\"async\" class=\"size-medium wp-image-373110 alignleft\" src=\"https:\/\/dimensionturistica.com\/es\/wp-content\/uploads\/2022\/08\/WhatsApp-Image-2022-08-18-at-1.04.04-PM-3-300x200.jpeg\" alt=\"\" width=\"300\" height=\"200\" srcset=\"https:\/\/dimensionturistica.com\/es\/wp-content\/uploads\/2022\/08\/WhatsApp-Image-2022-08-18-at-1.04.04-PM-3-300x200.jpeg 300w, https:\/\/dimensionturistica.com\/es\/wp-content\/uploads\/2022\/08\/WhatsApp-Image-2022-08-18-at-1.04.04-PM-3-1024x682.jpeg 1024w, https:\/\/dimensionturistica.com\/es\/wp-content\/uploads\/2022\/08\/WhatsApp-Image-2022-08-18-at-1.04.04-PM-3-768x512.jpeg 768w, https:\/\/dimensionturistica.com\/es\/wp-content\/uploads\/2022\/08\/WhatsApp-Image-2022-08-18-at-1.04.04-PM-3-750x500.jpeg 750w, https:\/\/dimensionturistica.com\/es\/wp-content\/uploads\/2022\/08\/WhatsApp-Image-2022-08-18-at-1.04.04-PM-3-1140x760.jpeg 1140w, https:\/\/dimensionturistica.com\/es\/wp-content\/uploads\/2022\/08\/WhatsApp-Image-2022-08-18-at-1.04.04-PM-3.jpeg 1280w\" sizes=\"(max-width: 300px) 100vw, 300px\" \/> millones de pesos y 55 millones de turistas tan solo durante el periodo vacacional, que buscar\u00e1n hospedarse en los hoteles que cumplan con las mejores credenciales de servicio.<br \/>\nPor su parte el subsecretario de Turismo, Humberto Hern\u00e1ndez Hadadd, asegur\u00f3 que \u201cLa Secretar\u00eda de Turismo del Gobierno de M\u00e9xico busca fortalecer las ventajas competitivas de la oferta tur\u00edstica, impulsando la profesionalizaci\u00f3n de nuestros prestadores, a fin de incrementar sus competencias a trav\u00e9s de diversas estrategias en materia tur\u00edstica, entre las cuales<img decoding=\"async\" class=\"size-medium wp-image-373109 alignright\" src=\"https:\/\/dimensionturistica.com\/es\/wp-content\/uploads\/2022\/08\/WhatsApp-Image-2022-08-18-at-1.04.04-PM-2-300x200.jpeg\" alt=\"\" width=\"300\" height=\"200\" srcset=\"https:\/\/dimensionturistica.com\/es\/wp-content\/uploads\/2022\/08\/WhatsApp-Image-2022-08-18-at-1.04.04-PM-2-300x200.jpeg 300w, https:\/\/dimensionturistica.com\/es\/wp-content\/uploads\/2022\/08\/WhatsApp-Image-2022-08-18-at-1.04.04-PM-2-1024x682.jpeg 1024w, https:\/\/dimensionturistica.com\/es\/wp-content\/uploads\/2022\/08\/WhatsApp-Image-2022-08-18-at-1.04.04-PM-2-768x512.jpeg 768w, https:\/\/dimensionturistica.com\/es\/wp-content\/uploads\/2022\/08\/WhatsApp-Image-2022-08-18-at-1.04.04-PM-2-750x500.jpeg 750w, https:\/\/dimensionturistica.com\/es\/wp-content\/uploads\/2022\/08\/WhatsApp-Image-2022-08-18-at-1.04.04-PM-2-1140x760.jpeg 1140w, https:\/\/dimensionturistica.com\/es\/wp-content\/uploads\/2022\/08\/WhatsApp-Image-2022-08-18-at-1.04.04-PM-2.jpeg 1280w\" sizes=\"(max-width: 300px) 100vw, 300px\" \/> podemos destacar su formalizaci\u00f3n mediante la Clasificaci\u00f3n Hotelera. Po r ello consideramos que el corporativo de Hoteles City ha sido siempre un ejemplo en este importante sector que ha contribuido a lograr un incremento en el turismo, no solo a nivel nacional sino tambi\u00e9n internacional\u201d.<br \/>\nFinalmente, el Ing. Barrios enfatiz\u00f3 que \u201cHaber obtenido esta certificaci\u00f3n para nuestros hoteles nos impulsa a la mejora continua a trav\u00e9s de nuestros programas de calidad y capacitaci\u00f3n interna para brindar la calidad y satisfacci\u00f3n que merecen nuestros hu\u00e9spedes, estamos seguros que despu\u00e9s de haber vivido la experiencia de Hoteles City tendr\u00e1n muchos motivos para juntos seguir viajando con City\u201d.<br \/>\nHoteles City cuenta con 20 de a\u00f1os de trayectoria y evoluci\u00f3n, con un portafolio de 153 hoteles, ubicaciones estrat\u00e9gicas y m\u00e1s de 17,400 habitaciones en M\u00e9xico, Colombia, Costa Rica y Chile, enfocando sus esfuerzos en brindar atenci\u00f3n a los viajeros de placer y negocios, convirti\u00e9ndonos en un extraordinario aliado para sus viajes y creando experiencias \u00fanicas en cada destino a trav\u00e9s de nuestras cinco marcas.<\/p>\n","protected":false},"excerpt":{"rendered":"<p>\u00a0Con el compromiso de acrecentar el nivel tur\u00edstico en el pa\u00eds, Hoteles City se ha sumado al esfuerzo realizado por el gobierno federal por fortalecer dicho sector, al obtener la constancia de Clasificaci\u00f3n Hotelera, la cual fue otorgada al Ingeniero Luis Barrios, CEO de la cadena hotelera, de manos del subsecretario de Turismo, Humberto Hern\u00e1ndez [&hellip;]<\/p>\n","protected":false},"author":1,"featured_media":373108,"comment_status":"open","ping_status":"closed","sticky":false,"template":"","format":"standard","meta":{"om_disable_all_campaigns":false,"jnews-multi-image_gallery":[],"jnews_single_post":{"source_name":"","source_url":"","via_name":"","via_url":"","override_template":"0","override":[{"template":"1","single_blog_custom":"","parallax":"1","fullscreen":"1","layout":"right-sidebar","sidebar":"default-sidebar","second_sidebar":"default-sidebar","sticky_sidebar":"1","share_position":"top","share_float_style":"share-monocrhome","show_share_counter":"1","show_view_counter":"1","show_featured":"1","show_post_meta":"1","show_post_author":"1","show_post_author_image":"1","show_post_date":"1","post_date_format":"default","post_date_format_custom":"Y\/m\/d","show_post_category":"1","show_post_reading_time":"0","post_reading_time_wpm":"300","show_zoom_button":"0","zoom_button_out_step":"2","zoom_button_in_step":"3","show_post_tag":"1","show_prev_next_post":"1","show_popup_post":"1","number_popup_post":"1","show_author_box":"0","show_post_related":"0","show_inline_post_related":"0"}],"override_image_size":"0","image_override":[{"single_post_thumbnail_size":"crop-500","single_post_gallery_size":"crop-500"}],"trending_post":"0","trending_post_position":"meta","trending_post_label":"Trending","sponsored_post":"0","sponsored_post_label":"Sponsored by","sponsored_post_name":"","sponsored_post_url":"","sponsored_post_logo_enable":"0","sponsored_post_logo":"","sponsored_post_desc":"","disable_ad":"0"},"jnews_primary_category":{"id":""},"jnews_social_meta":{"fb_title":"","fb_description":"","fb_image":"","twitter_title":"","twitter_description":"","twitter_image":""},"footnotes":""},"categories":[40],"tags":[],"class_list":["post-373105","post","type-post","status-publish","format-standard","has-post-thumbnail","hentry","category-industria"],"_links":{"self":[{"href":"https:\/\/dimensionturistica.com\/es\/wp-json\/wp\/v2\/posts\/373105","targetHints":{"allow":["GET"]}}],"collection":[{"href":"https:\/\/dimensionturistica.com\/es\/wp-json\/wp\/v2\/posts"}],"about":[{"href":"https:\/\/dimensionturistica.com\/es\/wp-json\/wp\/v2\/types\/post"}],"author":[{"embeddable":true,"href":"https:\/\/dimensionturistica.com\/es\/wp-json\/wp\/v2\/users\/1"}],"replies":[{"embeddable":true,"href":"https:\/\/dimensionturistica.com\/es\/wp-json\/wp\/v2\/comments?post=373105"}],"version-history":[{"count":0,"href":"https:\/\/dimensionturistica.com\/es\/wp-json\/wp\/v2\/posts\/373105\/revisions"}],"wp:featuredmedia":[{"embeddable":true,"href":"https:\/\/dimensionturistica.com\/es\/wp-json\/wp\/v2\/media\/373108"}],"wp:attachment":[{"href":"https:\/\/dimensionturistica.com\/es\/wp-json\/wp\/v2\/media?parent=373105"}],"wp:term":[{"taxonomy":"category","embeddable":true,"href":"https:\/\/dimensionturistica.com\/es\/wp-json\/wp\/v2\/categories?post=373105"},{"taxonomy":"post_tag","embeddable":true,"href":"https:\/\/dimensionturistica.com\/es\/wp-json\/wp\/v2\/tags?post=373105"}],"curies":[{"name":"wp","href":"https:\/\/api.w.org\/{rel}","templated":true}]}}