{"id":373073,"date":"2022-08-20T21:41:32","date_gmt":"2022-08-20T21:41:32","guid":{"rendered":"https:\/\/dimensionturistica.com\/es\/?p=373073"},"modified":"2022-08-20T21:41:32","modified_gmt":"2022-08-20T21:41:32","slug":"sectur-guanajuato-hace-llamado-a-alcaldes-a-trabajar-por-el-camino-real-tierra-adentro","status":"publish","type":"post","link":"https:\/\/dimensionturistica.com\/es\/sectur-guanajuato-hace-llamado-a-alcaldes-a-trabajar-por-el-camino-real-tierra-adentro\/","title":{"rendered":"SECTUR Guanajuato hace llamado a alcaldes a trabajar por el Camino Real Tierra Adentro"},"content":{"rendered":"<p><img decoding=\"async\" class=\"size-medium wp-image-373078 alignright\" src=\"https:\/\/dimensionturistica.com\/es\/wp-content\/uploads\/2022\/08\/IMG_0218-300x200.jpg\" alt=\"\" width=\"300\" height=\"200\" srcset=\"https:\/\/dimensionturistica.com\/es\/wp-content\/uploads\/2022\/08\/IMG_0218-300x200.jpg 300w, https:\/\/dimensionturistica.com\/es\/wp-content\/uploads\/2022\/08\/IMG_0218.jpg 450w\" sizes=\"(max-width: 300px) 100vw, 300px\" \/>La Secretar\u00eda de Turismo de Guanajuato identific\u00f3 en San Felipe, Ocampo, Dolores Hidalgo CIN, San Luis de la Paz, Comonfort, Guanajuato capital y San Miguel de Allende, haciendas ganaderas, puentes, empedrado y presas del siglo XVI y XIX que podr\u00e1n ser incorporadas a productos tur\u00edsticos.<br \/>\nDolores Hidalgo CIN, Guanajuato, a 20 de agosto del 2022. El secretario de Turismo, Juan Jos\u00e9 \u00c1lvarez Brunel, se reuni\u00f3 con los alcaldes de Guanajuato capital, San Felipe, Dolores Hidalgo CIN, San Luis de la Paz y Comonfort, para conservar, difundir y mantener en un v\u00ednculo con el turismo el \u201cCamino Real Tierra Adentro\u201d (CRTA), Patrimonio Cultural de la Humanidad.<br \/>\nEn dicha reuni\u00f3n, que se llev\u00f3 a cabo el pasado mi\u00e9rcoles en Guanajuato capital y, el jueves en Dolores Hidalgo<img decoding=\"async\" class=\"size-medium wp-image-373079 alignleft\" src=\"https:\/\/dimensionturistica.com\/es\/wp-content\/uploads\/2022\/08\/IMG_0158-300x200.jpg\" alt=\"\" width=\"300\" height=\"200\" srcset=\"https:\/\/dimensionturistica.com\/es\/wp-content\/uploads\/2022\/08\/IMG_0158-300x200.jpg 300w, https:\/\/dimensionturistica.com\/es\/wp-content\/uploads\/2022\/08\/IMG_0158.jpg 450w\" sizes=\"(max-width: 300px) 100vw, 300px\" \/> CIN, el secretario de Turismo, en presencia de Olga Hern\u00e1ndez Flores, directora del INAH Guanajuato, hizo un llamado a los alcaldes presentes: Alejandro Navarro Salda\u00f1a, Eduardo Maldonado Garc\u00eda, Adri\u00e1n Hern\u00e1ndez Alejandri, Luis Gerardo S\u00e1nchez S\u00e1nchez, y Claudio Santoyo Cabello, respectivamente, a preservar el patrimonio y hacer una Unidad de Gesti\u00f3n Estatal.<br \/>\nEste camino -utilizado entre los siglos XVI y XIX-, que involucra a 7 municipios del Estado de Guanajuato, comprende un total de 2 mil 600 kil\u00f3metros desde la Ciudad de M\u00e9xico hasta Santa Fe y fue usado, en su momento, para el comercio, las tradiciones, explotaci\u00f3n, pero tambi\u00e9n para la integraci\u00f3n de la sociedad misma.<br \/>\nEl itinerario cultural del reconocido tambi\u00e9n con el t\u00edtulo de \u201cCamino de la Plata\u201d fue inscrito en la lista de<img decoding=\"async\" class=\"size-medium wp-image-373080 alignright\" src=\"https:\/\/dimensionturistica.com\/es\/wp-content\/uploads\/2022\/08\/IMG_0134-300x200.jpg\" alt=\"\" width=\"300\" height=\"200\" srcset=\"https:\/\/dimensionturistica.com\/es\/wp-content\/uploads\/2022\/08\/IMG_0134-300x200.jpg 300w, https:\/\/dimensionturistica.com\/es\/wp-content\/uploads\/2022\/08\/IMG_0134.jpg 450w\" sizes=\"(max-width: 300px) 100vw, 300px\" \/> Patrimonio Mundial de la UNESCO -en el a\u00f1o 2010-, comprendiendo en mil 400 kil\u00f3metros (del total de su dimensi\u00f3n) 60 sitios con declaratoria, de los cuales, 6 de ellos est\u00e1n en Guanajuato, es decir, el 10%.<br \/>\n\u201cDesde el a\u00f1o pasado nos dimos a la tarea de georreferenciar este camino de grandes conquistas y rebeliones por la defensa de sus tierras, donde destacan la Guerra Chichimeca y la Conquista Espa\u00f1ola, as\u00ed como la creaci\u00f3n de las primeras alcald\u00edas en el territorio\u201d, apunt\u00f3 a los alcaldes, el secretario de Turismo.<br \/>\nEn este trabajo de rectificaci\u00f3n, la Secretar\u00eda identific\u00f3 que, en San Felipe, Ocampo, Dolores Hidalgo CIN, San Luis de la Paz, Comonfort, Guanajuato capital y San Miguel de Allende, existen haciendas ganaderas, puentes, empedrado y presas, acervo muy importante que brinda la posibilidad de tener una narrativa del Camino Real.<br \/>\n\u201cLa declaratoria de CRTA tiene una responsabilidad para el estado y los municipios, en cuanto a declarar este<img decoding=\"async\" class=\"size-medium wp-image-373081 alignleft\" src=\"https:\/\/dimensionturistica.com\/es\/wp-content\/uploads\/2022\/08\/388efa35-04e7-49b2-9081-2e398289c8e8-300x199.jpg\" alt=\"\" width=\"300\" height=\"199\" srcset=\"https:\/\/dimensionturistica.com\/es\/wp-content\/uploads\/2022\/08\/388efa35-04e7-49b2-9081-2e398289c8e8-300x199.jpg 300w, https:\/\/dimensionturistica.com\/es\/wp-content\/uploads\/2022\/08\/388efa35-04e7-49b2-9081-2e398289c8e8.jpg 450w\" sizes=\"(max-width: 300px) 100vw, 300px\" \/> tramo que le corresponde a cada uno de ustedes dentro de sus cabildos para la conservaci\u00f3n y preservaci\u00f3n del patrimonio y, en ese sentido, tambi\u00e9n estamos obligados a tener una Unidad de Gesti\u00f3n Estatal en la que participemos el INAH, municipios involucrados, iniciativa privado y gobierno del estado\u201d, enfatiz\u00f3 el secretario de Turismo<br \/>\nCon ello, dijo, Guanajuato ser\u00eda el primer Estado de la Rep\u00fablica Mexicana, de todas las entidades involucradas en el<img decoding=\"async\" class=\"size-medium wp-image-373082 alignright\" src=\"https:\/\/dimensionturistica.com\/es\/wp-content\/uploads\/2022\/08\/6207ca8c-b20d-41cf-8f61-77123ce79f80-300x199.jpg\" alt=\"\" width=\"300\" height=\"199\" srcset=\"https:\/\/dimensionturistica.com\/es\/wp-content\/uploads\/2022\/08\/6207ca8c-b20d-41cf-8f61-77123ce79f80-300x199.jpg 300w, https:\/\/dimensionturistica.com\/es\/wp-content\/uploads\/2022\/08\/6207ca8c-b20d-41cf-8f61-77123ce79f80.jpg 450w\" sizes=\"(max-width: 300px) 100vw, 300px\" \/> este CRTA, en conformar una Unidad de Gesti\u00f3n Estatal.<br \/>\n\u201cEn la entidad tenemos obras muy relevantes que podemos incorporarlas a productos tur\u00edsticos que nos vincular\u00e1 con los operadores tur\u00edsticos de la cadena de valor y brindar a los turistas experiencias completas basados en la l\u00ednea estrat\u00e9gica del desarrollo sostenible de los destinos\u201d, expuso Juan Jos\u00e9 \u00c1lvarez Brunel.<br \/>\nLos alcaldes reconocieron y felicitaron este trabajo de la Secretar\u00eda de Turismo, estuvieron de acuerdo con esta propuesta, y mostraron la mejor disposici\u00f3n de trabajar en conjunto y a la brevedad en este nuevo proyecto.<br \/>\nLa Secretar\u00eda de Turismo se reunir\u00e1 pr\u00f3ximamente con los alcaldes para definir proyectos.<\/p>\n","protected":false},"excerpt":{"rendered":"<p>La Secretar\u00eda de Turismo de Guanajuato identific\u00f3 en San Felipe, Ocampo, Dolores Hidalgo CIN, San Luis de la Paz, Comonfort, Guanajuato capital y San Miguel de Allende, haciendas ganaderas, puentes, empedrado y presas del siglo XVI y XIX que podr\u00e1n ser incorporadas a productos tur\u00edsticos. Dolores Hidalgo CIN, Guanajuato, a 20 de agosto del 2022. [&hellip;]<\/p>\n","protected":false},"author":1,"featured_media":373077,"comment_status":"open","ping_status":"closed","sticky":false,"template":"","format":"standard","meta":{"om_disable_all_campaigns":false,"jnews-multi-image_gallery":[],"jnews_single_post":{"source_name":"","source_url":"","via_name":"","via_url":"","override_template":"0","override":[{"template":"1","single_blog_custom":"","parallax":"1","fullscreen":"1","layout":"right-sidebar","sidebar":"default-sidebar","second_sidebar":"default-sidebar","sticky_sidebar":"1","share_position":"top","share_float_style":"share-monocrhome","show_share_counter":"1","show_view_counter":"1","show_featured":"1","show_post_meta":"1","show_post_author":"1","show_post_author_image":"1","show_post_date":"1","post_date_format":"default","post_date_format_custom":"Y\/m\/d","show_post_category":"1","show_post_reading_time":"0","post_reading_time_wpm":"300","show_zoom_button":"0","zoom_button_out_step":"2","zoom_button_in_step":"3","show_post_tag":"1","show_prev_next_post":"1","show_popup_post":"1","number_popup_post":"1","show_author_box":"0","show_post_related":"0","show_inline_post_related":"0"}],"override_image_size":"0","image_override":[{"single_post_thumbnail_size":"crop-500","single_post_gallery_size":"crop-500"}],"trending_post":"0","trending_post_position":"meta","trending_post_label":"Trending","sponsored_post":"0","sponsored_post_label":"Sponsored by","sponsored_post_name":"","sponsored_post_url":"","sponsored_post_logo_enable":"0","sponsored_post_logo":"","sponsored_post_desc":"","disable_ad":"0"},"jnews_primary_category":{"id":""},"jnews_social_meta":{"fb_title":"","fb_description":"","fb_image":"","twitter_title":"","twitter_description":"","twitter_image":""},"footnotes":""},"categories":[40],"tags":[],"class_list":["post-373073","post","type-post","status-publish","format-standard","has-post-thumbnail","hentry","category-industria"],"_links":{"self":[{"href":"https:\/\/dimensionturistica.com\/es\/wp-json\/wp\/v2\/posts\/373073","targetHints":{"allow":["GET"]}}],"collection":[{"href":"https:\/\/dimensionturistica.com\/es\/wp-json\/wp\/v2\/posts"}],"about":[{"href":"https:\/\/dimensionturistica.com\/es\/wp-json\/wp\/v2\/types\/post"}],"author":[{"embeddable":true,"href":"https:\/\/dimensionturistica.com\/es\/wp-json\/wp\/v2\/users\/1"}],"replies":[{"embeddable":true,"href":"https:\/\/dimensionturistica.com\/es\/wp-json\/wp\/v2\/comments?post=373073"}],"version-history":[{"count":0,"href":"https:\/\/dimensionturistica.com\/es\/wp-json\/wp\/v2\/posts\/373073\/revisions"}],"wp:featuredmedia":[{"embeddable":true,"href":"https:\/\/dimensionturistica.com\/es\/wp-json\/wp\/v2\/media\/373077"}],"wp:attachment":[{"href":"https:\/\/dimensionturistica.com\/es\/wp-json\/wp\/v2\/media?parent=373073"}],"wp:term":[{"taxonomy":"category","embeddable":true,"href":"https:\/\/dimensionturistica.com\/es\/wp-json\/wp\/v2\/categories?post=373073"},{"taxonomy":"post_tag","embeddable":true,"href":"https:\/\/dimensionturistica.com\/es\/wp-json\/wp\/v2\/tags?post=373073"}],"curies":[{"name":"wp","href":"https:\/\/api.w.org\/{rel}","templated":true}]}}