{"id":373052,"date":"2022-08-20T21:23:28","date_gmt":"2022-08-20T21:23:28","guid":{"rendered":"https:\/\/dimensionturistica.com\/es\/?p=373052"},"modified":"2022-08-20T21:23:28","modified_gmt":"2022-08-20T21:23:28","slug":"miguel-torruco-encabeza-el-inicio-de-rutas-magicas-de-color-en-el-pueblo-magico-de-muzquiz-coahuila","status":"publish","type":"post","link":"https:\/\/dimensionturistica.com\/es\/miguel-torruco-encabeza-el-inicio-de-rutas-magicas-de-color-en-el-pueblo-magico-de-muzquiz-coahuila\/","title":{"rendered":"Miguel Torruco encabeza el inicio de Rutas M\u00e1gicas de Color en el Pueblo M\u00e1gico de M\u00fazquiz, Coahuila"},"content":{"rendered":"<p><img decoding=\"async\" class=\"size-medium wp-image-373056 alignright\" src=\"https:\/\/dimensionturistica.com\/es\/wp-content\/uploads\/2022\/08\/comunicado-174-2-300x225.jpg\" alt=\"\" width=\"300\" height=\"225\" srcset=\"https:\/\/dimensionturistica.com\/es\/wp-content\/uploads\/2022\/08\/comunicado-174-2-300x225.jpg 300w, https:\/\/dimensionturistica.com\/es\/wp-content\/uploads\/2022\/08\/comunicado-174-2.jpg 450w\" sizes=\"(max-width: 300px) 100vw, 300px\" \/>El secretario de Turismo del Gobierno de M\u00e9xico, Miguel Torruco Marqu\u00e9s, encabez\u00f3 el inicio del programa Rutas M\u00e1gicas de Color en el Pueblo M\u00e1gico de M\u00fazquiz, Coahuila, con el objetivo de rehabilitar la imagen urbana del destino, a trav\u00e9s de la pinta de fachadas y murales art\u00edsticos en viviendas y espacios p\u00fablicos.<br \/>\nEl titular de la Secretar\u00eda de Turismo (Sectur) se\u00f1al\u00f3 que M\u00fazquiz es el primer Pueblo M\u00e1gico de esta entidad en donde se lleva a cabo esta estrategia, y destac\u00f3 que acord\u00f3 con el gobernador de Coahuila, Miguel Riquelme Sol\u00eds, que se va a extender a los otros seis Pueblos M\u00e1gicos con que cuenta la entidad: Cuatro Ci\u00e9negas, Parras de la Fuente, Viesca, Arteaga, Candela y Guerrero.<br \/>\nAcompa\u00f1ado de la secretaria de Turismo y Desarrollo de Pueblos M\u00e1gicos de Coahuila, Azucena Ramos Ramos; y de la alcaldesa de M\u00fazquiz, Tania Flores Guerra, Torruco Marqu\u00e9s tambi\u00e9n entreg\u00f3 la ratificaci\u00f3n como Pueblo M\u00e1gico a M\u00fazquiz e indic\u00f3 que con las \u201cRutas M\u00e1gicas de Color&#8221; se pintan alrededor de 140 viviendas y espacios p\u00fablicos, que representan una superficie aproximada de 11 mil metros cuadrados.<br \/>\nAdem\u00e1s, se realizan 20 murales art\u00edsticos con una extensi\u00f3n aproximada de 600 metros cuadrados, que rescatan historias, tradiciones, cultura, gastronom\u00eda, flora y fauna.<br \/>\nTorruco Marqu\u00e9s enfatiz\u00f3 que luego de la gesti\u00f3n realizada por la alcaldesa Tania Flores Guerra, quien solicit\u00f3<img decoding=\"async\" class=\"size-medium wp-image-373057 alignright\" src=\"https:\/\/dimensionturistica.com\/es\/wp-content\/uploads\/2022\/08\/comunicado-174-3-300x225.jpg\" alt=\"\" width=\"300\" height=\"225\" srcset=\"https:\/\/dimensionturistica.com\/es\/wp-content\/uploads\/2022\/08\/comunicado-174-3-300x225.jpg 300w, https:\/\/dimensionturistica.com\/es\/wp-content\/uploads\/2022\/08\/comunicado-174-3.jpg 450w\" sizes=\"(max-width: 300px) 100vw, 300px\" \/> la integraci\u00f3n de M\u00fazquiz a este programa, se logr\u00f3 detonar en coordinaci\u00f3n con el Gobierno de Coahuila, la ampliaci\u00f3n a los otros seis Pueblos M\u00e1gicos.<br \/>\nSubray\u00f3 que para llevar a cabo el programa Rutas M\u00e1gicas de Color, se cuenta con la invaluable colaboraci\u00f3n de los integrantes de sus comunidades, y el generoso apoyo de organizaciones de amplia experiencia en el \u00e1mbito de rehabilitaci\u00f3n urbana y participaci\u00f3n ciudadana, como Comex y la asociaci\u00f3n civil Coraz\u00f3n Urbano, con quienes se estableci\u00f3 una alianza estrat\u00e9gica.<br \/>\nEl secretario de Turismo record\u00f3 que Rutas M\u00e1gicas de Color se puso en marcha en 2020, durante la pandemia<img decoding=\"async\" class=\"size-medium wp-image-373064 alignleft\" src=\"https:\/\/dimensionturistica.com\/es\/wp-content\/uploads\/2022\/08\/comunicado-174-5-300x225.jpg\" alt=\"\" width=\"300\" height=\"225\" srcset=\"https:\/\/dimensionturistica.com\/es\/wp-content\/uploads\/2022\/08\/comunicado-174-5-300x225.jpg 300w, https:\/\/dimensionturistica.com\/es\/wp-content\/uploads\/2022\/08\/comunicado-174-5.jpg 450w\" sizes=\"(max-width: 300px) 100vw, 300px\" \/> del Covid-19, en Tetela de Ocampo, Puebla. En 2021, se sumaron los Pueblos M\u00e1gicos de Huasca de Ocampo, en Hidalgo; Orizaba, en Veracruz; y Tlaxco, en Tlaxcala.<br \/>\nAgreg\u00f3 que este a\u00f1o se han adherido Ixtapan de la Sal, en el Estado de M\u00e9xico; San Andr\u00e9s Cholula, Puebla; Bacalar, Quintana Roo; y los nueve Pueblos M\u00e1gicos de Michoac\u00e1n: Angangueo, Cuitzeo, Jiquilpan, Paracho, P\u00e1tzcuaro, Santa Clara del Cobre, Tac\u00e1mbaro, Tlalpujahua y Tzintzuntzan.<br \/>\n\u201cSiempre es un placer visitar a nuestros queridos Pueblos M\u00e1gicos, como en esta ocasi\u00f3n, M\u00fazquiz, que en marzo del 2019 entrara al libro de r\u00e9cord Guinness por la \u2018Montura m\u00e1s grande del mundo\u2019, elaborada por las \u2018manos m\u00e1gicas\u2019 de nuestros artesanos\u201d.<br \/>\nSubray\u00f3 que los 132 Pueblos M\u00e1gicos iniciaron un proceso de transformaci\u00f3n para constituirse como centros<img decoding=\"async\" class=\"size-medium wp-image-373058 alignright\" src=\"https:\/\/dimensionturistica.com\/es\/wp-content\/uploads\/2022\/08\/comunicado-174-4-225x300.jpg\" alt=\"\" width=\"225\" height=\"300\" srcset=\"https:\/\/dimensionturistica.com\/es\/wp-content\/uploads\/2022\/08\/comunicado-174-4-225x300.jpg 225w, https:\/\/dimensionturistica.com\/es\/wp-content\/uploads\/2022\/08\/comunicado-174-4.jpg 450w\" sizes=\"(max-width: 225px) 100vw, 225px\" \/> tur\u00edsticos de primera calidad; que en 2019 signific\u00f3 un total de 258 millones 247 mil turistas nacionales, de los cuales 101.7 millones se hospedaron en hotel, as\u00ed como un consumo por hospedaje de 214 mil 880 millones de pesos, esto significa el 82% del consumo tur\u00edstico total.<br \/>\n\u201cNuestros 132 Pueblos M\u00e1gicos son pieza clave en el desarrollo del turismo carretero y en el crecimiento del turismo dom\u00e9stico, por lo que debemos difundir y promover su patrimonio natural y cultural, as\u00ed como sus productos tur\u00edsticos, en todas las latitudes del mundo\u201d, puntualiz\u00f3 Torruco Marqu\u00e9s.<br \/>\nPor su parte, la secretaria de Turismo y Desarrollo de Pueblos M\u00e1gicos de Coahuila, Azucena Ramos Ramos, agradeci\u00f3 el apoyo del titular de Sectur y del gobernador para que este proyecto sume al embellecimiento y conservaci\u00f3n de nuestro patrimonio, as\u00ed como a su crecimiento y desarrollo, y destac\u00f3 que en esta temporada vacacional, la entidad ha reportado una derrama de 925 millones de pesos.<br \/>\n\u201cCongratul\u00e9monos de este arranque de Rutas M\u00e1gicas de Color en Coahuila, hoy en M\u00fazquiz, y trabajemos para que este programa llegue a sumar progreso a la totalidad de los Pueblos M\u00e1gicos de nuestro estado\u201d, agreg\u00f3.<br \/>\nLas autoridades llevaron a cabo el tradicional primer brochazo con el que se da inicio a las Rutas M\u00e1gicas de Color en este Pueblo M\u00e1gico, y en esta ocasi\u00f3n, el primero en Coahuila.<br \/>\nDurante la gira de trabajo por M\u00fazquiz, Miguel Torruco Marqu\u00e9s sostuvo un encuentro con empresarios para consolidar la reactivaci\u00f3n tur\u00edstica a trav\u00e9s de la integraci\u00f3n de diferentes productos apoyado de herencia hist\u00f3rica, cultural y gastron\u00f3mica.<br \/>\nEl titular de Sectur reconoci\u00f3 el esfuerzo de la alcaldesa y su gran inter\u00e9s de potenciar a M\u00fazquiz como un verdadero destino tur\u00edstico. Subray\u00f3 que es una mujer que est\u00e1 gobernando dignamente, y apuesta por el turismo para detonar una mejor econom\u00eda en el municipio, mediante la realizaci\u00f3n de distintos eventos como la Feria Gastron\u00f3mica Regional y el pr\u00f3ximo a\u00f1o se realizar\u00e1 la primera edici\u00f3n del Festival Vaquero.<\/p>\n<p>&nbsp;<\/p>\n","protected":false},"excerpt":{"rendered":"<p>El secretario de Turismo del Gobierno de M\u00e9xico, Miguel Torruco Marqu\u00e9s, encabez\u00f3 el inicio del programa Rutas M\u00e1gicas de Color en el Pueblo M\u00e1gico de M\u00fazquiz, Coahuila, con el objetivo de rehabilitar la imagen urbana del destino, a trav\u00e9s de la pinta de fachadas y murales art\u00edsticos en viviendas y espacios p\u00fablicos. El titular de [&hellip;]<\/p>\n","protected":false},"author":1,"featured_media":373066,"comment_status":"open","ping_status":"closed","sticky":false,"template":"","format":"standard","meta":{"om_disable_all_campaigns":false,"jnews-multi-image_gallery":[],"jnews_single_post":{"source_name":"","source_url":"","via_name":"","via_url":"","override_template":"0","override":[{"template":"1","single_blog_custom":"","parallax":"1","fullscreen":"1","layout":"right-sidebar","sidebar":"default-sidebar","second_sidebar":"default-sidebar","sticky_sidebar":"1","share_position":"top","share_float_style":"share-monocrhome","show_share_counter":"1","show_view_counter":"1","show_featured":"1","show_post_meta":"1","show_post_author":"1","show_post_author_image":"1","show_post_date":"1","post_date_format":"default","post_date_format_custom":"Y\/m\/d","show_post_category":"1","show_post_reading_time":"0","post_reading_time_wpm":"300","show_zoom_button":"0","zoom_button_out_step":"2","zoom_button_in_step":"3","show_post_tag":"1","show_prev_next_post":"1","show_popup_post":"1","number_popup_post":"1","show_author_box":"0","show_post_related":"0","show_inline_post_related":"0"}],"override_image_size":"0","image_override":[{"single_post_thumbnail_size":"crop-500","single_post_gallery_size":"crop-500"}],"trending_post":"0","trending_post_position":"meta","trending_post_label":"Trending","sponsored_post":"0","sponsored_post_label":"Sponsored by","sponsored_post_name":"","sponsored_post_url":"","sponsored_post_logo_enable":"0","sponsored_post_logo":"","sponsored_post_desc":"","disable_ad":"0"},"jnews_primary_category":{"id":""},"jnews_social_meta":{"fb_title":"","fb_description":"","fb_image":"","twitter_title":"","twitter_description":"","twitter_image":""},"footnotes":""},"categories":[39],"tags":[],"class_list":["post-373052","post","type-post","status-publish","format-standard","has-post-thumbnail","hentry","category-viajes"],"_links":{"self":[{"href":"https:\/\/dimensionturistica.com\/es\/wp-json\/wp\/v2\/posts\/373052","targetHints":{"allow":["GET"]}}],"collection":[{"href":"https:\/\/dimensionturistica.com\/es\/wp-json\/wp\/v2\/posts"}],"about":[{"href":"https:\/\/dimensionturistica.com\/es\/wp-json\/wp\/v2\/types\/post"}],"author":[{"embeddable":true,"href":"https:\/\/dimensionturistica.com\/es\/wp-json\/wp\/v2\/users\/1"}],"replies":[{"embeddable":true,"href":"https:\/\/dimensionturistica.com\/es\/wp-json\/wp\/v2\/comments?post=373052"}],"version-history":[{"count":0,"href":"https:\/\/dimensionturistica.com\/es\/wp-json\/wp\/v2\/posts\/373052\/revisions"}],"wp:featuredmedia":[{"embeddable":true,"href":"https:\/\/dimensionturistica.com\/es\/wp-json\/wp\/v2\/media\/373066"}],"wp:attachment":[{"href":"https:\/\/dimensionturistica.com\/es\/wp-json\/wp\/v2\/media?parent=373052"}],"wp:term":[{"taxonomy":"category","embeddable":true,"href":"https:\/\/dimensionturistica.com\/es\/wp-json\/wp\/v2\/categories?post=373052"},{"taxonomy":"post_tag","embeddable":true,"href":"https:\/\/dimensionturistica.com\/es\/wp-json\/wp\/v2\/tags?post=373052"}],"curies":[{"name":"wp","href":"https:\/\/api.w.org\/{rel}","templated":true}]}}