{"id":372970,"date":"2022-08-20T16:37:50","date_gmt":"2022-08-20T16:37:50","guid":{"rendered":"https:\/\/dimensionturistica.com\/es\/?p=372970"},"modified":"2022-08-20T16:37:50","modified_gmt":"2022-08-20T16:37:50","slug":"sinaloa-se-prepara-para-recibir-estafeta-como-sede-de-fcca","status":"publish","type":"post","link":"https:\/\/dimensionturistica.com\/es\/sinaloa-se-prepara-para-recibir-estafeta-como-sede-de-fcca\/","title":{"rendered":"Sinaloa se prepara para recibir estafeta como sede de FCCA"},"content":{"rendered":"<p> <br \/>\n<\/p>\n<div>\n<p>Sinalo.- <strong>Sinaloa recibir\u00e1 los d\u00edas 11 y 12 de octubre en Rep\u00fablica Dominicana, la estafeta que lo acreditar\u00e1 como sede de la Conferencia Anual de la Asociaci\u00f3n \u00a0de Cruceros de Florida y el Caribe (FCCA<\/strong>, por sus siglas en ingl\u00e9s), que se celebrar\u00e1 en <a rel=\"nofollow noopener\" target=\"_blank\" href=\"https:\/\/www.debate.com.mx\/sinaloa\/seccion\/mazatlan\/\">Mazatl\u00e1n<\/a> en noviembre del 2023, inform\u00f3 la<strong> Secretaria de Turismo de Sinaloa<\/strong>, Rosario Torres Noriega.<\/p>\n<p>Para ello, dijo, junto a la Subsecretaria de Promoci\u00f3n Tur\u00edstica, Estrella Palacios Dom\u00ednguez, sostuvieron una reuni\u00f3n digital con Mario Aguirre y J\u00e9ssica Lalama, directivos de la agrupaci\u00f3n de navieros para dialogar sobre algunos preparativos para el mes octubre, cuando reciban la acreditaci\u00f3n correspondiente.<\/p>\n<p>Por lo pronto ya se tienen planes de \u201cmarketing\u201d y en el evento de <a rel=\"nofollow noopener\" target=\"_blank\" href=\"https:\/\/www.debate.com.mx\/america\/\">Rep\u00fablica Dominicana<\/a>, habr\u00e1 un espacio donde la marca \u201cMazatl\u00e1n, Sinaloa\u201d, comenzar\u00e1 a promoverse como sede de la conferencia anual de la <strong>FCCA <\/strong>en el 2023.<\/p>\n<p>Torres Noriega extern\u00f3 que tambi\u00e9n se habl\u00f3 de la aplicaci\u00f3n de algunos cambios en materia de sanidad, para que los cruceristas se sientan seguros al visitar <strong>Sinaloa<\/strong>, \u00a0\u201cy tambi\u00e9n nosotros como locales\u201d.<\/p>\n<p>\u00a0\u201cSeguiremos trabajando arduamente en la organizaci\u00f3n de este gran evento y participando con la promoci\u00f3n que requieran del estado de <strong>Sinaloa <\/strong>en Rep\u00fablica Dominicana, ya que traer la convenci\u00f3n de la <strong>FCCA<\/strong>, significa la confianza que se tiene en Mazatl\u00e1n como destino tur\u00edstico y en el estado\u201d, destac\u00f3.<\/p>\n<p><strong>Te recomendamos leer:<\/strong><\/p>\n<p>Se trata de la convenci\u00f3n de cruceros m\u00e1s grande del continente americano, asistir\u00e1n participantes claves del turismo de cruceros y altos ejecutivos de las l\u00edneas afiliadas, que operan en aguas de Florida, el Caribe y Am\u00e9rica Latina y la sede se logr\u00f3 ante el inter\u00e9s del Gobernador de Sinaloa, Rub\u00e9n Rocha Moya, para hacer del turismo un detonador de la econom\u00eda y el bienestar de los sinaloenses.<\/p>\n<div class=\"ck-video-player\">\n <amp-iframe width=\"640\" height=\"360\" sandbox=\"allow-scripts allow-same-origin allow-presentation\" allowfullscreen=\"\" frameborder=\"0\" layout=\"responsive\" src=\"https:\/\/iframe.debate.com.mx\/ajax\/get_share_video.html?id=\/videos\/video-flash\/2022\/08\/16\/agente_vial_hd.mp4\"><br \/>\n  <amp-img src=\"https:\/\/www.debate.com.mx\/img\/2022\/08\/16\/entrevista_con_anabelle_lunax_educadora_vial_de_la_sspytm_de_culiacxn_x1x.jpeg\" layout=\"fill\" placeholder=\"\"\/><br \/>\n <\/amp-iframe><figcaption>\n   Entrevista con Anabell Luna, educadora vial de Culiac\u00e1n<br \/>\n <\/figcaption><\/div>\n<\/div>\n\n<p><em> &#8221; Fuentes www.debate.com.mx &#8221; <\/em><\/p>\n","protected":false},"excerpt":{"rendered":"<p>Sinalo.- Sinaloa recibir\u00e1 los d\u00edas 11 y 12 de octubre en Rep\u00fablica Dominicana, la estafeta que lo acreditar\u00e1 como sede de la Conferencia Anual de la Asociaci\u00f3n \u00a0de Cruceros de Florida y el Caribe (FCCA, por sus siglas en ingl\u00e9s), que se celebrar\u00e1 en Mazatl\u00e1n en noviembre del 2023, inform\u00f3 la Secretaria de Turismo de [&hellip;]<\/p>\n","protected":false},"author":4,"featured_media":372971,"comment_status":"open","ping_status":"closed","sticky":false,"template":"","format":"standard","meta":{"om_disable_all_campaigns":false,"jnews-multi-image_gallery":[],"jnews_single_post":[],"jnews_primary_category":[],"jnews_social_meta":[],"footnotes":""},"categories":[41],"tags":[2481,544],"class_list":["post-372970","post","type-post","status-publish","format-standard","has-post-thumbnail","hentry","category-cruceros","tag-sinaloa","tag-turismo"],"_links":{"self":[{"href":"https:\/\/dimensionturistica.com\/es\/wp-json\/wp\/v2\/posts\/372970","targetHints":{"allow":["GET"]}}],"collection":[{"href":"https:\/\/dimensionturistica.com\/es\/wp-json\/wp\/v2\/posts"}],"about":[{"href":"https:\/\/dimensionturistica.com\/es\/wp-json\/wp\/v2\/types\/post"}],"author":[{"embeddable":true,"href":"https:\/\/dimensionturistica.com\/es\/wp-json\/wp\/v2\/users\/4"}],"replies":[{"embeddable":true,"href":"https:\/\/dimensionturistica.com\/es\/wp-json\/wp\/v2\/comments?post=372970"}],"version-history":[{"count":0,"href":"https:\/\/dimensionturistica.com\/es\/wp-json\/wp\/v2\/posts\/372970\/revisions"}],"wp:featuredmedia":[{"embeddable":true,"href":"https:\/\/dimensionturistica.com\/es\/wp-json\/wp\/v2\/media\/372971"}],"wp:attachment":[{"href":"https:\/\/dimensionturistica.com\/es\/wp-json\/wp\/v2\/media?parent=372970"}],"wp:term":[{"taxonomy":"category","embeddable":true,"href":"https:\/\/dimensionturistica.com\/es\/wp-json\/wp\/v2\/categories?post=372970"},{"taxonomy":"post_tag","embeddable":true,"href":"https:\/\/dimensionturistica.com\/es\/wp-json\/wp\/v2\/tags?post=372970"}],"curies":[{"name":"wp","href":"https:\/\/api.w.org\/{rel}","templated":true}]}}