{"id":372949,"date":"2022-08-20T15:55:59","date_gmt":"2022-08-20T15:55:59","guid":{"rendered":"https:\/\/dimensionturistica.com\/es\/?p=372949"},"modified":"2022-08-20T15:55:59","modified_gmt":"2022-08-20T15:55:59","slug":"titulares-de-asetur-aprueban-emision-de-convocatoria-para-renovacion-del-consejo-directivo","status":"publish","type":"post","link":"https:\/\/dimensionturistica.com\/es\/titulares-de-asetur-aprueban-emision-de-convocatoria-para-renovacion-del-consejo-directivo\/","title":{"rendered":"Titulares de ASETUR aprueban emisi\u00f3n de convocatoria para renovaci\u00f3n del Consejo Directivo"},"content":{"rendered":"<p><img decoding=\"async\" class=\"size-medium wp-image-372950 alignright\" src=\"https:\/\/dimensionturistica.com\/es\/wp-content\/uploads\/2022\/08\/ASETUR1-300x200.jpg\" alt=\"\" width=\"300\" height=\"200\" srcset=\"https:\/\/dimensionturistica.com\/es\/wp-content\/uploads\/2022\/08\/ASETUR1-300x200.jpg 300w, https:\/\/dimensionturistica.com\/es\/wp-content\/uploads\/2022\/08\/ASETUR1.jpg 450w\" sizes=\"(max-width: 300px) 100vw, 300px\" \/> Secretarias y secretarios de Turismo de las entidades federativas de M\u00e9xico celebraron la Cuadrag\u00e9sima S\u00e9ptima Sesi\u00f3n Ordinaria de la Asamblea General de la Uni\u00f3n de Secretarios de Turismo, A. C. (ASETUR), en la que se aprob\u00f3 la emisi\u00f3n de la convocatoria para la renovaci\u00f3n del Consejo Directivo<br \/>\nEn la sesi\u00f3n presidida por el presidente del Consejo Directivo y secretario de Turismo del Estado de Oaxaca, Juan Carlos Rivera Castellanos, se abordaron propuestas para el fortalecimiento de las acciones de los estados en favor del sector; y se dio seguimiento a los trabajos impulsados en ASETUR.<br \/>\nEn el desarrollo de la asamblea, conforme a los estatutos que rigen a la Asociaci\u00f3n, las y los titulares aprobaron<img decoding=\"async\" class=\"size-medium wp-image-372952 alignright\" src=\"https:\/\/dimensionturistica.com\/es\/wp-content\/uploads\/2022\/08\/ASETUR3-300x200.jpg\" alt=\"\" width=\"300\" height=\"200\" srcset=\"https:\/\/dimensionturistica.com\/es\/wp-content\/uploads\/2022\/08\/ASETUR3-300x200.jpg 300w, https:\/\/dimensionturistica.com\/es\/wp-content\/uploads\/2022\/08\/ASETUR3.jpg 450w\" sizes=\"(max-width: 300px) 100vw, 300px\" \/> la emisi\u00f3n de la convocatoria para la integraci\u00f3n del Consejo Directivo 2022 &#8211; 2023.<br \/>\nRivera Castellanos dio a conocer que en la pr\u00f3xima Asamblea a realizarse en el marco del Tianguis de Pueblos M\u00e1gicos 2022 a celebrarse en la Ciudad de Oaxaca, se realizar\u00e1 la renovaci\u00f3n del Consejo Directivo.<br \/>\nEn este contexto, el presidente de ASETUR expres\u00f3 su confianza en un proceso de renovaci\u00f3n basado en las buenas pr\u00e1cticas y regido por el consenso, para continuar distinguiendo a la asociaci\u00f3n por el di\u00e1logo y la construcci\u00f3n en beneficio del turismo.<br \/>\nAs\u00ed tambi\u00e9n, las y los secretarios de Turismo de los 32 estados trataron acuerdos para la realizaci\u00f3n del Tianguis de Pueblos M\u00e1gicos 2022 que se celebrar\u00e1 en la Ciudad de Oaxaca del 10 al 14 de octubre, donde las 132<img decoding=\"async\" class=\"size-medium wp-image-372951 alignright\" src=\"https:\/\/dimensionturistica.com\/es\/wp-content\/uploads\/2022\/08\/ASETUR2-300x200.jpg\" alt=\"\" width=\"300\" height=\"200\" srcset=\"https:\/\/dimensionturistica.com\/es\/wp-content\/uploads\/2022\/08\/ASETUR2-300x200.jpg 300w, https:\/\/dimensionturistica.com\/es\/wp-content\/uploads\/2022\/08\/ASETUR2.jpg 450w\" sizes=\"(max-width: 300px) 100vw, 300px\" \/> comunidades con esta denominaci\u00f3n compartir\u00e1n su riqueza en esta plataforma de intercambio comercial.<br \/>\nEntre otros asuntos, la Asamblea General atendi\u00f3 a la propuesta de la Sociedad Alemana para la Cooperaci\u00f3n Internacional (GIZ por su siglas en alem\u00e1n), agencia especializada en la cooperaci\u00f3n t\u00e9cnia para el desarrollo sostenible en todo el mundo; y firm\u00f3 una Carta de Intenci\u00f3n con el Corporativo IZZI WiFi, para llevar a cabo el \u00abProyecto IZZI-WiFi &#8211; Asetur para el Sector Tur\u00edstico\u00bb con la intenci\u00f3n de proveer de internet gratuito a prestadores de servicios tur\u00edsticos<\/p>\n","protected":false},"excerpt":{"rendered":"<p>Secretarias y secretarios de Turismo de las entidades federativas de M\u00e9xico celebraron la Cuadrag\u00e9sima S\u00e9ptima Sesi\u00f3n Ordinaria de la Asamblea General de la Uni\u00f3n de Secretarios de Turismo, A. C. (ASETUR), en la que se aprob\u00f3 la emisi\u00f3n de la convocatoria para la renovaci\u00f3n del Consejo Directivo En la sesi\u00f3n presidida por el presidente del [&hellip;]<\/p>\n","protected":false},"author":1,"featured_media":372956,"comment_status":"open","ping_status":"closed","sticky":false,"template":"","format":"standard","meta":{"om_disable_all_campaigns":false,"jnews-multi-image_gallery":[],"jnews_single_post":{"source_name":"","source_url":"","via_name":"","via_url":"","override_template":"0","override":[{"template":"1","single_blog_custom":"","parallax":"1","fullscreen":"1","layout":"right-sidebar","sidebar":"default-sidebar","second_sidebar":"default-sidebar","sticky_sidebar":"1","share_position":"top","share_float_style":"share-monocrhome","show_share_counter":"1","show_view_counter":"1","show_featured":"1","show_post_meta":"1","show_post_author":"1","show_post_author_image":"1","show_post_date":"1","post_date_format":"default","post_date_format_custom":"Y\/m\/d","show_post_category":"1","show_post_reading_time":"0","post_reading_time_wpm":"300","show_zoom_button":"0","zoom_button_out_step":"2","zoom_button_in_step":"3","show_post_tag":"1","show_prev_next_post":"1","show_popup_post":"1","number_popup_post":"1","show_author_box":"0","show_post_related":"0","show_inline_post_related":"0"}],"override_image_size":"0","image_override":[{"single_post_thumbnail_size":"crop-500","single_post_gallery_size":"crop-500"}],"trending_post":"0","trending_post_position":"meta","trending_post_label":"Trending","sponsored_post":"0","sponsored_post_label":"Sponsored by","sponsored_post_name":"","sponsored_post_url":"","sponsored_post_logo_enable":"0","sponsored_post_logo":"","sponsored_post_desc":"","disable_ad":"0"},"jnews_primary_category":{"id":""},"jnews_social_meta":{"fb_title":"","fb_description":"","fb_image":"","twitter_title":"","twitter_description":"","twitter_image":""},"footnotes":""},"categories":[39],"tags":[],"class_list":["post-372949","post","type-post","status-publish","format-standard","has-post-thumbnail","hentry","category-viajes"],"_links":{"self":[{"href":"https:\/\/dimensionturistica.com\/es\/wp-json\/wp\/v2\/posts\/372949","targetHints":{"allow":["GET"]}}],"collection":[{"href":"https:\/\/dimensionturistica.com\/es\/wp-json\/wp\/v2\/posts"}],"about":[{"href":"https:\/\/dimensionturistica.com\/es\/wp-json\/wp\/v2\/types\/post"}],"author":[{"embeddable":true,"href":"https:\/\/dimensionturistica.com\/es\/wp-json\/wp\/v2\/users\/1"}],"replies":[{"embeddable":true,"href":"https:\/\/dimensionturistica.com\/es\/wp-json\/wp\/v2\/comments?post=372949"}],"version-history":[{"count":0,"href":"https:\/\/dimensionturistica.com\/es\/wp-json\/wp\/v2\/posts\/372949\/revisions"}],"wp:featuredmedia":[{"embeddable":true,"href":"https:\/\/dimensionturistica.com\/es\/wp-json\/wp\/v2\/media\/372956"}],"wp:attachment":[{"href":"https:\/\/dimensionturistica.com\/es\/wp-json\/wp\/v2\/media?parent=372949"}],"wp:term":[{"taxonomy":"category","embeddable":true,"href":"https:\/\/dimensionturistica.com\/es\/wp-json\/wp\/v2\/categories?post=372949"},{"taxonomy":"post_tag","embeddable":true,"href":"https:\/\/dimensionturistica.com\/es\/wp-json\/wp\/v2\/tags?post=372949"}],"curies":[{"name":"wp","href":"https:\/\/api.w.org\/{rel}","templated":true}]}}